{"id":126848,"date":"2025-12-27T06:55:15","date_gmt":"2025-12-27T06:55:15","guid":{"rendered":"https:\/\/www.europesays.com\/fi\/126848\/"},"modified":"2025-12-27T06:55:15","modified_gmt":"2025-12-27T06:55:15","slug":"leena-uotila-palaa-inkerin-rooliin-uudessa-terasleidit-elokuvassa-2","status":"publish","type":"post","link":"https:\/\/www.europesays.com\/fi\/126848\/","title":{"rendered":"Leena Uotila palaa Inkerin rooliin uudessa Ter\u00e4sleidit-elokuvassa"},"content":{"rendered":"<p>Leena Uotila ajatteli uuden Ter\u00e4sleidit -elokuvan kuvauksissa tuttavaansa, joka p\u00e4\u00e4tti itse omasta kuolemastaan.<\/p>\n<p>25.12. 12:30<\/p>\n<p class=\"article-body mb-nof-24 px-nof-16\">Pitk\u00e4n uran tehnyt n\u00e4yttelij\u00e4 <a class=\"article-personlink\" href=\"https:\/\/www.satakunnankansa.fi\/haku\/?query=Leena%20Uotila\" rel=\"nofollow noopener\" target=\"_blank\">Leena Uotila<\/a>, 78, palaa Inkerin rooliin uudessa Ter\u00e4sleidit \u2013 kuin viimeist\u00e4 p\u00e4iv\u00e4\u00e4 -elokuvassa.<\/p>\n<p class=\"article-body mb-nof-24 px-nof-16\"><a class=\"article-personlink\" href=\"https:\/\/www.satakunnankansa.fi\/haku\/?query=Pamela%20Tolan\" rel=\"nofollow noopener\" target=\"_blank\">Pamela Tolan<\/a> ohjaaman elokuvan ensimm\u00e4inen osa ilmestyi kuusi vuotta sitten. Seitsem\u00e4nkymppisten sisarusten kommelluksista kertova komedia oli yleis\u00f6menestys ja 247\u202f000 katsojalla vuoden 2020 katsotuin ensi-iltaelokuva Suomessa.<\/p>\n","protected":false},"excerpt":{"rendered":"Leena Uotila ajatteli uuden Ter\u00e4sleidit -elokuvan kuvauksissa tuttavaansa, joka p\u00e4\u00e4tti itse omasta kuolemastaan. 25.12. 12:30 Pitk\u00e4n uran tehnyt&hellip;\n","protected":false},"author":2,"featured_media":126849,"comment_status":"","ping_status":"","sticky":false,"template":"","format":"standard","meta":{"footnotes":""},"categories":[136],"tags":[407,137,33,31,30,408,80,32,109],"class_list":{"0":"post-126848","1":"post","2":"type-post","3":"status-publish","4":"format-standard","5":"has-post-thumbnail","7":"category-julkkikset","8":"tag-celebrities","9":"tag-entertainment","10":"tag-fi","11":"tag-finland","12":"tag-finnish","13":"tag-julkkikset","14":"tag-satakunnan-kansa","15":"tag-suomi","16":"tag-viihde"},"share_on_mastodon":{"url":"https:\/\/pubeurope.com\/@fi\/115790225398508240","error":""},"_links":{"self":[{"href":"https:\/\/www.europesays.com\/fi\/wp-json\/wp\/v2\/posts\/126848","targetHints":{"allow":["GET"]}}],"collection":[{"href":"https:\/\/www.europesays.com\/fi\/wp-json\/wp\/v2\/posts"}],"about":[{"href":"https:\/\/www.europesays.com\/fi\/wp-json\/wp\/v2\/types\/post"}],"author":[{"embeddable":true,"href":"https:\/\/www.europesays.com\/fi\/wp-json\/wp\/v2\/users\/2"}],"replies":[{"embeddable":true,"href":"https:\/\/www.europesays.com\/fi\/wp-json\/wp\/v2\/comments?post=126848"}],"version-history":[{"count":0,"href":"https:\/\/www.europesays.com\/fi\/wp-json\/wp\/v2\/posts\/126848\/revisions"}],"wp:featuredmedia":[{"embeddable":true,"href":"https:\/\/www.europesays.com\/fi\/wp-json\/wp\/v2\/media\/126849"}],"wp:attachment":[{"href":"https:\/\/www.europesays.com\/fi\/wp-json\/wp\/v2\/media?parent=126848"}],"wp:term":[{"taxonomy":"category","embeddable":true,"href":"https:\/\/www.europesays.com\/fi\/wp-json\/wp\/v2\/categories?post=126848"},{"taxonomy":"post_tag","embeddable":true,"href":"https:\/\/www.europesays.com\/fi\/wp-json\/wp\/v2\/tags?post=126848"}],"curies":[{"name":"wp","href":"https:\/\/api.w.org\/{rel}","templated":true}]}}