{"id":126862,"date":"2025-12-27T07:08:12","date_gmt":"2025-12-27T07:08:12","guid":{"rendered":"https:\/\/www.europesays.com\/fi\/126862\/"},"modified":"2025-12-27T07:08:12","modified_gmt":"2025-12-27T07:08:12","slug":"miljoona-asunnot-jaivat-kasiin-kalasatamassa-nyt-rakennetaan-puolet-halvempia-paikalliset","status":"publish","type":"post","link":"https:\/\/www.europesays.com\/fi\/126862\/","title":{"rendered":"Miljoona-asunnot j\u00e4iv\u00e4t k\u00e4siin Kalasatamassa \u2013 nyt rakennetaan puolet halvempia | Paikalliset"},"content":{"rendered":"<p>Kalasataman Nihtiin on alettu rakentaa uutta hitas-asuinkerrostaloa.<\/p>\n<p>Kyseess\u00e4 on kuusikerroksinen asuintalo, jossa on asuntoja yksi\u00f6ist\u00e4 viisi\u00f6\u00f6n.<\/p>\n<p>Kohteen 41 asunnosta 36 on joko varattu tai myyty.<\/p>\n<p>Hitas-arvonta suoritettiin hein\u00e4kuussa ja rakennusty\u00f6t aloitettiin jo marraskuussa, mik\u00e4 kertoo kohteen poikkeuksellisesta vetovoimasta, kertoo Rakentamisen palveluyhti\u00f6 Fira tiedotteessaan.<\/p>\n<p>Fira toimii kohteen p\u00e4\u00e4urakoitsijana.<\/p>\n<p>Rakennuksen on m\u00e4\u00e4r\u00e4 olla valmis alkuvuodesta 2027.<\/p>\n<p>\t\t\t\t\t<img class=\"diks-card__image\" src=\"https:\/\/www.europesays.com\/fi\/wp-content\/uploads\/2025\/12\/10938270.jpg\"   loading=\"lazy\" decoding=\"sync\" alt=\"\"\/><\/p>\n<p>\t\t\t\t\t<img class=\"diks-card__image\" src=\"https:\/\/www.europesays.com\/fi\/wp-content\/uploads\/2025\/12\/10558628.jpg\"   loading=\"lazy\" decoding=\"sync\" alt=\"\"\/><\/p>\n<p><strong class=\"diks-storyline__impact\">31 neli\u00f6n<\/strong> yksi\u00f6n velaton hinta on noin 180 000 euroa, suurimman, 119 neli\u00f6n asunnon, velaton myyntihinta on noin 590 000 euroa.<\/p>\n<p><strong class=\"diks-storyline__impact\">Helsingin Uutiset<\/strong> kertoi elokuussa <a href=\"https:\/\/www.helsinginuutiset.fi\/paikalliset\/8778538\" rel=\"nofollow noopener\" target=\"_blank\">Nihtiin rakennetuista, YIT:n rakennuttamista omistusasunnoista, joita oli myyty heikosti.<\/a><\/p>\n<p>Kovan rahan asunnoissa yksi\u00f6iden hinnat ovat yli 300 000 euroa. Isommat asunnot ovat miljoonan tuntumassa.<\/p>\n<p>Esimerkiksi Nihdin Tornista on YIT:n verkkosivujen mukaan myym\u00e4tt\u00e4 viel\u00e4 suurin osa asunnoista.<\/p>\n<p>\t\t<a class=\"diks-gallery__link\" href=\"https:\/\/i.media.fi\/incoming\/3xc9vd\/11214034.jpg\/alternates\/FREE_1440\/11214034.jpg\" data-thumbnail=\"\" data-sub-html=\"Uuden kerrostalon sijainti havainnekuvassa. Rakentamisen palveluyhti\u00f6 Fira\" aria-label=\"Katso isompi kuva\" rel=\"nofollow noopener\" target=\"_blank\"><br \/>\n\t\t\t\t<img class=\"diks-figure__image\" src=\"https:\/\/www.europesays.com\/fi\/wp-content\/uploads\/2025\/12\/11214034.jpg\" loading=\"lazy\" decoding=\"sync\" alt=\"\"\/><\/p>\n<p>\t\t\t<\/a><br \/>\n\t\t\t\t\tUuden kerrostalon sijainti havainnekuvassa. Rakentamisen palveluyhti\u00f6 Fira<\/p>\n<p><strong class=\"diks-storyline__impact\">Hitas-asunnot<\/strong> on kaupungin tonteille rakennettuja hintas\u00e4\u00e4nneltyj\u00e4 asuntoja.<\/p>\n<p>Helsingin kaupunki on p\u00e4\u00e4tt\u00e4nyt luopua hitas-j\u00e4rjestelm\u00e4st\u00e4.<\/p>\n<p><strong class=\"diks-storyline__impact\">Joillakin <\/strong>alueilla kaupungilla on ollut ongelmia saada hitas-asuntoja kaupaksi.<\/p>\n<p><a href=\"https:\/\/www.helsinginuutiset.fi\/paikalliset\/8982334\" rel=\"nofollow noopener\" target=\"_blank\">Esimerkiksi Tapanilassa Falkullan kiilan alueen puolihitas-asunnoista vain yksi on myyty.<\/a><\/p>\n<p>\t\t\t\t\t<img class=\"diks-card__image\" src=\"https:\/\/www.europesays.com\/fi\/wp-content\/uploads\/2025\/12\/10804228.jpg\"   loading=\"lazy\" decoding=\"sync\" alt=\"\"\/><\/p>\n<p>\t\t\t\t\t<img class=\"diks-card__image\" src=\"https:\/\/www.europesays.com\/fi\/wp-content\/uploads\/2025\/12\/11032971.jpg\"   loading=\"lazy\" decoding=\"sync\" alt=\"\"\/><\/p>\n","protected":false},"excerpt":{"rendered":"Kalasataman Nihtiin on alettu rakentaa uutta hitas-asuinkerrostaloa. Kyseess\u00e4 on kuusikerroksinen asuintalo, jossa on asuntoja yksi\u00f6ist\u00e4 viisi\u00f6\u00f6n. Kohteen 41&hellip;\n","protected":false},"author":2,"featured_media":126863,"comment_status":"","ping_status":"","sticky":false,"template":"","format":"standard","meta":{"footnotes":""},"categories":[12],"tags":[36,542,22,23,26,27,33,31,30,17,104,545,3081,543,24,25,28,29,15,18,21,402,32,19,20,16],"class_list":{"0":"post-126862","1":"post","2":"type-post","3":"status-publish","4":"format-standard","5":"has-post-thumbnail","7":"category-suomi","8":"tag-asuintalot-ja-asunnot","9":"tag-asuminen","10":"tag-breaking-news","11":"tag-breakingnews","12":"tag-featured-news","13":"tag-featurednews","14":"tag-fi","15":"tag-finland","16":"tag-finnish","17":"tag-headlines","18":"tag-helsinki","19":"tag-huoneistot","20":"tag-kiinteistot","21":"tag-koti-ja-asuminen","22":"tag-latest-news","23":"tag-latestnews","24":"tag-main-news","25":"tag-mainnews","26":"tag-news","27":"tag-otsikot","28":"tag-paauutiset","29":"tag-rakentaminen-kiinteistot","30":"tag-suomi","31":"tag-top-stories","32":"tag-topstories","33":"tag-uutiset"},"share_on_mastodon":{"url":"https:\/\/pubeurope.com\/@fi\/115790276739159143","error":""},"_links":{"self":[{"href":"https:\/\/www.europesays.com\/fi\/wp-json\/wp\/v2\/posts\/126862","targetHints":{"allow":["GET"]}}],"collection":[{"href":"https:\/\/www.europesays.com\/fi\/wp-json\/wp\/v2\/posts"}],"about":[{"href":"https:\/\/www.europesays.com\/fi\/wp-json\/wp\/v2\/types\/post"}],"author":[{"embeddable":true,"href":"https:\/\/www.europesays.com\/fi\/wp-json\/wp\/v2\/users\/2"}],"replies":[{"embeddable":true,"href":"https:\/\/www.europesays.com\/fi\/wp-json\/wp\/v2\/comments?post=126862"}],"version-history":[{"count":0,"href":"https:\/\/www.europesays.com\/fi\/wp-json\/wp\/v2\/posts\/126862\/revisions"}],"wp:featuredmedia":[{"embeddable":true,"href":"https:\/\/www.europesays.com\/fi\/wp-json\/wp\/v2\/media\/126863"}],"wp:attachment":[{"href":"https:\/\/www.europesays.com\/fi\/wp-json\/wp\/v2\/media?parent=126862"}],"wp:term":[{"taxonomy":"category","embeddable":true,"href":"https:\/\/www.europesays.com\/fi\/wp-json\/wp\/v2\/categories?post=126862"},{"taxonomy":"post_tag","embeddable":true,"href":"https:\/\/www.europesays.com\/fi\/wp-json\/wp\/v2\/tags?post=126862"}],"curies":[{"name":"wp","href":"https:\/\/api.w.org\/{rel}","templated":true}]}}