{"id":126864,"date":"2025-12-27T07:09:07","date_gmt":"2025-12-27T07:09:07","guid":{"rendered":"https:\/\/www.europesays.com\/fi\/126864\/"},"modified":"2025-12-27T07:09:07","modified_gmt":"2025-12-27T07:09:07","slug":"palovaroitinsaadoksiin-tulee-vuodenvaihteessa-iso-muutos-uutisia-lyhyesti","status":"publish","type":"post","link":"https:\/\/www.europesays.com\/fi\/126864\/","title":{"rendered":"Palovaroitin\u00ads\u00e4\u00e4d\u00f6ksiin tulee vuoden\u00advaihteessa iso muutos | Uutisia lyhyesti"},"content":{"rendered":"<p class=\"aw-1gybjub aw-1p7kakr kEtdKx cEmitX yle__article__paragraph\">Palovaroittimien hankinta- ja kunnossapitovelvoitteet siirtyv\u00e4t rakennusten omistajien vastuulle vuodenvaihteesta. Muutokset n\u00e4kyv\u00e4t erityisesti omistus- ja vuokrataloyhti\u00f6iden asukkaille.<\/p>\n<p class=\"aw-1gybjub aw-1p7kakr kEtdKx cEmitX yle__article__paragraph\">Tammikuun alusta alkaen taloyhti\u00f6iden tulee huolehtia, ett\u00e4 asuntojen palovaroittimet ovat asianmukaisessa kunnossa ja ett\u00e4 niit\u00e4 on riitt\u00e4v\u00e4 m\u00e4\u00e4r\u00e4.<\/p>\n<p class=\"aw-1gybjub aw-1p7kakr kEtdKx cEmitX yle__article__paragraph\">Asukkaalla on velvollisuus ilmoittaa viipym\u00e4tt\u00e4, jos palovaroittimen toiminnassa on vikaa tai h\u00e4iri\u00f6it\u00e4.<\/p>\n<p class=\"aw-1gybjub aw-1p7kakr kEtdKx cEmitX yle__article__paragraph\">Taloyhti\u00f6n edustajalla, kuten huoltoyhti\u00f6ll\u00e4, on oikeus menn\u00e4 asuntoon esimerkiksi palovaroittimien asentamiseksi tai paristojen vaihtamiseksi.<\/p>\n","protected":false},"excerpt":{"rendered":"Palovaroittimien hankinta- ja kunnossapitovelvoitteet siirtyv\u00e4t rakennusten omistajien vastuulle vuodenvaihteesta. Muutokset n\u00e4kyv\u00e4t erityisesti omistus- ja vuokrataloyhti\u00f6iden asukkaille. Tammikuun alusta&hellip;\n","protected":false},"author":2,"featured_media":126865,"comment_status":"","ping_status":"","sticky":false,"template":"","format":"standard","meta":{"footnotes":""},"categories":[5],"tags":[542,22,23,26,27,33,31,30,17,71,24,25,28,29,15,18,21,14148,19825,32,19,20,16],"class_list":{"0":"post-126864","1":"post","2":"type-post","3":"status-publish","4":"format-standard","5":"has-post-thumbnail","7":"category-otsikot","8":"tag-asuminen","9":"tag-breaking-news","10":"tag-breakingnews","11":"tag-featured-news","12":"tag-featurednews","13":"tag-fi","14":"tag-finland","15":"tag-finnish","16":"tag-headlines","17":"tag-kotimaa","18":"tag-latest-news","19":"tag-latestnews","20":"tag-main-news","21":"tag-mainnews","22":"tag-news","23":"tag-otsikot","24":"tag-paauutiset","25":"tag-paloturvallisuus","26":"tag-palovaroitin","27":"tag-suomi","28":"tag-top-stories","29":"tag-topstories","30":"tag-uutiset"},"share_on_mastodon":{"url":"https:\/\/pubeurope.com\/@fi\/115790280356215153","error":""},"_links":{"self":[{"href":"https:\/\/www.europesays.com\/fi\/wp-json\/wp\/v2\/posts\/126864","targetHints":{"allow":["GET"]}}],"collection":[{"href":"https:\/\/www.europesays.com\/fi\/wp-json\/wp\/v2\/posts"}],"about":[{"href":"https:\/\/www.europesays.com\/fi\/wp-json\/wp\/v2\/types\/post"}],"author":[{"embeddable":true,"href":"https:\/\/www.europesays.com\/fi\/wp-json\/wp\/v2\/users\/2"}],"replies":[{"embeddable":true,"href":"https:\/\/www.europesays.com\/fi\/wp-json\/wp\/v2\/comments?post=126864"}],"version-history":[{"count":0,"href":"https:\/\/www.europesays.com\/fi\/wp-json\/wp\/v2\/posts\/126864\/revisions"}],"wp:featuredmedia":[{"embeddable":true,"href":"https:\/\/www.europesays.com\/fi\/wp-json\/wp\/v2\/media\/126865"}],"wp:attachment":[{"href":"https:\/\/www.europesays.com\/fi\/wp-json\/wp\/v2\/media?parent=126864"}],"wp:term":[{"taxonomy":"category","embeddable":true,"href":"https:\/\/www.europesays.com\/fi\/wp-json\/wp\/v2\/categories?post=126864"},{"taxonomy":"post_tag","embeddable":true,"href":"https:\/\/www.europesays.com\/fi\/wp-json\/wp\/v2\/tags?post=126864"}],"curies":[{"name":"wp","href":"https:\/\/api.w.org\/{rel}","templated":true}]}}