{"id":126868,"date":"2025-12-27T07:26:08","date_gmt":"2025-12-27T07:26:08","guid":{"rendered":"https:\/\/www.europesays.com\/fi\/126868\/"},"modified":"2025-12-27T07:26:08","modified_gmt":"2025-12-27T07:26:08","slug":"avatarin-tulevaisuus-on-epavarma-james-cameron-kertoo-mita-tekee-jos-neljatta-ei-rahoiteta","status":"publish","type":"post","link":"https:\/\/www.europesays.com\/fi\/126868\/","title":{"rendered":"Avatarin tulevaisuus on ep\u00e4varma \u2013\u00a0James Cameron kertoo mit\u00e4 tekee, jos nelj\u00e4tt\u00e4 ei rahoiteta"},"content":{"rendered":"<p>Avatar: Fire and Ash on tienannut maailmanlaajuisesti lippukassoilla jo yli puoli miljardia dollaria. Viel\u00e4 kuitenkin Avatar-franchisen tulevaisuus on ep\u00e4varma.<\/p>\n<p><strong>James Cameron<\/strong> on suunnitellut nelj\u00e4tt\u00e4 ja viidett\u00e4 elokuvaa, mutta vihre\u00e4\u00e4 valoa suurprojektit eiv\u00e4t ole viel\u00e4 saaneet. <a href=\"https:\/\/variety.com\/2025\/film\/news\/james-cameron-avatar-4-press-conference-fire-and-ash-ends-series-1236617740\/\" rel=\"nofollow noopener\" target=\"_blank\">Variety<\/a> uutisoi, ett\u00e4 Cameronilla on suunnitelma, mik\u00e4li Avatarin tarina j\u00e4\u00e4 kesken.<\/p>\n<p>\u201dEn tied\u00e4 jatkuuko saaga en\u00e4\u00e4. Toivon niin. Meid\u00e4n t\u00e4ytyy kuitenkin todistaa joka kerta, ett\u00e4 t\u00e4m\u00e4 on kannattava bisnes. Jos emme jostain syyst\u00e4 p\u00e4\u00e4se tekem\u00e4\u00e4n nelj\u00e4tt\u00e4 ja viidett\u00e4 osaa, pid\u00e4n tiedotustilaisuuden, jossa kerron mit\u00e4 suunnittelimme\u201d, Cameron lupaa.<\/p>\n<p><a href=\"https:\/\/www.episodi.fi\/uutiset\/avatar-fire-and-ash-lahestyy-ensimmaista-isoa-rajapyykkia\/\" rel=\"nofollow noopener\" target=\"_blank\">Lue my\u00f6s: Avatar: Fire and Ash l\u00e4hestyy ensimm\u00e4ist\u00e4 isoa rajapyykki\u00e4<\/a><\/p>\n<p>Lue my\u00f6s: <a href=\"https:\/\/www.episodi.fi\/uutiskirje\/?uutiskirjemainos=tekstilinkkimainos\" title=\"Tilaa Episodin uutiskirje ja voit voittaa leffalippuja! Nappaa tv-vinkit suoraan s\u00e4hk\u00f6postiin t\u00e4st\u00e4.\" class=\"underline-custom !font-montserrat !font-bold !underline-offset-4 !decoration-4 !decoration-episodi-blue !text-md\" rel=\"nofollow noopener\" target=\"_blank\">Tilaa Episodin uutiskirje ja voit voittaa leffalippuja! Nappaa katseluvinkit suoraan s\u00e4hk\u00f6postiin t\u00e4st\u00e4.<\/a><\/p>\n<p>\t\t\tAiheeseen liittyvi\u00e4 elokuvia<\/p>\n","protected":false},"excerpt":{"rendered":"Avatar: Fire and Ash on tienannut maailmanlaajuisesti lippukassoilla jo yli puoli miljardia dollaria. Viel\u00e4 kuitenkin Avatar-franchisen tulevaisuus on&hellip;\n","protected":false},"author":2,"featured_media":115381,"comment_status":"","ping_status":"","sticky":false,"template":"","format":"standard","meta":{"footnotes":""},"categories":[131],"tags":[1092,155,137,33,173,31,30,6302,434,172,32,109],"class_list":{"0":"post-126868","1":"post","2":"type-post","3":"status-publish","4":"format-standard","5":"has-post-thumbnail","7":"category-elokuvat","8":"tag-avatar","9":"tag-elokuvat","10":"tag-entertainment","11":"tag-fi","12":"tag-film","13":"tag-finland","14":"tag-finnish","15":"tag-ignostot","16":"tag-james-cameron","17":"tag-movies","18":"tag-suomi","19":"tag-viihde"},"share_on_mastodon":{"url":"https:\/\/pubeurope.com\/@fi\/115790347180832920","error":""},"_links":{"self":[{"href":"https:\/\/www.europesays.com\/fi\/wp-json\/wp\/v2\/posts\/126868","targetHints":{"allow":["GET"]}}],"collection":[{"href":"https:\/\/www.europesays.com\/fi\/wp-json\/wp\/v2\/posts"}],"about":[{"href":"https:\/\/www.europesays.com\/fi\/wp-json\/wp\/v2\/types\/post"}],"author":[{"embeddable":true,"href":"https:\/\/www.europesays.com\/fi\/wp-json\/wp\/v2\/users\/2"}],"replies":[{"embeddable":true,"href":"https:\/\/www.europesays.com\/fi\/wp-json\/wp\/v2\/comments?post=126868"}],"version-history":[{"count":0,"href":"https:\/\/www.europesays.com\/fi\/wp-json\/wp\/v2\/posts\/126868\/revisions"}],"wp:featuredmedia":[{"embeddable":true,"href":"https:\/\/www.europesays.com\/fi\/wp-json\/wp\/v2\/media\/115381"}],"wp:attachment":[{"href":"https:\/\/www.europesays.com\/fi\/wp-json\/wp\/v2\/media?parent=126868"}],"wp:term":[{"taxonomy":"category","embeddable":true,"href":"https:\/\/www.europesays.com\/fi\/wp-json\/wp\/v2\/categories?post=126868"},{"taxonomy":"post_tag","embeddable":true,"href":"https:\/\/www.europesays.com\/fi\/wp-json\/wp\/v2\/tags?post=126868"}],"curies":[{"name":"wp","href":"https:\/\/api.w.org\/{rel}","templated":true}]}}