{"id":126881,"date":"2025-12-27T07:35:08","date_gmt":"2025-12-27T07:35:08","guid":{"rendered":"https:\/\/www.europesays.com\/fi\/126881\/"},"modified":"2025-12-27T07:35:08","modified_gmt":"2025-12-27T07:35:08","slug":"heikki-tormasi-hiihtolenkilla-tyrmistyttavaan-nakyyn-auto-jumissa-keskella-latua","status":"publish","type":"post","link":"https:\/\/www.europesays.com\/fi\/126881\/","title":{"rendered":"Heikki t\u00f6rm\u00e4si hiihtolenkill\u00e4 tyrmistytt\u00e4v\u00e4\u00e4n n\u00e4kyyn \u2013 auto jumissa keskell\u00e4 latua"},"content":{"rendered":"<p>Heikki aloitti aamunsa hiihtolenkill\u00e4 \u2013 kunnes t\u00f6rm\u00e4si omituiseen n\u00e4kyyn.<\/p>\n<p class=\"article-body mb-nof-24 px-nof-16\">Levill\u00e4 lomaileva raumalainen <a class=\"article-personlink\" href=\"https:\/\/www.is.fi\/haku\/?query=Heikki\" rel=\"nofollow noopener\" target=\"_blank\">Heikki<\/a> oli aamuisella hiihtolenkill\u00e4\u00e4n, kun outo n\u00e4ky sai h\u00e4net pys\u00e4htym\u00e4\u00e4n. Latu oli hyv\u00e4ss\u00e4 kunnossa, ymp\u00e4rill\u00e4 levitt\u00e4ytyi valkea lumihanki.<\/p>\n<p class=\"article-body mb-nof-24 px-nof-16\">Sitten edess\u00e4 avautui kummallinen ilmestys. Keskell\u00e4 latua seisoi henkil\u00f6auto.<\/p>\n<p class=\"article-body mb-nof-24 px-nof-16\">Eturenkaat olivat uponneet lumeen, joten ajoneuvo p\u00f6n\u00f6tti paikoillaan. Heikin mukaan renkaiden alle oli levitetty oksia, joilla matkustajat olivat yritt\u00e4neet p\u00e4\u00e4st\u00e4 liikkeelle, mutta turhaan. Kuljettajaa tai muita matkustajia ei n\u00e4kynyt mailla eik\u00e4 halmeilla.<\/p>\n<p class=\"article-body mb-nof-24 px-nof-16\">\u2013 Siihen se oli uponnut. Nappasin kuvan ja jatkoin lenkki\u00e4. Ihmeellist\u00e4 toimintaa, ett\u00e4 ajellaan hiihtoladuilla, Heikki sanoo.<\/p>\n<p class=\"article-body mb-nof-24 px-nof-16\">Heikki jatkoi matkaansa, eik\u00e4 tied\u00e4 auton kohtalosta sen enemp\u00e4\u00e4. My\u00f6s muutama vastaantulija ihmetteli n\u00e4ky\u00e4. Autossa oli norjalaiset kilvet.<\/p>\n<p class=\"article-body mb-nof-24 px-nof-16\">Laturaivoa her\u00e4tti viime vuonna jalkapalloilija <a class=\"article-personlink\" href=\"https:\/\/www.is.fi\/haku\/?query=Cristiano%20Ronaldo\" rel=\"nofollow noopener\" target=\"_blank\">Cristiano Ronaldo<\/a>, joka vietti joulua perheens\u00e4 kanssa Lapissa ja k\u00e4veli pitkin latuja. Heikki naureskelee, ett\u00e4 ladulla ajaminen j\u00e4tt\u00e4\u00e4 varjoonsa Ronaldon.<\/p>\n<p class=\"article-body mb-nof-24 px-nof-16\">\u2013 T\u00e4m\u00e4 on ollut varmaan jonkinlainen \u00f6inen p\u00e4\u00e4h\u00e4npisto.<\/p>\n<p class=\"article-body mb-nof-24 px-nof-16\">Lue lis\u00e4\u00e4: <a class=\"underline underline-offset-[0.12em] [text-decoration-thickness:var(--generic-link-underline-thickness)] [text-decoration-color:var(--generic-link-underline-color)] [text-decoration-skip-ink:var(--generic-link-underline-skip-ink)] break-words\" href=\"https:\/\/www.is.fi\/jalkapallo\/art-2000011696196.html\" rel=\"nofollow noopener\" target=\"_blank\">Cristiano Ronaldolla kohumatka Lapissa \u2013 t\u00e4ss\u00e4 seuraukset<\/a><\/p>\n<p class=\"article-body mb-nof-24 px-nof-16\">Murtomaahiihdosta nauttiva mies oli liikkeell\u00e4 jo aamukymmenelt\u00e4. Siksi h\u00e4n arvelee auton seisseen paikoillaan y\u00f6st\u00e4 asti.<\/p>\n<p class=\"article-body mb-nof-24 px-nof-16\">Todenn\u00e4k\u00f6isesti autolla oli ajettu 600\u2013700 metri\u00e4 ladulla, Heikki arvioi. Niin kaukana sijaitsee l\u00e4hin tienristeys, josta turistit ovat k\u00e4\u00e4ntyneet ladulle.<\/p>\n<p class=\"article-body mb-nof-24 px-nof-16\">\u2013 Tuskin olisi p\u00e4\u00e4ssyt noin pitk\u00e4lle, ellei s\u00e4\u00e4 olisi ollut hyv\u00e4 ja latu kova.<\/p>\n<p class=\"article-body mb-nof-24 px-nof-16\">Lapin pelastuslaitoksen p\u00e4ivyst\u00e4v\u00e4 palomestari <a class=\"article-personlink\" href=\"https:\/\/www.is.fi\/haku\/?query=Pekka%20Siivola\" rel=\"nofollow noopener\" target=\"_blank\">Pekka Siivola<\/a> kertoo, ett\u00e4 ladulle eksyneet autoilijat ovat jokavuotinen ilmi\u00f6. Viime talvena vastaavia tapauksia oli muutama. Tapaukset voi laskea Siivolan mukaan yhden k\u00e4sin sormin.<\/p>\n<p class=\"article-body mb-nof-24 px-nof-16\">\u2013 Ilmeisesti he ovat luulleet latua pieneksi tieksi ja l\u00e4hteneet siksi ajamaan sit\u00e4 pitkin.<\/p>\n<p class=\"article-body mb-nof-24 px-nof-16\">Tyypillisesti kyse on turisteista. Suomalaisilla on latuetiketti hyvin hallussa.<\/p>\n<p class=\"article-body mb-nof-24 px-nof-16\">\u2013 Yleinen havainto on, ett\u00e4 joskus ulkomaalaiset henkil\u00f6t eiv\u00e4t ole huomioineet pohjoisen olosuhteita, vaan ovat autossa t-paidassa ja sortseissa.<\/p>\n<p class=\"article-body mb-nof-24 px-nof-16\">Erityisen t\u00f6rke\u00e4\u00e4 tapausta ei ole j\u00e4\u00e4nyt Siivolan mieleen. Hiihtoladulle ajaminen johtuu yleens\u00e4 todenn\u00e4k\u00f6isesti tiet\u00e4m\u00e4tt\u00f6myydest\u00e4. Joskus pelastuslaitos on joutunut noutamaan turisteja maastosta, jotta he eiv\u00e4t palellu.<\/p>\n<p class=\"article-body mb-nof-24 px-nof-16\">Turistit soittavat yleens\u00e4 omatoimisesti h\u00e4t\u00e4keskukseen, sielt\u00e4 teht\u00e4v\u00e4 ohjataan eteenp\u00e4in. Hinaaminen ei kuulu Siivolan mukaan pelastuslaitoksen teht\u00e4viin, ellei tilanteesta aiheutuu v\u00e4lit\u00f6nt\u00e4 vaaraa. Muut hakee hinausfirma.<\/p>\n<p class=\"article-body mb-nof-24 px-nof-16\">\u2013 Joissakin tapauksissa pelastuslaitos on joutunut noutamaan turistit tiett\u00f6m\u00e4n taipaleen takaa, jotta he eiv\u00e4t palellu. Jumittunut ajoneuvo on hinattu sitten j\u00e4lkik\u00e4teen.<\/p>\n","protected":false},"excerpt":{"rendered":"Heikki aloitti aamunsa hiihtolenkill\u00e4 \u2013 kunnes t\u00f6rm\u00e4si omituiseen n\u00e4kyyn. Levill\u00e4 lomaileva raumalainen Heikki oli aamuisella hiihtolenkill\u00e4\u00e4n, kun outo&hellip;\n","protected":false},"author":2,"featured_media":126882,"comment_status":"","ping_status":"","sticky":false,"template":"","format":"standard","meta":{"footnotes":""},"categories":[5],"tags":[22,23,26,27,33,31,30,17,34,24,25,28,29,15,18,21,32,19,20,16],"class_list":{"0":"post-126881","1":"post","2":"type-post","3":"status-publish","4":"format-standard","5":"has-post-thumbnail","7":"category-otsikot","8":"tag-breaking-news","9":"tag-breakingnews","10":"tag-featured-news","11":"tag-featurednews","12":"tag-fi","13":"tag-finland","14":"tag-finnish","15":"tag-headlines","16":"tag-ilta-sanomat","17":"tag-latest-news","18":"tag-latestnews","19":"tag-main-news","20":"tag-mainnews","21":"tag-news","22":"tag-otsikot","23":"tag-paauutiset","24":"tag-suomi","25":"tag-top-stories","26":"tag-topstories","27":"tag-uutiset"},"share_on_mastodon":{"url":"https:\/\/pubeurope.com\/@fi\/115790382579344590","error":""},"_links":{"self":[{"href":"https:\/\/www.europesays.com\/fi\/wp-json\/wp\/v2\/posts\/126881","targetHints":{"allow":["GET"]}}],"collection":[{"href":"https:\/\/www.europesays.com\/fi\/wp-json\/wp\/v2\/posts"}],"about":[{"href":"https:\/\/www.europesays.com\/fi\/wp-json\/wp\/v2\/types\/post"}],"author":[{"embeddable":true,"href":"https:\/\/www.europesays.com\/fi\/wp-json\/wp\/v2\/users\/2"}],"replies":[{"embeddable":true,"href":"https:\/\/www.europesays.com\/fi\/wp-json\/wp\/v2\/comments?post=126881"}],"version-history":[{"count":0,"href":"https:\/\/www.europesays.com\/fi\/wp-json\/wp\/v2\/posts\/126881\/revisions"}],"wp:featuredmedia":[{"embeddable":true,"href":"https:\/\/www.europesays.com\/fi\/wp-json\/wp\/v2\/media\/126882"}],"wp:attachment":[{"href":"https:\/\/www.europesays.com\/fi\/wp-json\/wp\/v2\/media?parent=126881"}],"wp:term":[{"taxonomy":"category","embeddable":true,"href":"https:\/\/www.europesays.com\/fi\/wp-json\/wp\/v2\/categories?post=126881"},{"taxonomy":"post_tag","embeddable":true,"href":"https:\/\/www.europesays.com\/fi\/wp-json\/wp\/v2\/tags?post=126881"}],"curies":[{"name":"wp","href":"https:\/\/api.w.org\/{rel}","templated":true}]}}