{"id":126893,"date":"2025-12-27T08:00:14","date_gmt":"2025-12-27T08:00:14","guid":{"rendered":"https:\/\/www.europesays.com\/fi\/126893\/"},"modified":"2025-12-27T08:00:14","modified_gmt":"2025-12-27T08:00:14","slug":"ilmatieteen-laitos-varoittaa-tanne-talvimyrsky-iskee","status":"publish","type":"post","link":"https:\/\/www.europesays.com\/fi\/126893\/","title":{"rendered":"Ilmatieteen laitos varoittaa \u2013 T\u00e4nne talvimyrsky iskee"},"content":{"rendered":"<p>Myrskytuuli yltyy iltap\u00e4iv\u00e4n ja illan aikana. Pohjoisessa runsaat lumisateet heikent\u00e4v\u00e4t ajokeli\u00e4. Iltalehti seuraa talvimyrsky\u00e4 ja joulun paluuliikennett\u00e4 t\u00e4ss\u00e4 artikkelissa.<\/p>\n<p><img decoding=\"async\" class=\"image image-show image-preview\" src=\"https:\/\/www.europesays.com\/fi\/wp-content\/uploads\/2025\/12\/a03cc66d866c84151f62278fce631d95a0cfbab34f478334cdd03351951682e8.jpg\" alt=\"\"\/><img decoding=\"async\" class=\"image image-show\" src=\"https:\/\/www.europesays.com\/fi\/wp-content\/uploads\/2025\/12\/1766822411_64_a03cc66d866c84151f62278fce631d95a0cfbab34f478334cdd03351951682e8.jpg\" alt=\"\"\/><\/p>\n<p>Selk\u00e4merell\u00e4 aallonkorkeus saattaa kohota seitsem\u00e4\u00e4n metriin lauantaina. Kuvituskuva. John Palmen<\/p>\n<p><a href=\"https:\/\/www.iltalehti.fi\/kirjoittajat\/Onni Kari\" rel=\"nofollow noopener\" target=\"_blank\"><img decoding=\"async\" class=\"author-image-img\" alt=\"Tekij\u00e4n kuva\" src=\"https:\/\/www.europesays.com\/fi\/wp-content\/uploads\/2025\/12\/7b247f0d787c34fd25aa80913debdb20ea11879aaf5e253139c04048a760c9c6.png\"\/><\/a><a href=\"https:\/\/www.iltalehti.fi\/kirjoittajat\/Alisa Valta\" rel=\"nofollow noopener\" target=\"_blank\"><img decoding=\"async\" class=\"author-image-img\" alt=\"Tekij\u00e4n kuva\" src=\"https:\/\/www.europesays.com\/fi\/wp-content\/uploads\/2025\/12\/33855b18477c2ff478e7031d5f9e1d86caca1b769add206fd728a5f0971001f4.png\"\/><\/a><\/p>\n<p>T\u00e4n\u00e4\u00e4n klo 8:19 (p\u00e4ivitetty klo 8:50)<\/p>\n<p class=\"paragraph\">Talvimyrsky Hannes iskee t\u00e4n\u00e4\u00e4n Suomeen. Ilmatieteen laitoksen mukaan hyvin puuskainen luoteistuuli voimistuu nopeasti keskip\u00e4iv\u00e4st\u00e4 alkaen. Iltalehti seuraa talvimyrskyn etenemist\u00e4 ja joulun paluuliikennett\u00e4 t\u00e4ss\u00e4 artikkelissa.<\/p>\n<p>Ei vanhempia p\u00e4ivityksi\u00e4<\/p>\n<p class=\"paragraph\">Ilmatieteen laitos on antanut vaarallisen tuulen varoituksen l\u00e4hes koko Suomeen. Vaarallisen tuulen varoitus on annettu L\u00e4nsi-Suomeen, Ahvenanmaalle ja Lappiin.<\/p>\n<p class=\"paragraph\">Rannikolla varoitusalue ulottuu Varsinais-Suomesta Pohjois-Pohjanmaalle. Tuuli voi ylty\u00e4 puuskissa 25 metriin sekunnissa. Varoitus on voimassa kello 13 alkaen ja p\u00e4\u00e4ttyy sunnuntaiaamuun menness\u00e4.<\/p>\n<p class=\"paragraph\">Myrsky aiheuttaa todenn\u00e4k\u00f6isesti tuulivahinkoja, kuten katkenneita puita. Vahingot voivat vaikuttaa tie-, meri- ja raideliikenteeseen sek\u00e4 aiheuttaa s\u00e4hk\u00f6katkoja.<\/p>\n<p>Varoituksia kovasta tuulesta ja heikentyneest\u00e4 ajokelist\u00e4 on annettu l\u00e4hes koko maahan lauantaina. P\u00e4iv\u00e4 on yksi vilkkaimmista joulun paluuliikenteess\u00e4. Ilmatieteen laitos<\/p>\n<p class=\"paragraph\">Vaarallisen tuulen varoitus on voimassa my\u00f6s merialueilla. Selk\u00e4meren etel\u00e4osaan on annettu varoitus hyvin vaarallisesta aallokosta. Aallonkorkeus voi ylitt\u00e4\u00e4 seitsem\u00e4n metri\u00e4 ja aiheuttaa vaaratilanteita meriliikenteess\u00e4.<\/p>\n<p class=\"paragraph\">Lapin tuntureilla tuulenpuuskat voivat ylty\u00e4 jopa hirmumyrskylukemiin, eli yli 33 metriin sekunnissa, kertoo meteorologi <strong>Joanna Rinne<\/strong> <a href=\"https:\/\/www.foreca.fi\/meteorologilta\/yzozibpu\" target=\"_blank\" rel=\"noopener nofollow\">Forecan s\u00e4\u00e4blogissa<\/a>.<\/p>\n<p class=\"paragraph\">Lapin it\u00e4osiin on annettu varoitus eritt\u00e4in huonosta ajokelist\u00e4. Lappiin on ennustettu lumisateita, jotka jatkuvat iltaan saakka. Lunta saattaa pyrytt\u00e4\u00e4 paikoin yli 10 senttimetri\u00e4.<\/p>\n<p class=\"paragraph\">Autoilijoiden on syyt\u00e4 olla tarkkana heikentyneen ajokelin vuoksi my\u00f6s Pirkanmaalla, Pohjois-Karjalassa, Kainuussa, Keski-Suomessa ja Pohjanmaan maakunnissa. Lauantaista on ennustettu joulun paluuliikenteen vilkkainta p\u00e4iv\u00e4\u00e4.<\/p>\n<p class=\"paragraph\">Lumisateita muodostuu p\u00e4iv\u00e4n edetess\u00e4 my\u00f6s maan l\u00e4nsiosissa. My\u00f6hemmin illalla lumisateet liikkuvat laajemmin maan keski- ja etel\u00e4osiin. Etel\u00e4ss\u00e4 lumi tuskin kuitenkaan j\u00e4\u00e4 maahan, sill\u00e4 l\u00e4mp\u00f6tila pysynee plussan puolella.<\/p>\n<p><a href=\"https:\/\/www.iltalehti.fi\/parassaa?storeCampaign=ArticleBottomBanner\" rel=\"nofollow noopener\" target=\"_blank\"><img decoding=\"async\" src=\"https:\/\/www.europesays.com\/fi\/wp-content\/uploads\/2025\/08\/d0fd7860228df4fdd5fd0367e49d769aa09b08189080ddc5ccdd8c31ad63aca9.png\" alt=\"IL Paras S\u00e4\u00e4 - S\u00e4\u00e4tiedot ja s\u00e4\u00e4ennusteet\"\/><\/a><\/p>\n","protected":false},"excerpt":{"rendered":"Myrskytuuli yltyy iltap\u00e4iv\u00e4n ja illan aikana. Pohjoisessa runsaat lumisateet heikent\u00e4v\u00e4t ajokeli\u00e4. Iltalehti seuraa talvimyrsky\u00e4 ja joulun paluuliikennett\u00e4 t\u00e4ss\u00e4&hellip;\n","protected":false},"author":2,"featured_media":126894,"comment_status":"","ping_status":"","sticky":false,"template":"","format":"standard","meta":{"footnotes":""},"categories":[12],"tags":[35,22,23,26,27,33,31,30,17,713,24,25,28,29,715,5233,15,18,21,710,714,32,19,20,16],"class_list":{"0":"post-126893","1":"post","2":"type-post","3":"status-publish","4":"format-standard","5":"has-post-thumbnail","7":"category-suomi","8":"tag-24h","9":"tag-breaking-news","10":"tag-breakingnews","11":"tag-featured-news","12":"tag-featurednews","13":"tag-fi","14":"tag-finland","15":"tag-finnish","16":"tag-headlines","17":"tag-lampotila-saa","18":"tag-latest-news","19":"tag-latestnews","20":"tag-main-news","21":"tag-mainnews","22":"tag-meteorologia","23":"tag-meteorologit","24":"tag-news","25":"tag-otsikot","26":"tag-paauutiset","27":"tag-saa","28":"tag-saaennustus","29":"tag-suomi","30":"tag-top-stories","31":"tag-topstories","32":"tag-uutiset"},"share_on_mastodon":{"url":"https:\/\/pubeurope.com\/@fi\/115790481153615648","error":""},"_links":{"self":[{"href":"https:\/\/www.europesays.com\/fi\/wp-json\/wp\/v2\/posts\/126893","targetHints":{"allow":["GET"]}}],"collection":[{"href":"https:\/\/www.europesays.com\/fi\/wp-json\/wp\/v2\/posts"}],"about":[{"href":"https:\/\/www.europesays.com\/fi\/wp-json\/wp\/v2\/types\/post"}],"author":[{"embeddable":true,"href":"https:\/\/www.europesays.com\/fi\/wp-json\/wp\/v2\/users\/2"}],"replies":[{"embeddable":true,"href":"https:\/\/www.europesays.com\/fi\/wp-json\/wp\/v2\/comments?post=126893"}],"version-history":[{"count":0,"href":"https:\/\/www.europesays.com\/fi\/wp-json\/wp\/v2\/posts\/126893\/revisions"}],"wp:featuredmedia":[{"embeddable":true,"href":"https:\/\/www.europesays.com\/fi\/wp-json\/wp\/v2\/media\/126894"}],"wp:attachment":[{"href":"https:\/\/www.europesays.com\/fi\/wp-json\/wp\/v2\/media?parent=126893"}],"wp:term":[{"taxonomy":"category","embeddable":true,"href":"https:\/\/www.europesays.com\/fi\/wp-json\/wp\/v2\/categories?post=126893"},{"taxonomy":"post_tag","embeddable":true,"href":"https:\/\/www.europesays.com\/fi\/wp-json\/wp\/v2\/tags?post=126893"}],"curies":[{"name":"wp","href":"https:\/\/api.w.org\/{rel}","templated":true}]}}