{"id":126897,"date":"2025-12-27T08:13:10","date_gmt":"2025-12-27T08:13:10","guid":{"rendered":"https:\/\/www.europesays.com\/fi\/126897\/"},"modified":"2025-12-27T08:13:10","modified_gmt":"2025-12-27T08:13:10","slug":"vera-dijkmans-oisella-uimarannalla-joululahja-tuli-aikaisin-stara-fi","status":"publish","type":"post","link":"https:\/\/www.europesays.com\/fi\/126897\/","title":{"rendered":"Vera Dijkmans \u00f6isell\u00e4 uimarannalla \u2013 \u201dJoululahja tuli aikaisin\u201d \u2013 Stara.fi"},"content":{"rendered":"<p>Poikkeuksellisen n\u00e4ytt\u00e4v\u00e4 hollantilainen somevaikuttaja <a href=\"https:\/\/www.stara.fi\/asiasanat\/Vera-Dijkmans\" title=\"Lue lis\u00e4\u00e4 aiheesta Vera Dijkmans\" class=\"nimilinkki nimilinkki-vera-dijkmans\" rel=\"nofollow noopener\" target=\"_blank\"><strong>Vera Dijkmans<\/strong><\/a> niitt\u00e4\u00e4 parhaillaan menestyst\u00e4, sill\u00e4 h\u00e4nen somep\u00e4ivityksens\u00e4 ovat olleet hittej\u00e4 yksi toisensa j\u00e4lkeen. Menestyksen salaisuus l\u00f6ytynee h\u00e4nen poikkeuksellisen kurvikkaista muodoistaan, eik\u00e4 v\u00e4ltt\u00e4m\u00e4tt\u00e4 h\u00e4nen ylitsevuotavan upeasta persoonallisuudestaan. Joskin tuosta on vaikea menn\u00e4 takuuseen. <\/p>\n<p>MAINOS ALKAAMAINOS LOPPUU<\/p>\n<p>Nyt Vera on nauttinut joululomasta monien muiden tavoin etel\u00e4n lomakohteessa, jossa h\u00e4n on kuitenkin poikkeuksellisesti poseerannut rannalla iltamy\u00f6h\u00e4\u00e4n tai y\u00f6ll\u00e4. Silloinkin rantael\u00e4m\u00e4st\u00e4 voi tietenkin nauttia, mutta valtaosa muista viett\u00e4\u00e4 rannalla aikaansa p\u00e4iv\u00e4ll\u00e4 auringon paistaessa.<\/p>\n<p>P\u00e4ivityksess\u00e4\u00e4n Dijkmans totesi tarjoavansa t\u00e4ss\u00e4 aikaisen joululahjan.  Otoksista voidaan todeta, ett\u00e4 asun v\u00e4rivalinta oli varsin onnistunut pime\u00e4lle rannalle. <a href=\"https:\/\/www.instagram.com\/p\/DSnUqpUkU4Q\/\" rel=\"nofollow noopener\" target=\"_blank\"><strong>Katso alkuper\u00e4inen p\u00e4ivitys t\u00e4st\u00e4<\/strong><\/a>. Kerroimme aiemmin miten Vera k\u00e4vi joulun alla tapaamassa Joulupukkia, joka oli kuitenkin varsin halpa kopio suomalaisesta alkuper\u00e4isest\u00e4 Joulupukista.<\/p>\n<p>MAINOS ALKAAMAINOS LOPPUU<\/p>\n<p>Aito tai ei, Dijkmans p\u00e4\u00e4si joka tapauksessa istahtamaan Joulupukin polvelle ja kertomaan t\u00e4lle mit\u00e4 h\u00e4n haluaisi lahjaksi. Veran somep\u00e4ivityksist\u00e4\u00e4n on kuitenkin hieman hankala m\u00e4\u00e4ritell\u00e4 onko h\u00e4n ollut yleens\u00e4k\u00e4\u00e4n riitt\u00e4v\u00e4n kiltti ylip\u00e4\u00e4t\u00e4\u00e4n saadakseen lahjoja.<\/p>\n<p>Somessa merkitt\u00e4v\u00e4n jalansijan ahkeralla ty\u00f6ll\u00e4\u00e4n ansainnut Vera Dijkmans tienaa nykyisin sosiaalisella medialla jopa 360.000 dollaria kuukaudessa ja on yksi eniten tienaavista malleista maksullista aikuisille suunnattua viihdett\u00e4 tarjoavassa palvelussa. Taannoin kerroimme miten Vera <a href=\"https:\/\/www.stara.fi\/2025\/12\/10\/vera-dijkmans-esitteli-meloninsa\/\" rel=\"nofollow noopener\" target=\"_blank\">esitteli meloneja<\/a> kuvissaan. Dijkmans keskeytti lukion 15-vuotiaana, ja ryhtyi tekem\u00e4\u00e4n t\u00f6it\u00e4 tarjoilijana ja mallina.<\/p>\n<p>MAINOS ALKAAMAINOS LOPPUU<\/p>\n<p>\n\t\t\t\tVoit halutessasi lukea Starassa my\u00f6s lis\u00e4\u00e4 juuri t\u00e4h\u00e4n artikkeliin liittyvist\u00e4 teemoista ja aiheista, kuten <a href=\"https:\/\/www.stara.fi\/asiasanat\/vera-dijkmans\/\" rel=\"tag nofollow noopener\" target=\"_blank\">Vera Dijkmans<\/a> tai laajemmin t\u00e4st\u00e4 aihealueesta <a href=\"https:\/\/www.stara.fi\/category\/viihdeuutiset\/\" rel=\"category tag nofollow noopener\" target=\"_blank\">Viihdeuutiset<\/a> -osioistamme.\n\t\t\t<\/p>\n<p>\t\t\t\t\t<script async src=\"\/\/www.instagram.com\/embed.js\"><\/script><\/p>\n","protected":false},"excerpt":{"rendered":"Poikkeuksellisen n\u00e4ytt\u00e4v\u00e4 hollantilainen somevaikuttaja Vera Dijkmans niitt\u00e4\u00e4 parhaillaan menestyst\u00e4, sill\u00e4 h\u00e4nen somep\u00e4ivityksens\u00e4 ovat olleet hittej\u00e4 yksi toisensa j\u00e4lkeen.&hellip;\n","protected":false},"author":2,"featured_media":126898,"comment_status":"","ping_status":"","sticky":false,"template":"","format":"standard","meta":{"footnotes":""},"categories":[136],"tags":[407,137,33,31,30,408,32,109],"class_list":{"0":"post-126897","1":"post","2":"type-post","3":"status-publish","4":"format-standard","5":"has-post-thumbnail","7":"category-julkkikset","8":"tag-celebrities","9":"tag-entertainment","10":"tag-fi","11":"tag-finland","12":"tag-finnish","13":"tag-julkkikset","14":"tag-suomi","15":"tag-viihde"},"share_on_mastodon":{"url":"https:\/\/pubeurope.com\/@fi\/115790532005921331","error":""},"_links":{"self":[{"href":"https:\/\/www.europesays.com\/fi\/wp-json\/wp\/v2\/posts\/126897","targetHints":{"allow":["GET"]}}],"collection":[{"href":"https:\/\/www.europesays.com\/fi\/wp-json\/wp\/v2\/posts"}],"about":[{"href":"https:\/\/www.europesays.com\/fi\/wp-json\/wp\/v2\/types\/post"}],"author":[{"embeddable":true,"href":"https:\/\/www.europesays.com\/fi\/wp-json\/wp\/v2\/users\/2"}],"replies":[{"embeddable":true,"href":"https:\/\/www.europesays.com\/fi\/wp-json\/wp\/v2\/comments?post=126897"}],"version-history":[{"count":0,"href":"https:\/\/www.europesays.com\/fi\/wp-json\/wp\/v2\/posts\/126897\/revisions"}],"wp:featuredmedia":[{"embeddable":true,"href":"https:\/\/www.europesays.com\/fi\/wp-json\/wp\/v2\/media\/126898"}],"wp:attachment":[{"href":"https:\/\/www.europesays.com\/fi\/wp-json\/wp\/v2\/media?parent=126897"}],"wp:term":[{"taxonomy":"category","embeddable":true,"href":"https:\/\/www.europesays.com\/fi\/wp-json\/wp\/v2\/categories?post=126897"},{"taxonomy":"post_tag","embeddable":true,"href":"https:\/\/www.europesays.com\/fi\/wp-json\/wp\/v2\/tags?post=126897"}],"curies":[{"name":"wp","href":"https:\/\/api.w.org\/{rel}","templated":true}]}}