{"id":126917,"date":"2025-12-27T08:47:07","date_gmt":"2025-12-27T08:47:07","guid":{"rendered":"https:\/\/www.europesays.com\/fi\/126917\/"},"modified":"2025-12-27T08:47:07","modified_gmt":"2025-12-27T08:47:07","slug":"pate-mustajarvi-yritti-soittaa-timo-jutilalle-vain-kaksi-paivaa-ennen-kuolemaansa","status":"publish","type":"post","link":"https:\/\/www.europesays.com\/fi\/126917\/","title":{"rendered":"Pate Mustaj\u00e4rvi yritti soittaa Timo Jutilalle vain kaksi p\u00e4iv\u00e4\u00e4 ennen kuolemaansa"},"content":{"rendered":"<p>Tieto Pate Mustaj\u00e4rven kuolemasta yll\u00e4tti Timo Jutilan t\u00e4ysin.<\/p>\n<p class=\"article-body mb-nof-24 px-nof-16\">Muusikko <a class=\"article-personlink\" href=\"https:\/\/www.aamulehti.fi\/haku\/?query=Pate%20Mustaj%C3%A4rvi\" rel=\"nofollow noopener\" target=\"_blank\">Pate Mustaj\u00e4rvi <\/a>menehtyi tapaninp\u00e4iv\u00e4n\u00e4. Manserockin legenda kertoi marraskuussa sairastuneensa sy\u00f6p\u00e4\u00e4n.<\/p>\n<p class=\"article-body mb-nof-24 px-nof-16\">Mustaj\u00e4rven kuolema tuli silti suurena yll\u00e4tyksen\u00e4 h\u00e4nen yst\u00e4v\u00e4lleen <a class=\"article-personlink\" href=\"https:\/\/www.aamulehti.fi\/haku\/?query=Timo%20Jutilalle\" rel=\"nofollow noopener\" target=\"_blank\">Timo Jutilalle<\/a>. Tampereen suurmiehet olivat hyv\u00e4\u00e4 pataa kesken\u00e4\u00e4n. Perjantai-iltana tavoitettu Jutila kertoo k\u00e4yneens\u00e4 Popedan keikoilla \u201dkasikyt\u00e4luvulta saakka\u201d.<\/p>\n<p class=\"article-body mb-nof-24 px-nof-16\">\u201dJuuri tulin kotio ja ajattelin Tapparan pelin katsoa. Avasin Ampparit ja siell\u00e4h\u00e4n se pommi tuli. Joulu loppui siihen\u201d, Jutila kertoo yh\u00e4 j\u00e4rkyttyneen oloisena. \u201dOsanotto (tytt\u00e4relle) <a class=\"article-personlink\" href=\"https:\/\/www.aamulehti.fi\/haku\/?query=Jennille\" rel=\"nofollow noopener\" target=\"_blank\">Jennille<\/a> ja l\u00e4heisille. Kauhea pommihan se oli.\u201d<\/p>\n<p class=\"article-body mb-nof-24 px-nof-16\">Jutila sanoo toki tienneens\u00e4, ett\u00e4 Mustaj\u00e4rvi sairastaa sy\u00f6p\u00e4\u00e4. H\u00e4nell\u00e4 ei ollut mit\u00e4\u00e4n aavistusta siit\u00e4, miten pitk\u00e4lle tauti oli jo edennyt.<\/p>\n<p class=\"article-body mb-nof-24 px-nof-16\">Jutilan ja Mustaj\u00e4rven tapoihin kuului viestitell\u00e4 joulun aikaan. Sama oli pyrkimyksen\u00e4 nytkin.<\/p>\n<p class=\"article-body mb-nof-24 px-nof-16\">\u201dAina, kun tapasimme, tarina lensi. Meill\u00e4 oli tapana viestitell\u00e4 aina jouluisin, ja laitoin viestin \u2019Ikurin turbiinille\u2019. H\u00e4n oli koettanut soittaa minulle viel\u00e4, mutten aattona vastannut. Koetin soittaa my\u00f6hemmin, mutta h\u00e4n ei en\u00e4\u00e4 vastannut. Siksi t\u00e4m\u00e4 on niin iso yll\u00e4tys. Ajatukset ovat ihan sekaisin.\u201d<\/p>\n<p class=\"article-body mb-nof-24 px-nof-16\">Jutila kehuu Mustaj\u00e4rve\u00e4 Tampereen ja koko Suomen suureksi legendaksi. H\u00e4n p\u00e4ivittelee, miten Mustaj\u00e4rvi jaksoi keikkailla ja esiinty\u00e4 viisi vuosikymment\u00e4. H\u00e4n itse muistaa olleensa kymmeni\u00e4 kertoja Popedan keikalla.<\/p>\n<p class=\"article-body mb-nof-24 px-nof-16\">\u201dKun h\u00e4n meni lavalle, h\u00e4n antoi aina kaikkensa. Pate oli todellinen persoona, yksi yhdest\u00e4. He olisivat voineet soittaa vaikka seitsem\u00e4n tuntia putkeen, eik\u00e4 olisi loppuneet biisin kesken. H\u00e4n oli mahtava persoona, aito, oma itsens\u00e4.\u201d<\/p>\n<p class=\"article-body mb-nof-24 px-nof-16\">Vaikka suru painaa Jutilan mielt\u00e4, h\u00e4n muistaa l\u00e4mpim\u00e4sti yst\u00e4v\u00e4ns\u00e4 eri puolia. H\u00e4n kertoo Mustaj\u00e4rvest\u00e4 v\u00e4hemm\u00e4n tunnetun yksityiskohdan.<\/p>\n<p class=\"article-body mb-nof-24 px-nof-16\">\u201dUskomaton puoli h\u00e4ness\u00e4, mit\u00e4 moni ei ymm\u00e4rr\u00e4 on, ett\u00e4 h\u00e4n oli siivousfriikki. Rentoutui siivoamalla! H\u00e4n inhosi ep\u00e4j\u00e4rjestyst\u00e4 ja sotkua\u201d, Jutila sanoo ja naurahtaa kevyesti muistolle.<\/p>\n<p class=\"article-body mb-nof-24 px-nof-16\">Jutila kertoo kuulleensa my\u00f6s Mustaj\u00e4rven roudarilta kehut itselt\u00e4\u00e4n <a class=\"article-personlink\" href=\"https:\/\/www.aamulehti.fi\/haku\/?query=Bruce%20Springsteenilt%C3%A4\" rel=\"nofollow noopener\" target=\"_blank\">Bruce Springsteenilt\u00e4<\/a>.<\/p>\n<p class=\"article-body mb-nof-24 px-nof-16\">\u201dSe oli silloin kun Bruce Springsteen oli Ratinassa. H\u00e4n oli kuullut, kun Pate vet\u00e4\u00e4 ja kysynyt, ett\u00e4 kuka t\u00e4\u00e4 j\u00e4tk\u00e4 on, joka laulaa suomeksi eik\u00e4 englanniksi. Oli mennyt kuuntelemaan, ja oli aivan \u00e4im\u00e4n\u00e4.\u201d<\/p>\n<p class=\"article-body mb-nof-24 px-nof-16\">\u201dPate oli kansanmies. Legenda. Toivottavasti h\u00e4n ottaa nyt taivaan valtakunnan haltuun, l\u00f6yt\u00e4\u00e4 sielt\u00e4 <a class=\"article-personlink\" href=\"https:\/\/www.aamulehti.fi\/haku\/?query=Marjam%C3%A4en%20Pekan\" rel=\"nofollow noopener\" target=\"_blank\">Marjam\u00e4en Pekan<\/a> vierelleen ja alkaa keksi\u00e4 jotain juttuja.\u201d<\/p>\n","protected":false},"excerpt":{"rendered":"Tieto Pate Mustaj\u00e4rven kuolemasta yll\u00e4tti Timo Jutilan t\u00e4ysin. Muusikko Pate Mustaj\u00e4rvi menehtyi tapaninp\u00e4iv\u00e4n\u00e4. Manserockin legenda kertoi marraskuussa sairastuneensa&hellip;\n","protected":false},"author":2,"featured_media":126918,"comment_status":"","ping_status":"","sticky":false,"template":"","format":"standard","meta":{"footnotes":""},"categories":[130],"tags":[157,137,33,31,30,32,109],"class_list":{"0":"post-126917","1":"post","2":"type-post","3":"status-publish","4":"format-standard","5":"has-post-thumbnail","7":"category-viihde","8":"tag-aamulehti","9":"tag-entertainment","10":"tag-fi","11":"tag-finland","12":"tag-finnish","13":"tag-suomi","14":"tag-viihde"},"share_on_mastodon":{"url":"https:\/\/pubeurope.com\/@fi\/115790665686027628","error":""},"_links":{"self":[{"href":"https:\/\/www.europesays.com\/fi\/wp-json\/wp\/v2\/posts\/126917","targetHints":{"allow":["GET"]}}],"collection":[{"href":"https:\/\/www.europesays.com\/fi\/wp-json\/wp\/v2\/posts"}],"about":[{"href":"https:\/\/www.europesays.com\/fi\/wp-json\/wp\/v2\/types\/post"}],"author":[{"embeddable":true,"href":"https:\/\/www.europesays.com\/fi\/wp-json\/wp\/v2\/users\/2"}],"replies":[{"embeddable":true,"href":"https:\/\/www.europesays.com\/fi\/wp-json\/wp\/v2\/comments?post=126917"}],"version-history":[{"count":0,"href":"https:\/\/www.europesays.com\/fi\/wp-json\/wp\/v2\/posts\/126917\/revisions"}],"wp:featuredmedia":[{"embeddable":true,"href":"https:\/\/www.europesays.com\/fi\/wp-json\/wp\/v2\/media\/126918"}],"wp:attachment":[{"href":"https:\/\/www.europesays.com\/fi\/wp-json\/wp\/v2\/media?parent=126917"}],"wp:term":[{"taxonomy":"category","embeddable":true,"href":"https:\/\/www.europesays.com\/fi\/wp-json\/wp\/v2\/categories?post=126917"},{"taxonomy":"post_tag","embeddable":true,"href":"https:\/\/www.europesays.com\/fi\/wp-json\/wp\/v2\/tags?post=126917"}],"curies":[{"name":"wp","href":"https:\/\/api.w.org\/{rel}","templated":true}]}}