{"id":126921,"date":"2025-12-27T08:51:06","date_gmt":"2025-12-27T08:51:06","guid":{"rendered":"https:\/\/www.europesays.com\/fi\/126921\/"},"modified":"2025-12-27T08:51:06","modified_gmt":"2025-12-27T08:51:06","slug":"professorin-mukaan-vladimir-putin-paljasti-venajan-heikkouden","status":"publish","type":"post","link":"https:\/\/www.europesays.com\/fi\/126921\/","title":{"rendered":"Professorin mukaan Vladimir Putin paljasti Ven\u00e4j\u00e4n heikkouden"},"content":{"rendered":"<p class=\"ai-optimize-6 ai-optimize-introduction\">Ven\u00e4j\u00e4ll\u00e4 j\u00e4rjestettiin viime viikolla vuosittainen \u201dSuora linja <strong>Vladimir Putinin<\/strong> kanssa\u201d-ohjelma, jossa presidentti vastaili n\u00e4enn\u00e4isen spontaanisti kansalaisten ja median kysymyksiin politiikasta, ajankohtaisista aiheista ja paikallistason ongelmista.<\/p>\n<p class=\"ai-optimize-7\">Arvostettu Ven\u00e4j\u00e4-asiantuntija, professori <strong>Mark Galeotti<\/strong> toteaa Putinin suoriutuneen sin\u00e4ns\u00e4 kohtuullisen hyvin 73-vuotiaaksi. Puuduttavan pitk\u00e4ss\u00e4 eli 4,5-tuntisessa maratonohjelmassa ei ollut edes vessataukoja.<\/p>\n<p class=\"ai-optimize-7\">\u2013 Kyseess\u00e4 on tietenkin teatraalinen rituaali. Asetelma on kuin tsaari kuuntelemassa vetoomuksia alaisiltaan. H\u00e4n viestii omalle maalleen, ulkomaisille tarkkailijoille ja esitt\u00e4\u00e4 faktojen ja lukujen osaamistaan. T\u00e4ll\u00e4 kertaa kiinnostavaa oli, ett\u00e4 Putin ep\u00e4r\u00f6i monien lukujen kohdalla eik\u00e4 usein mennyt yksityiskohtiin, Mark Galeotti toteaa <a href=\"https:\/\/inmoscowsshadows.buzzsprout.com\/1026985\/episodes\/18391160-in-moscow-s-shadows-228-blood-soil-versus-bread-butter\" target=\"_blank\" rel=\"noopener nofollow\">In Moscow\u2019s Shadows<\/a> -podcastissaan.<\/p>\n<p class=\"ai-optimize-6\">Professorin mukaan t\u00e4m\u00e4nkaltainen formaatti on hy\u00f6dyllinen miss\u00e4 tahansa autokraattisessa j\u00e4rjestelm\u00e4ss\u00e4, koska informaatio p\u00e4\u00e4see virtaamaan ainakin hetkellisesti itsevaltaiselle johtajalle ilman tavanomaisia pullonkauloja. Tsaareilla oli t\u00e4t\u00e4 tarkoitusta varten vetoomustoimisto, ja kommunistiaikoina roolia suoritti keskuskomitean osasto, jonne kansalaiset l\u00e4hettiv\u00e4t kirjeit\u00e4\u00e4n.<\/p>\n<p class=\"ai-optimize-7\">Neuvostojohtaja <strong>Mihail Gorbatshovin<\/strong> aikana vastaavaa viestint\u00e4\u00e4 k\u00e4ytettiin ohittamaan kankea puoluekoneisto, johon Gorbatshov luotti vuosi vuodelta v\u00e4hemm\u00e4n.<\/p>\n<p class=\"ai-optimize-8\">Vladimir Putin toisti tv-ohjelmassa tuttua propagandaa l\u00e4nsimaita ja Ukrainaa vastaan. H\u00e4n toisaalta muisteli vuonna 1993 Saksan liittokansleri <strong>Helmut Kohlin<\/strong> kanssa k\u00e4ym\u00e4\u00e4ns\u00e4 keskustelua, jossa Kohl arvioi Euroopan ja Ven\u00e4j\u00e4n t\u00e4ydent\u00e4v\u00e4n toinen toistaan.<\/p>\n<p class=\"ai-optimize-9\">Mark Galeotti pit\u00e4\u00e4 ristiriitaa huomionarvoisena. Vladimir Putin esitt\u00e4\u00e4 Euroopan kaikkien ongelmiensa juurisyyn\u00e4 ja Ukrainan vastarinnan selk\u00e4rankana, mutta samalla haikailee tietynlaista suhteiden l\u00e4mmitt\u00e4mist\u00e4.<\/p>\n<p class=\"ai-optimize-10\">\u2013 T\u00e4m\u00e4 on keskeinen osa ven\u00e4l\u00e4ist\u00e4 poliittista kulttuuria ja geopoliittista mielikuvaa omasta paikastaan. Vaikka h\u00e4n demonisoi eurooppalaisia, h\u00e4n samalla kaipaa jonkinlaista uutta liennytyst\u00e4, Galeotti sanoo.<\/p>\n<p class=\"ai-optimize-11\">Vladimir Putin k\u00e4vi ohjelmassa l\u00e4pi Ven\u00e4j\u00e4n talouslukuja ja v\u00e4itti kaiken olevan menossa oikeaan suuntaan haasteista huolimatta. Reaalipalkkojen kasvuksi h\u00e4n sanoi 4,5 prosenttia, vaikka ty\u00f6voiman tuottavuus on vain 1,1 prosenttia.<\/p>\n<p class=\"ai-optimize-11\">T\u00e4m\u00e4 ei kerro hyv\u00e4\u00e4 kansantalouden kannalta alhaisen talouskasvun aikana. Taustalla on ty\u00f6markkinoiden kire\u00e4 tilanne, mik\u00e4 heijastuu reilun kahden prosentin ty\u00f6tt\u00f6myydess\u00e4.<\/p>\n<p class=\"ai-optimize-12\">\u2013 Miksih\u00e4n n\u00e4in on? Ensinn\u00e4kin 1,1\u20131,3 miljoonaa omaa kansalaistasi on kuollut tai haavoittunut Ukrainan sodassa. H\u00e4n itse sanoi, ett\u00e4 700 000 ven\u00e4l\u00e4ist\u00e4 on sotatoimialueella. Ty\u00f6markkinat ovat siis kovan paineen alla. Kaikkien on pakko taistella rajoitetusta m\u00e4\u00e4r\u00e4st\u00e4 ty\u00f6ntekij\u00f6it\u00e4, mik\u00e4 ajaa palkkoja yl\u00f6s, Galeotti sanoo.<\/p>\n<p class=\"ai-optimize-13\">Professorin mukaan Vladimir Putin tuli k\u00e4yt\u00e4nn\u00f6ss\u00e4 paljastaneeksi maansa tukalan taloudellisen tilanteen.<\/p>\n<p class=\"ai-optimize-14\">\u2013 T\u00e4m\u00e4 on ongelma. Kyseess\u00e4 on Ven\u00e4j\u00e4n talouden haaste eik\u00e4 sen etuly\u00f6ntiasema, Mark Galeotti toteaa.<\/p>\n<p class=\"ai-optimize-15\">Vladimir Putin ilmaisi vastauksissaan tukea vapaille markkinoille ja antoi ymm\u00e4rt\u00e4\u00e4, ettei etenisi kohti neuvostotyylist\u00e4 komentotaloutta. Professorin mukaan markkinoiden rajoituksia voi kuitenkin olla pakko tehd\u00e4 l\u00e4hitulevaisuudessa sodan aiheuttamien paineiden kasvaessa.<\/p>\n<p>Poimintoja videosis\u00e4ll\u00f6ist\u00e4mme<\/p>\n<p class=\"ai-optimize-16\">Eri puolilta Ven\u00e4j\u00e4\u00e4 tulevien kysymysten yleiset teemat antoivat viitteit\u00e4 siit\u00e4, miss\u00e4 asioissa valtio suoriutuu yh\u00e4 heikommin. Esille nousivat el\u00e4kkeet, terveydenhuolto, liikenne sek\u00e4 perheiden ja lasten tuki.<\/p>\n<p class=\"ai-optimize-17\">Putin k\u00e4yt\u00e4nn\u00f6ss\u00e4 toisti vastausta, jonka mukaan valtio tulisi \u201dtutkimaan asiaa\u201d tai sanoi aiheen olevan liittovaltion heini\u00e4. Professori huomauttaa, ett\u00e4 Vladimir Putin k\u00e4yt\u00e4nn\u00f6ss\u00e4 on yht\u00e4 kuin Ven\u00e4j\u00e4n liittovaltio.<\/p>\n<p class=\"ai-optimize-18\">\u2013 Kaikki valta on lopulta h\u00e4nen k\u00e4siss\u00e4\u00e4n. H\u00e4n ei p\u00e4\u00e4t\u00e4 asioista, joista ei halua p\u00e4\u00e4tt\u00e4\u00e4 ja jotka katsoo olevan h\u00e4nelle liian v\u00e4h\u00e4p\u00e4t\u00f6isi\u00e4. Usein kuullut selitykset siit\u00e4, ett\u00e4 jonkin ministeri\u00f6n pit\u00e4isi tutkia asiaa\u2026 ne ovat vain pelkuruutta. Sanoisin, ett\u00e4 t\u00e4m\u00e4 toi esille tiettyj\u00e4 heikkouksia Putinin asemassa, Galeotti toteaa.<\/p>\n","protected":false},"excerpt":{"rendered":"Ven\u00e4j\u00e4ll\u00e4 j\u00e4rjestettiin viime viikolla vuosittainen \u201dSuora linja Vladimir Putinin kanssa\u201d-ohjelma, jossa presidentti vastaili n\u00e4enn\u00e4isen spontaanisti kansalaisten ja median&hellip;\n","protected":false},"author":2,"featured_media":126922,"comment_status":"","ping_status":"","sticky":false,"template":"","format":"standard","meta":{"footnotes":""},"categories":[14],"tags":[22,23,26,27,33,31,30,17,24,25,28,29,15,18,21,32,19,20,56,16,987,59,60,61],"class_list":{"0":"post-126921","1":"post","2":"type-post","3":"status-publish","4":"format-standard","5":"has-post-thumbnail","7":"category-ulkomaat","8":"tag-breaking-news","9":"tag-breakingnews","10":"tag-featured-news","11":"tag-featurednews","12":"tag-fi","13":"tag-finland","14":"tag-finnish","15":"tag-headlines","16":"tag-latest-news","17":"tag-latestnews","18":"tag-main-news","19":"tag-mainnews","20":"tag-news","21":"tag-otsikot","22":"tag-paauutiset","23":"tag-suomi","24":"tag-top-stories","25":"tag-topstories","26":"tag-ulkomaat","27":"tag-uutiset","28":"tag-venajan-hyokkays","29":"tag-world","30":"tag-world-news","31":"tag-worldnews"},"share_on_mastodon":{"url":"https:\/\/pubeurope.com\/@fi\/115790681461718983","error":""},"_links":{"self":[{"href":"https:\/\/www.europesays.com\/fi\/wp-json\/wp\/v2\/posts\/126921","targetHints":{"allow":["GET"]}}],"collection":[{"href":"https:\/\/www.europesays.com\/fi\/wp-json\/wp\/v2\/posts"}],"about":[{"href":"https:\/\/www.europesays.com\/fi\/wp-json\/wp\/v2\/types\/post"}],"author":[{"embeddable":true,"href":"https:\/\/www.europesays.com\/fi\/wp-json\/wp\/v2\/users\/2"}],"replies":[{"embeddable":true,"href":"https:\/\/www.europesays.com\/fi\/wp-json\/wp\/v2\/comments?post=126921"}],"version-history":[{"count":0,"href":"https:\/\/www.europesays.com\/fi\/wp-json\/wp\/v2\/posts\/126921\/revisions"}],"wp:featuredmedia":[{"embeddable":true,"href":"https:\/\/www.europesays.com\/fi\/wp-json\/wp\/v2\/media\/126922"}],"wp:attachment":[{"href":"https:\/\/www.europesays.com\/fi\/wp-json\/wp\/v2\/media?parent=126921"}],"wp:term":[{"taxonomy":"category","embeddable":true,"href":"https:\/\/www.europesays.com\/fi\/wp-json\/wp\/v2\/categories?post=126921"},{"taxonomy":"post_tag","embeddable":true,"href":"https:\/\/www.europesays.com\/fi\/wp-json\/wp\/v2\/tags?post=126921"}],"curies":[{"name":"wp","href":"https:\/\/api.w.org\/{rel}","templated":true}]}}