{"id":126926,"date":"2025-12-27T09:03:41","date_gmt":"2025-12-27T09:03:41","guid":{"rendered":"https:\/\/www.europesays.com\/fi\/126926\/"},"modified":"2025-12-27T09:03:41","modified_gmt":"2025-12-27T09:03:41","slug":"laitteet-pilveen-vai-pilvi-laitteisiin-keskustelunavauksia-teollisuuden-ja-yhteiskunnan-digialustojen-uusista-kehitystrendeista","status":"publish","type":"post","link":"https:\/\/www.europesays.com\/fi\/126926\/","title":{"rendered":"Laitteet pilveen \u2013 vai pilvi laitteisiin? Keskustelunavauksia teollisuuden ja yhteiskunnan digialustojen uusista kehitystrendeist\u00e4"},"content":{"rendered":"<p>\t\t\tTiivistelm\u00e4<\/p>\n<p>Kun internetin hajanaiset tietoverkot 1990-luvun alussa yhdistettiin yhten\u00e4iseksi j\u00e4rjestelmien verkostoksi, internetin kaupallinen hy\u00f6dynt\u00e4minen r\u00e4j\u00e4hti synnytt\u00e4en t\u00e4ysin uudenlaisia liiketoimintamalleja ja talouden rakenteita. Vastaavaa murrosta ennakoidaan nyt teollisuuden ja yhteiskunnan digitalisaation saralla. Kysymys kuitenkin kuuluu, miten toisistaan erill\u00e4\u00e4n rakentuneet j\u00e4rjestelm\u00e4t saadaan yhdistetty\u00e4 saumattomasti toimivaksi j\u00e4rjestelmien verkostoksi?<\/p>\n<p>Toistaiseksi ongelmaa on ratkottu pitk\u00e4lti keskitettyjen ja hajautettujen j\u00e4rjestelm\u00e4arkkitehtuurien pohjalta. Analyysimme kuitenkin osoittaa, ett\u00e4 syntym\u00e4ss\u00e4 on t\u00e4ysin uusiin teknologisiin ratkaisuihin, kuten lohkoketjuteknologiaan, perustuvia innovatiivisia arkkitehtuuriratkaisuja, jotka saattavat t\u00e4ysin mullistaa digitalisaation ennakoidut rakenteet ja ansaintalogiikat. Uusien vertaisverkkoarkkitehtuurien my\u00f6t\u00e4 digitalisaation ymm\u00e4rt\u00e4minen vaatii systeemitasoisempaa ajattelua, sill\u00e4 niiden avulla laitteiden v\u00e4lill\u00e4 voidaan autonomisesti jakaa muutakin kuin pelkk\u00e4\u00e4 dataa \u2013 esimerkiksi laskentatehoa, tallennustilaa tai energiaa.<\/p>\n<p>Abstract<\/p>\n<p>In the beginning of the 1990\u2019s, various fragmented information networks of the Internet were combined into one integrated network of systems. As a result, the commercial utilization of the Internet boomed, creating completely new business models and economic structures in the process. A similar reaction is now anticipated from the digitalization of industry and society at large. However, the big question is, how can all the separately structured, isolated systems be fused into one seamless network of systems?<\/p>\n<p>So far the problem has mainly been addressed from the stand-point of centralized and decentralized system architectures. Our analysis shows, however, that completely new and innovative technological approaches, such as block chain technology, are emerging to address this problem. These new distributed architecture solutions may completely revolutionize the anticipated structures and business models of the digitalization currently in progress, as they allow machines to autonomously share much more than just data, e.g. computational capacity, storage space or even electric power. As a result, understanding digitalization in its full capacity requires a systems approach and new kind of higher-level thinking on the scale of a network of systems.<\/p>\n","protected":false},"excerpt":{"rendered":"Tiivistelm\u00e4 Kun internetin hajanaiset tietoverkot 1990-luvun alussa yhdistettiin yhten\u00e4iseksi j\u00e4rjestelmien verkostoksi, internetin kaupallinen hy\u00f6dynt\u00e4minen r\u00e4j\u00e4hti synnytt\u00e4en t\u00e4ysin uudenlaisia&hellip;\n","protected":false},"author":2,"featured_media":39314,"comment_status":"","ping_status":"","sticky":false,"template":"","format":"standard","meta":{"footnotes":""},"categories":[86],"tags":[420,33,31,30,421,32,91,92],"class_list":{"0":"post-126926","1":"post","2":"type-post","3":"status-publish","4":"format-standard","5":"has-post-thumbnail","7":"category-laitteet","8":"tag-equipment","9":"tag-fi","10":"tag-finland","11":"tag-finnish","12":"tag-laitteet","13":"tag-suomi","14":"tag-technology","15":"tag-teknologia"},"share_on_mastodon":{"url":"https:\/\/pubeurope.com\/@fi\/115790728556370259","error":""},"_links":{"self":[{"href":"https:\/\/www.europesays.com\/fi\/wp-json\/wp\/v2\/posts\/126926","targetHints":{"allow":["GET"]}}],"collection":[{"href":"https:\/\/www.europesays.com\/fi\/wp-json\/wp\/v2\/posts"}],"about":[{"href":"https:\/\/www.europesays.com\/fi\/wp-json\/wp\/v2\/types\/post"}],"author":[{"embeddable":true,"href":"https:\/\/www.europesays.com\/fi\/wp-json\/wp\/v2\/users\/2"}],"replies":[{"embeddable":true,"href":"https:\/\/www.europesays.com\/fi\/wp-json\/wp\/v2\/comments?post=126926"}],"version-history":[{"count":0,"href":"https:\/\/www.europesays.com\/fi\/wp-json\/wp\/v2\/posts\/126926\/revisions"}],"wp:featuredmedia":[{"embeddable":true,"href":"https:\/\/www.europesays.com\/fi\/wp-json\/wp\/v2\/media\/39314"}],"wp:attachment":[{"href":"https:\/\/www.europesays.com\/fi\/wp-json\/wp\/v2\/media?parent=126926"}],"wp:term":[{"taxonomy":"category","embeddable":true,"href":"https:\/\/www.europesays.com\/fi\/wp-json\/wp\/v2\/categories?post=126926"},{"taxonomy":"post_tag","embeddable":true,"href":"https:\/\/www.europesays.com\/fi\/wp-json\/wp\/v2\/tags?post=126926"}],"curies":[{"name":"wp","href":"https:\/\/api.w.org\/{rel}","templated":true}]}}