{"id":126927,"date":"2025-12-27T09:05:07","date_gmt":"2025-12-27T09:05:07","guid":{"rendered":"https:\/\/www.europesays.com\/fi\/126927\/"},"modified":"2025-12-27T09:05:07","modified_gmt":"2025-12-27T09:05:07","slug":"jussi-pirttikangas-42-on-noussut-yleison-suosikiksi-tunteikas-puheenvuoro-itku-siina-meinasi-tulla","status":"publish","type":"post","link":"https:\/\/www.europesays.com\/fi\/126927\/","title":{"rendered":"Jussi Pirttikangas, 42, on noussut yleis\u00f6n suosikiksi \u2013 tunteikas puheenvuoro: \u201dItku siin\u00e4 meinasi tulla\u201d"},"content":{"rendered":"<p>Jussi Pirttikangas on noussut yleis\u00f6n suosikiksi Ice Cagessa.<\/p>\n<p class=\"article-body mb-nof-24 px-nof-16\">\u2013 Juna l\u00e4hti jouluaattoaamuna kymmenelt\u00e4. Itku siin\u00e4 meinasi tulla, kun halasi lapset.<\/p>\n<p class=\"article-body mb-nof-24 px-nof-16\">T\u00e4m\u00e4 joulu oli ensimm\u00e4inen kerta, kun kemil\u00e4inen kolmen lapsen is\u00e4 <a class=\"article-personlink\" href=\"https:\/\/www.is.fi\/haku\/?query=Jussi%20Pirttikangas\" rel=\"nofollow noopener\" target=\"_blank\">Jussi Pirttikangas<\/a>, 42, oli poissa kotoa.<\/p>\n<p class=\"article-body mb-nof-24 px-nof-16\">Etel\u00e4\u00e4n ja Espooseen h\u00e4net toi Ice Cage 6 -otteluilta.<\/p>\n<p class=\"article-body mb-nof-24 px-nof-16\">Pirttikangas otti tuomari\u00e4\u00e4nin voiton Riku Leinosesta 86-kiloisten thainyrkkeilykohtaamisessa.<\/p>\n<p class=\"article-body mb-nof-24 px-nof-16\">Helppoa se ei ollut.<\/p>\n<p class=\"article-body mb-nof-24 px-nof-16\">\u2013 Paska suoritus, mutta riitti voittoon, Pirttikangas tokaisi.<\/p>\n<p class=\"article-body mb-nof-24 px-nof-16\">H\u00e4nen k\u00e4tens\u00e4 leikattiin muutama kuukausi sitten.<\/p>\n<p class=\"article-body mb-nof-24 px-nof-16\">\u2013 Ei se ole oikein palautunut.<\/p>\n<p class=\"article-body mb-nof-24 px-nof-16\">Pirttikankaan lapsi oli sairaana pari viikkoa sitten, ja h\u00e4n on itsekin siit\u00e4 asti heng\u00e4stynyt herk\u00e4sti. Keuhkoissa on ollut ik\u00e4v\u00e4 tunne.<\/p>\n<p class=\"article-body mb-nof-24 px-nof-16\">\u2013 En ole ikin\u00e4 ollut n\u00e4in ep\u00e4varma ennen ottelua.<\/p>\n<p class=\"article-body mb-nof-24 px-nof-16\">Asiaa eiv\u00e4t terveysmurheiden lis\u00e4ksi helpottaneet odotukset.<\/p>\n<p class=\"article-body mb-nof-24 px-nof-16\">\u2013 Ihmiset odottavat, ett\u00e4 tyrm\u00e4\u00e4n. Kaveritkin odottavat.<\/p>\n<p class=\"article-body mb-nof-24 px-nof-16\">Konkarikamppailijan ura jatkuu ensi syyskuuhun asti. Sovittuna on sit\u00e4 ennen jo kolme ottelua.<\/p>\n<p class=\"article-body mb-nof-24 px-nof-16\">Veteraanista on vanhoilla p\u00e4ivill\u00e4\u00e4n tullut pienimuotoinen kansansuosikki. V\u00e4hint\u00e4\u00e4nkin Ice Cagen kulttisankari.<\/p>\n<p class=\"article-body mb-nof-24 px-nof-16\">\u2013 Tosi outoa, Pirttikangas hym\u00e4hti.<\/p>\n<p class=\"article-body mb-nof-24 px-nof-16\">Ice Cage on kasvanut suomalaisessa kamppailu-urheilussa ennenn\u00e4kem\u00e4tt\u00f6m\u00e4ksi ilmi\u00f6ksi.<\/p>\n<p class=\"article-body mb-nof-24 px-nof-16\">\u2013 Kun olen esimerkiksi Hamarassa otellut, niin lajiniilot Turussa ovat tunnistaneet. Mutta t\u00e4m\u00e4 Tiktok-maailma on se, mik\u00e4 t\u00e4m\u00e4n r\u00e4j\u00e4ytt\u00e4\u00e4.<\/p>\n","protected":false},"excerpt":{"rendered":"Jussi Pirttikangas on noussut yleis\u00f6n suosikiksi Ice Cagessa. \u2013 Juna l\u00e4hti jouluaattoaamuna kymmenelt\u00e4. Itku siin\u00e4 meinasi tulla, kun&hellip;\n","protected":false},"author":2,"featured_media":126928,"comment_status":"","ping_status":"","sticky":false,"template":"","format":"standard","meta":{"footnotes":""},"categories":[136],"tags":[407,137,33,31,30,34,408,32,109],"class_list":{"0":"post-126927","1":"post","2":"type-post","3":"status-publish","4":"format-standard","5":"has-post-thumbnail","7":"category-julkkikset","8":"tag-celebrities","9":"tag-entertainment","10":"tag-fi","11":"tag-finland","12":"tag-finnish","13":"tag-ilta-sanomat","14":"tag-julkkikset","15":"tag-suomi","16":"tag-viihde"},"share_on_mastodon":{"url":"https:\/\/pubeurope.com\/@fi\/115790736458352754","error":""},"_links":{"self":[{"href":"https:\/\/www.europesays.com\/fi\/wp-json\/wp\/v2\/posts\/126927","targetHints":{"allow":["GET"]}}],"collection":[{"href":"https:\/\/www.europesays.com\/fi\/wp-json\/wp\/v2\/posts"}],"about":[{"href":"https:\/\/www.europesays.com\/fi\/wp-json\/wp\/v2\/types\/post"}],"author":[{"embeddable":true,"href":"https:\/\/www.europesays.com\/fi\/wp-json\/wp\/v2\/users\/2"}],"replies":[{"embeddable":true,"href":"https:\/\/www.europesays.com\/fi\/wp-json\/wp\/v2\/comments?post=126927"}],"version-history":[{"count":0,"href":"https:\/\/www.europesays.com\/fi\/wp-json\/wp\/v2\/posts\/126927\/revisions"}],"wp:featuredmedia":[{"embeddable":true,"href":"https:\/\/www.europesays.com\/fi\/wp-json\/wp\/v2\/media\/126928"}],"wp:attachment":[{"href":"https:\/\/www.europesays.com\/fi\/wp-json\/wp\/v2\/media?parent=126927"}],"wp:term":[{"taxonomy":"category","embeddable":true,"href":"https:\/\/www.europesays.com\/fi\/wp-json\/wp\/v2\/categories?post=126927"},{"taxonomy":"post_tag","embeddable":true,"href":"https:\/\/www.europesays.com\/fi\/wp-json\/wp\/v2\/tags?post=126927"}],"curies":[{"name":"wp","href":"https:\/\/api.w.org\/{rel}","templated":true}]}}