{"id":126931,"date":"2025-12-27T09:12:08","date_gmt":"2025-12-27T09:12:08","guid":{"rendered":"https:\/\/www.europesays.com\/fi\/126931\/"},"modified":"2025-12-27T09:12:08","modified_gmt":"2025-12-27T09:12:08","slug":"nyrkkeily-jake-paulin-aiti-raivon-partaalla-syyttaa-promoottoria-sairaaksi","status":"publish","type":"post","link":"https:\/\/www.europesays.com\/fi\/126931\/","title":{"rendered":"Nyrkkeily: Jake Paulin \u00e4iti raivon partaalla \u2013 syytt\u00e4\u00e4 promoottoria \u201dsairaaksi\u201d"},"content":{"rendered":"<p>Nyrkkeilij\u00e4n \u00e4idill\u00e4 kiehahti.<\/p>\n<p class=\"article-body mb-nof-24 px-nof-16\">Kohunyrkkeilij\u00e4 <a class=\"article-personlink\" href=\"https:\/\/www.is.fi\/haku\/?query=Jake%20Paulin\" rel=\"nofollow noopener\" target=\"_blank\">Jake Paulin<\/a> \u00e4iti <a class=\"article-personlink\" href=\"https:\/\/www.is.fi\/haku\/?query=Pam%20Stepnick\" rel=\"nofollow noopener\" target=\"_blank\">Pam Stepnick<\/a> kertoi Impaulsive-podcastissa haluavansa ly\u00f6d\u00e4 nyrkkeilypromoottori <a class=\"article-personlink\" href=\"https:\/\/www.is.fi\/haku\/?query=Eddie%20Hearnia\" rel=\"nofollow noopener\" target=\"_blank\">Eddie Hearnia<\/a>.<\/p>\n<p class=\"article-body mb-nof-24 px-nof-16\">Paul kohtasi <a class=\"article-personlink\" href=\"https:\/\/www.is.fi\/haku\/?query=Anthony%20Joshuan\" rel=\"nofollow noopener\" target=\"_blank\">Anthony Joshuan<\/a> nyrkkeilykeh\u00e4ss\u00e4 perjantaina 19. joulukuuta. Ottelu p\u00e4\u00e4ttyi kuudennessa er\u00e4ss\u00e4 Joshuan tyrm\u00e4tty\u00e4 Paulin. Stepnick ja Hearn olivat molemmat seuraamassa ottelua paikan p\u00e4\u00e4ll\u00e4.<\/p>\n<p class=\"article-body mb-nof-24 px-nof-16\">\u2013\u2009Tahdon nousta keh\u00e4\u00e4n ja ly\u00f6d\u00e4 Hearnia, koska en pid\u00e4 h\u00e4nen omahyv\u00e4isest\u00e4 naamastaan, Stepnick <a class=\"underline underline-offset-[0.12em] [text-decoration-thickness:var(--generic-link-underline-thickness)] [text-decoration-color:var(--generic-link-underline-color)] [text-decoration-skip-ink:var(--generic-link-underline-skip-ink)] break-words\" href=\"https:\/\/www.dailymail.co.uk\/sport\/boxing\/article-15412361\/Jake-Pauls-mum-Anthony-Joshua-apologised-fight-one-man-shed-like-punch.html\" rel=\"nofollow noopener\" target=\"_blank\">tykitti <\/a>podcastissa.<\/p>\n<p class=\"article-body mb-nof-24 px-nof-16\">\u2013\u2009H\u00e4n luulee olevansa parempi kuin muut. Jake kamppailee keh\u00e4ss\u00e4 ja Hearn vain istuu sen ulkopuolella hymyillen omahyv\u00e4isen\u00e4.<\/p>\n<p class=\"article-body mb-nof-24 px-nof-16\">Paulin leuan kahdesta kohtaa murtanut Joshua tuli pahoittelemaan Stepnickille ottelun j\u00e4lkeen.<\/p>\n<p class=\"article-body mb-nof-24 px-nof-16\">\u2013\u2009H\u00e4n tuli sanomaan minulle, ett\u00e4 \u201d\u00e4iti, muista t\u00e4m\u00e4n olevan vain nyrkkeily\u00e4\u201d, Stepnick avasi.<\/p>\n<p class=\"article-body mb-nof-24 px-nof-16\">\u2013\u2009H\u00e4nell\u00e4 oli tyyli\u00e4.<\/p>\n<p class=\"article-body mb-nof-24 px-nof-16\">Hearnilta sit\u00e4 ei taas l\u00f6ytynyt. Stepnick on varma, ett\u00e4 promoottori oli tyytyv\u00e4inen n\u00e4hdess\u00e4\u00e4n Paulin h\u00e4vi\u00e4v\u00e4n.<\/p>\n<p class=\"article-body mb-nof-24 px-nof-16\">\u2013\u2009Se on sairasta. En pid\u00e4 siit\u00e4, nyrkkeilij\u00e4n \u00e4iti sanoi.<\/p>\n<p class=\"article-body mb-nof-24 px-nof-16\">Kyseess\u00e4 ei suinkaan ollut ensimm\u00e4inen kerta, kun Stepnickill\u00e4 kiehui poikansa vastustajaa vastaan.<\/p>\n<p class=\"article-body mb-nof-24 px-nof-16\">H\u00e4n kertoi haluavansa \u201dtappaa <a class=\"article-personlink\" href=\"https:\/\/www.is.fi\/haku\/?query=Mike%20Tysonin\" rel=\"nofollow noopener\" target=\"_blank\">Mike Tysonin<\/a>\u201d, kun nyrkkeilylegenda l\u00e4pp\u00e4si Paulia heid\u00e4n otteluaan edelt\u00e4v\u00e4ss\u00e4 punnituksessa.<\/p>\n<p class=\"article-body mb-nof-24 px-nof-16\">\u00c4idin kiukkua saattaa kuitenkin lievent\u00e4\u00e4 se, ett\u00e4 h\u00e4nen poikansa ansaitsi ottelusta tiett\u00e4v\u00e4sti noin 80 miljoonaa euroa.<\/p>\n","protected":false},"excerpt":{"rendered":"Nyrkkeilij\u00e4n \u00e4idill\u00e4 kiehahti. Kohunyrkkeilij\u00e4 Jake Paulin \u00e4iti Pam Stepnick kertoi Impaulsive-podcastissa haluavansa ly\u00f6d\u00e4 nyrkkeilypromoottori Eddie Hearnia. Paul kohtasi&hellip;\n","protected":false},"author":2,"featured_media":126932,"comment_status":"","ping_status":"","sticky":false,"template":"","format":"standard","meta":{"footnotes":""},"categories":[158],"tags":[33,31,30,34,159,32,160],"class_list":{"0":"post-126931","1":"post","2":"type-post","3":"status-publish","4":"format-standard","5":"has-post-thumbnail","7":"category-urheilu","8":"tag-fi","9":"tag-finland","10":"tag-finnish","11":"tag-ilta-sanomat","12":"tag-sports","13":"tag-suomi","14":"tag-urheilu"},"share_on_mastodon":{"url":"https:\/\/pubeurope.com\/@fi\/115790764030392313","error":""},"_links":{"self":[{"href":"https:\/\/www.europesays.com\/fi\/wp-json\/wp\/v2\/posts\/126931","targetHints":{"allow":["GET"]}}],"collection":[{"href":"https:\/\/www.europesays.com\/fi\/wp-json\/wp\/v2\/posts"}],"about":[{"href":"https:\/\/www.europesays.com\/fi\/wp-json\/wp\/v2\/types\/post"}],"author":[{"embeddable":true,"href":"https:\/\/www.europesays.com\/fi\/wp-json\/wp\/v2\/users\/2"}],"replies":[{"embeddable":true,"href":"https:\/\/www.europesays.com\/fi\/wp-json\/wp\/v2\/comments?post=126931"}],"version-history":[{"count":0,"href":"https:\/\/www.europesays.com\/fi\/wp-json\/wp\/v2\/posts\/126931\/revisions"}],"wp:featuredmedia":[{"embeddable":true,"href":"https:\/\/www.europesays.com\/fi\/wp-json\/wp\/v2\/media\/126932"}],"wp:attachment":[{"href":"https:\/\/www.europesays.com\/fi\/wp-json\/wp\/v2\/media?parent=126931"}],"wp:term":[{"taxonomy":"category","embeddable":true,"href":"https:\/\/www.europesays.com\/fi\/wp-json\/wp\/v2\/categories?post=126931"},{"taxonomy":"post_tag","embeddable":true,"href":"https:\/\/www.europesays.com\/fi\/wp-json\/wp\/v2\/tags?post=126931"}],"curies":[{"name":"wp","href":"https:\/\/api.w.org\/{rel}","templated":true}]}}