{"id":126942,"date":"2025-12-27T09:19:09","date_gmt":"2025-12-27T09:19:09","guid":{"rendered":"https:\/\/www.europesays.com\/fi\/126942\/"},"modified":"2025-12-27T09:19:09","modified_gmt":"2025-12-27T09:19:09","slug":"ilotulitteiden-ammattilainen-kieltaisi-yhden-rakettityypin-kokonaan-ei-tarvitse-kuin-katsella-silmavammatilastoja-pirkanmaa","status":"publish","type":"post","link":"https:\/\/www.europesays.com\/fi\/126942\/","title":{"rendered":"Ilotulitteiden ammattilainen kielt\u00e4isi yhden rakettityypin kokonaan: \u201dEi tarvitse kuin katsella silm\u00e4vamma\u00adtilastoja\u201d | Pirkanmaa"},"content":{"rendered":"<p class=\"aw-1gybjub aw-5vja16 kEtdKx kmuxyA yle__article__paragraph\">Ministeri\u00f6n selvityksen perusteella nyky\u00e4\u00e4n sallittuja tuoteryhmi\u00e4 ei tarvitse kielt\u00e4\u00e4 kuluttajilta. Ammattilaiset ovat eri mielt\u00e4 rakettien rajoituksista.<\/p>\n<p><img decoding=\"async\" alt=\"Suomen Rakettitukun toimitusjohtaja Emilia Lehto poseeraa keskell\u00e4 yrityksen v\u00e4rik\u00e4st\u00e4 myyntipistett\u00e4.\" src=\"https:\/\/www.europesays.com\/fi\/wp-content\/uploads\/2025\/12\/39-157282069455cda03f26.jpeg\" class=\"aw-1l9m598 hKVVvP\"\/><\/p>\n<p>Avaa kuvien katselu<\/p>\n<p>Suomen Rakettitukun toimitusjohtajan Emilia Lehdon mielest\u00e4 ilotulitteiden s\u00e4\u00e4ntely on Suomessa ajan tasalla. Kuva: Janne K\u00f6rkk\u00f6 \/ Yle<\/p>\n<p>10:20\u2022P\u00e4ivitetty 11:14<\/p>\n<ul class=\"aw-1jjocuh iJTSwP yle__article__list yle__article__list--ul\">\n<li class=\"aw-1j7gwms gNYKfi\">Alan ammattilaiset ovat eri mielt\u00e4 ilotulitteiden myynnin rajoittamisesta.<\/li>\n<li class=\"aw-1j7gwms gNYKfi\">Suomen Tulitteen tekninen johtaja Tuomo Liinanki kielt\u00e4isi kepilliset raketit silm\u00e4vammojen takia.<\/li>\n<li class=\"aw-1j7gwms gNYKfi\">Rakettitukun toimitusjohtaja Emilia Lehto taas sanoo, ett\u00e4 Suomen s\u00e4\u00e4ntely on jo nyt riitt\u00e4v\u00e4n tiukka.<\/li>\n<li class=\"aw-1j7gwms gNYKfi\">My\u00f6sk\u00e4\u00e4n valvova viranomainen Tukes ei n\u00e4e tarvetta uusille kielloille.<\/li>\n<\/ul>\n<p class=\"aw-1gybjub aw-1p7kakr kEtdKx cEmitX yle__article__paragraph\">Ammattilaiset ovat eri mielt\u00e4 siit\u00e4, pit\u00e4isik\u00f6 kuluttajille myyt\u00e4vien ilotulitteiden valikoimaa rajoittaa.<\/p>\n<p class=\"aw-1gybjub aw-1p7kakr kEtdKx cEmitX yle__article__paragraph\">Yli 40 vuotta ilotulitteiden parissa ty\u00f6skennellyt <strong class=\"aw-ak79eh KyCXm yle__article__strong\">Tuomo Liinanki<\/strong> on sit\u00e4 mielt\u00e4, ett\u00e4 kaikki kepilliset raketit olisi pit\u00e4nyt kielt\u00e4\u00e4 jo ajat sitten.<\/p>\n<p class=\"aw-1gybjub aw-1p7kakr kEtdKx cEmitX yle__article__paragraph\">\u2013 Ei tarvitse katsella muuta kuin silm\u00e4vammatilastoja. Raketit lentelev\u00e4t sinne sun t\u00e4nne. Puhutaan l\u00e4hestulkoon aina n\u00e4ist\u00e4 kepillisist\u00e4 raketeista, Liinanki sanoo.<\/p>\n<p class=\"aw-1gybjub aw-1p7kakr kEtdKx cEmitX yle__article__paragraph\">Liinanki on Suomen Tulitteen tekninen johtaja. Yritys on ilotulitteiden maahantuoja ja tukkukauppa sek\u00e4 ilotulitusn\u00e4yt\u00f6sten j\u00e4rjest\u00e4j\u00e4.<\/p>\n<p class=\"aw-1gybjub aw-1p7kakr kEtdKx cEmitX yle__article__paragraph\">Ilotulitteita myyv\u00e4n Suomen Rakettitukun toimitusjohtaja <strong class=\"aw-ak79eh KyCXm yle__article__strong\">Emilia Lehto<\/strong> on puolestaan sit\u00e4 mielt\u00e4, ettei mit\u00e4\u00e4n tuoteryhm\u00e4\u00e4 pit\u00e4isi kielt\u00e4\u00e4.<\/p>\n<p class=\"aw-1gybjub aw-1p7kakr kEtdKx cEmitX yle__article__paragraph\">\u2013 Mielest\u00e4ni meill\u00e4 on Suomessa tosi hyv\u00e4 s\u00e4\u00e4ntely ja tarkat kriteerit, ett\u00e4 millaisia tuotteita t\u00e4nne saa ylip\u00e4\u00e4t\u00e4\u00e4n tuoda ja myyd\u00e4, Lehto sanoo.<\/p>\n<p><img decoding=\"async\" alt=\"Turva-ohjeistus ilotulittajille. Kehotuksia, kuten muista suojalasit ja tue pata sek\u00e4 anna ilotulitteen j\u00e4\u00e4hty\u00e4.\" src=\"https:\/\/www.europesays.com\/fi\/wp-content\/uploads\/2025\/12\/39-157281669455cd78e417.jpeg\" loading=\"lazy\" class=\"aw-1l9m598 hKVVvP\"\/><\/p>\n<p>Avaa kuvien katselu<\/p>\n<p>Tammikuussa 2010 tuli voimaan ilotulitteita koskevat tiukemmat m\u00e4\u00e4r\u00e4ykset. M\u00e4\u00e4r\u00e4yksill\u00e4 kiellettiin pienet roomalaiset kynttil\u00e4t ja pikkuraketit, tehtiin suojalasit pakollisiksi, lyhennettiin tulitusaikaa ja kiellettiin ilotulitteiden antaminen alle 18-vuotiaille. Kuva: Janne K\u00f6rkk\u00f6 \/ YleAmpuja voi asettaa raketin v\u00e4\u00e4r\u00e4\u00e4n kulmaan<\/p>\n<p class=\"aw-1gybjub aw-1p7kakr kEtdKx cEmitX yle__article__paragraph\">Turvallisuus- ja kemikaaliviraston (Tukes) mukaan Suomessa <a class=\"aw-iao6s4 iHOxEa yle__article__link\" href=\"https:\/\/tukes.fi\/tuotteet-ja-palvelut\/rajahteet-ilotulitteet-patruunat-ja-ruuti\/ilotuliteonnettomuudet\" role=\"link\" rel=\"nofollow noopener\" target=\"_blank\">sattuu<\/a> nyky\u00e4\u00e4n vuosittain vajaat 20 silm\u00e4vammaa vuodenvaihteessa.<\/p>\n<p class=\"aw-1gybjub aw-1p7kakr kEtdKx cEmitX yle__article__paragraph\">Tulipaloja ilotulitteet aiheuttavat vuodenvaihteessa kymmeni\u00e4. Niist\u00e4 muutama on rakennuspaloja.<\/p>\n<p class=\"aw-1gybjub aw-1p7kakr kEtdKx cEmitX yle__article__paragraph\">Liinanki perustelee rajoittavaa kantaansa my\u00f6s sill\u00e4, ett\u00e4 uutenavuotena iso osa Suomesta voi olla lumeton. Silloin keppiraketteja ei Liinangin mukaan saa ammuttua turvallisesti, koska niit\u00e4 ei pysty asettamaan lumeen.<\/p>\n<p class=\"aw-1gybjub aw-1p7kakr kEtdKx cEmitX yle__article__paragraph\">\u2013 Telineit\u00e4 on myyt\u00e4v\u00e4n\u00e4, mutta niit\u00e4 myyd\u00e4\u00e4n aika v\u00e4h\u00e4n suhteessa keppirakettimyyntiin, Liinanki sanoo.<\/p>\n<p class=\"aw-1gybjub aw-1p7kakr kEtdKx cEmitX yle__article__paragraph\"><strong class=\"aw-ak79eh KyCXm yle__article__strong\">Katso videolta, mit\u00e4 Ylen haastattelemat kansalaiset ajattelevat ilotulitteiden turvallisuudesta:<\/strong><\/p>\n<p>Video: Janne K\u00f6rkk\u00f6 \/ Yle, Miikka Varila \/ Yle.<\/p>\n<p class=\"aw-1gybjub aw-1p7kakr kEtdKx cEmitX yle__article__paragraph\">Liinangin mielest\u00e4 kuluttaja ei v\u00e4ltt\u00e4m\u00e4tt\u00e4 ymm\u00e4rr\u00e4 rakettien k\u00e4ytt\u00f6ohjeita, joissa neuvotaan suuntaamaan ilotulite poisp\u00e4in katsojista. Raketti saatetaan asettaa v\u00e4\u00e4r\u00e4\u00e4n kulmaan, jolloin se ehtii kaartaa takaisin maahan ja r\u00e4j\u00e4ht\u00e4\u00e4 siell\u00e4.<\/p>\n<p class=\"aw-1gybjub aw-1p7kakr kEtdKx cEmitX yle__article__paragraph\">Liinangin mukaan ohjeessa pit\u00e4isi lukea, ett\u00e4 keppiraketti ammutaan suoraan yl\u00f6sp\u00e4in. T\u00e4m\u00e4 olisi k\u00e4ytt\u00e4j\u00e4lle yksinkertaisinta.<\/p>\n<p class=\"aw-1gybjub aw-1p7kakr kEtdKx cEmitX yle__article__paragraph\">Lis\u00e4ksi h\u00e4nen mielest\u00e4\u00e4n myynniss\u00e4 on mittasuhteiltaan sellaisia ilotulitepatoja, jotka voivat kuluttajien k\u00e4yt\u00f6ss\u00e4 p\u00e4\u00e4st\u00e4 kaatumaan, varsinkin jos alusta on ep\u00e4tasainen.<\/p>\n<p class=\"aw-1gybjub aw-1p7kakr kEtdKx cEmitX yle__article__paragraph\">\u2013 Padan koon voisi m\u00e4\u00e4ritell\u00e4 sellaiseksi, ett\u00e4 k\u00e4ytt\u00f6ohjeissa ei tarvitsisi lukea, ett\u00e4 tue tuote hyvin, Liinanki sanoo.<\/p>\n<p>Padan voi tukea esimerkiksi tiiliskivill\u00e4<\/p>\n<p class=\"aw-1gybjub aw-1p7kakr kEtdKx cEmitX yle__article__paragraph\">Suomen Rakettitukkua johtavan Emilia Lehdon mukaan keppiraketteja voi ampua, vaikka lunta ei olisikaan. Esimerkiksi Rakettitukun rakettipakkauksissa on mukana ammuntaputki.<\/p>\n<p class=\"aw-1gybjub aw-1p7kakr kEtdKx cEmitX yle__article__paragraph\">Patojen tukemista varten Rakettitukku myy s\u00e4\u00e4dett\u00e4v\u00e4\u00e4 telinett\u00e4. My\u00f6s muun muassa tiiliskivi\u00e4 voi k\u00e4ytt\u00e4\u00e4 padan tukemiseen sivusuunnassa.<\/p>\n<p class=\"aw-1gybjub aw-1p7kakr kEtdKx cEmitX yle__article__paragraph\">Lehdon k\u00e4sityksen mukaan suurin osa ihmisist\u00e4 osaa k\u00e4ytt\u00e4\u00e4 ilotulitteita turvallisesti.<\/p>\n<p class=\"aw-1gybjub aw-1p7kakr kEtdKx cEmitX yle__article__paragraph\">Rakettitukku myy vuodenvaihteessa ilotulitteita ymp\u00e4ri Suomea. Myyntipisteit\u00e4 on yli 350 paikassa.<\/p>\n<p class=\"aw-1gybjub aw-1p7kakr kEtdKx cEmitX yle__article__paragraph\"><strong class=\"aw-ak79eh KyCXm yle__article__strong\">Katso videolta toimitusjohtaja Emilia Lehdon vinkkej\u00e4 keppirakettien ja patojen turvalliseen k\u00e4ytt\u00f6\u00f6n:<\/strong><\/p>\n<p>Video: Janne K\u00f6rkk\u00f6 \/ Yle, Miikka Varila \/ Yle.Raketteja kiellet\u00e4\u00e4n suhteellisen v\u00e4h\u00e4n<\/p>\n<p class=\"aw-1gybjub aw-1p7kakr kEtdKx cEmitX yle__article__paragraph\">Ilotulitteita valvoo Tukes. Tukesin l\u00e4ht\u00f6kohta on, ett\u00e4 ilotulitteiden pit\u00e4\u00e4 olla vaatimusten mukaisia ja turvallisia. N\u00e4in sanoo ylitarkastaja <strong class=\"aw-ak79eh KyCXm yle__article__strong\">Jonas Sjelvgren.<\/strong><\/p>\n<p class=\"aw-1gybjub aw-1p7kakr kEtdKx cEmitX yle__article__paragraph\">Ty\u00f6- ja elinkeinoministeri\u00f6n <a class=\"aw-iao6s4 iHOxEa yle__article__link\" href=\"https:\/\/tem.fi\/-\/selvitys-useita-keinoja-parantaa-ilotuliteturvallisuutta-ja-vahentaa-ilotulitteista-aiheutuvia-haittoja\" role=\"link\" rel=\"nofollow noopener\" target=\"_blank\">selvityksess\u00e4<\/a> etsittiin keinoja parantaa ilotuliteturvallisuutta ja v\u00e4hent\u00e4\u00e4 haittoja. Selvitys ei l\u00f6yt\u00e4nyt tietty\u00e4 tuoteluokkaa, joka pit\u00e4isi jatkossa kielt\u00e4\u00e4 kuluttajien k\u00e4yt\u00f6st\u00e4 turvallisuussyist\u00e4.<\/p>\n<p><img decoding=\"async\" alt=\"Pakkaus keppiraketteja p\u00f6yd\u00e4ll\u00e4. Paketissa lukee Rakettitukku.\" src=\"https:\/\/www.europesays.com\/fi\/wp-content\/uploads\/2025\/12\/39-157281769455cd836900.jpeg\" loading=\"lazy\" class=\"aw-1l9m598 hKVVvP\"\/><\/p>\n<p>Avaa kuvien katselu<\/p>\n<p>Tukes tarkastaa vuosittain noin 80\u2013100 ilotulitetuotetta. Tarkastukset tapahtuvat p\u00e4\u00e4osin myyntipisteill\u00e4 vuodenvaihteen sesongin yhteydess\u00e4. Kuva: Janne K\u00f6rkk\u00f6 \/ Yle<\/p>\n<p class=\"aw-1gybjub aw-1p7kakr kEtdKx cEmitX yle__article__paragraph\">Sjelvgrenin mukana Tukes tekee ilotulitteita koskevia kieltop\u00e4\u00e4t\u00f6ksi\u00e4 yleens\u00e4 eritt\u00e4in v\u00e4h\u00e4n verrattuna tarkastusm\u00e4\u00e4riin.<\/p>\n<p class=\"aw-1gybjub aw-1p7kakr kEtdKx cEmitX yle__article__paragraph\">\u2013 Yleens\u00e4 kieltop\u00e4\u00e4t\u00f6s liittyy siihen, ett\u00e4 kyseinen tuotetyyppi ei ole sallittu Suomessa kuluttajille. Joskus p\u00e4\u00e4t\u00f6s on voinut liitty\u00e4 puuttuvaan merkint\u00e4\u00e4n, Sjelvgren kertoo.<\/p>\n<p class=\"aw-1gybjub aw-1p7kakr kEtdKx cEmitX yle__article__paragraph\">Vuosina 2022\u20132025 Tukes on tehnyt viisi ilotulitteita koskevaa kieltop\u00e4\u00e4t\u00f6st\u00e4.<\/p>\n<p class=\"aw-1gybjub aw-1p7kakr kEtdKx cEmitX yle__article__paragraph\">Ilotulitteiden myynti kuluttajille on sallittua luvan saaneille myyntipisteille 27.\u201331. joulukuuta. Ilotulitteita saa luovuttaa ja myyd\u00e4 vain pelastuslaitoksen hyv\u00e4ksym\u00e4st\u00e4 myyntipisteest\u00e4.<\/p>\n","protected":false},"excerpt":{"rendered":"Ministeri\u00f6n selvityksen perusteella nyky\u00e4\u00e4n sallittuja tuoteryhmi\u00e4 ei tarvitse kielt\u00e4\u00e4 kuluttajilta. Ammattilaiset ovat eri mielt\u00e4 rakettien rajoituksista. Avaa kuvien&hellip;\n","protected":false},"author":2,"featured_media":126943,"comment_status":"","ping_status":"","sticky":false,"template":"","format":"standard","meta":{"footnotes":""},"categories":[5],"tags":[22,23,26,27,33,31,30,17,7558,71,1246,24,25,28,29,2349,15,18,21,553,728,32,19,20,546,22485,16],"class_list":{"0":"post-126942","1":"post","2":"type-post","3":"status-publish","4":"format-standard","5":"has-post-thumbnail","7":"category-otsikot","8":"tag-breaking-news","9":"tag-breakingnews","10":"tag-featured-news","11":"tag-featurednews","12":"tag-fi","13":"tag-finland","14":"tag-finnish","15":"tag-headlines","16":"tag-ilotulitukset","17":"tag-kotimaa","18":"tag-kuluttajat","19":"tag-latest-news","20":"tag-latestnews","21":"tag-main-news","22":"tag-mainnews","23":"tag-myynti","24":"tag-news","25":"tag-otsikot","26":"tag-paauutiset","27":"tag-pirkanmaa","28":"tag-pohjois-pohjanmaa","29":"tag-suomi","30":"tag-top-stories","31":"tag-topstories","32":"tag-turvallisuus","33":"tag-uusivuosi","34":"tag-uutiset"},"share_on_mastodon":{"url":"https:\/\/pubeurope.com\/@fi\/115790791861277357","error":""},"_links":{"self":[{"href":"https:\/\/www.europesays.com\/fi\/wp-json\/wp\/v2\/posts\/126942","targetHints":{"allow":["GET"]}}],"collection":[{"href":"https:\/\/www.europesays.com\/fi\/wp-json\/wp\/v2\/posts"}],"about":[{"href":"https:\/\/www.europesays.com\/fi\/wp-json\/wp\/v2\/types\/post"}],"author":[{"embeddable":true,"href":"https:\/\/www.europesays.com\/fi\/wp-json\/wp\/v2\/users\/2"}],"replies":[{"embeddable":true,"href":"https:\/\/www.europesays.com\/fi\/wp-json\/wp\/v2\/comments?post=126942"}],"version-history":[{"count":0,"href":"https:\/\/www.europesays.com\/fi\/wp-json\/wp\/v2\/posts\/126942\/revisions"}],"wp:featuredmedia":[{"embeddable":true,"href":"https:\/\/www.europesays.com\/fi\/wp-json\/wp\/v2\/media\/126943"}],"wp:attachment":[{"href":"https:\/\/www.europesays.com\/fi\/wp-json\/wp\/v2\/media?parent=126942"}],"wp:term":[{"taxonomy":"category","embeddable":true,"href":"https:\/\/www.europesays.com\/fi\/wp-json\/wp\/v2\/categories?post=126942"},{"taxonomy":"post_tag","embeddable":true,"href":"https:\/\/www.europesays.com\/fi\/wp-json\/wp\/v2\/tags?post=126942"}],"curies":[{"name":"wp","href":"https:\/\/api.w.org\/{rel}","templated":true}]}}