{"id":12695,"date":"2025-08-22T03:07:10","date_gmt":"2025-08-22T03:07:10","guid":{"rendered":"https:\/\/www.europesays.com\/fi\/12695\/"},"modified":"2025-08-22T03:07:10","modified_gmt":"2025-08-22T03:07:10","slug":"tampere-aikoo-tuomita-kymmenien-tuhansien-eurojen-uhkasakot-armonkallion-salahotellille-pirkanmaa","status":"publish","type":"post","link":"https:\/\/www.europesays.com\/fi\/12695\/","title":{"rendered":"Tampere aikoo tuomita kymmenien tuhansien eurojen uhkasakot Armonkallion salahotellille | Pirkanmaa"},"content":{"rendered":"<p class=\"sc-jYczwO sc-dNFkOE bUKqJd eiHPxO yle__article__paragraph\">Tampere kielsi Pursikadulla sijaitsevan kerrostalon asuntojen lyhytvuokrauksen jo vuonna 2022. Kaupungin p\u00e4\u00e4t\u00f6s tuli t\u00e4n\u00e4 vuonna lainvoimaiseksi pitk\u00e4n valitusprosessin j\u00e4lkeen. <\/p>\n<p><img decoding=\"async\" alt=\"Pursikatu 4.\" src=\"https:\/\/www.europesays.com\/fi\/wp-content\/uploads\/2025\/08\/39-1299249666322f2cd9b1.jpeg\" class=\"sc-dntSTA iywpZY\"\/><\/p>\n<p>Avaa kuvien katselu<\/p>\n<p>Pursikadulla sijaitseva kerrostalo rakennettiin puretun, vanhan puutalon tilalle muutama vuosi sitten. Kuva: Elina Nieminen \/ Yle<\/p>\n<p class=\"sc-jYczwO sc-ciCoXh bUKqJd cIOueB yle__article__paragraph\">Tampere on perim\u00e4ss\u00e4 Armonkallion niin kutsuttuun salahotelliin liittyvi\u00e4 uhkasakkoja.<\/p>\n<p class=\"sc-jYczwO sc-ciCoXh bUKqJd cIOueB yle__article__paragraph\">Kaupunki aikoo tuomita sek\u00e4 majoitustoiminnan py\u00f6ritt\u00e4j\u00e4n Hiisi Experience Groupin ett\u00e4 kiinteist\u00f6n omistajan Keskin\u00e4inen kiinteist\u00f6osakeyhti\u00f6 Tampereen Pursikatu 4:n maksamaan 45\u00a0000 euron sakot t\u00e4m\u00e4n vuoden maalis-hein\u00e4kuulta.<\/p>\n<p class=\"sc-jYczwO sc-ciCoXh bUKqJd cIOueB yle__article__paragraph\">Asia on yhdyskuntalautakunnan ymp\u00e4rist\u00f6- ja rakennusjaoston k\u00e4sittelyss\u00e4 ensi tiistaina.<\/p>\n<p class=\"sc-jYczwO sc-ciCoXh bUKqJd cIOueB yle__article__paragraph\">Tampere kielsi majoitustoiminnan Pursikadulla sijaitsevassa kerrostalossa jo vuonna 2022.<\/p>\n<p class=\"sc-jYczwO sc-ciCoXh bUKqJd cIOueB yle__article__paragraph\">Kaupunki asetti tuolloin sek\u00e4 Pursikatu 4:lle ett\u00e4 Hiisille erikseen juoksevan <a class=\"sc-jDJeIs gotUgl yle__article__link\" href=\"https:\/\/yle.fi\/a\/3-12503491\" role=\"link\" rel=\"nofollow noopener\" target=\"_blank\">uhkasakon<\/a>. Sakon kiinte\u00e4 peruser\u00e4 on 20\u00a0000 euroa ja lis\u00e4er\u00e4 5\u00a0000 euroa jokaiselta kuukaudelta, jolloin kieltoa ei noudateta.<\/p>\n<p class=\"sc-jYczwO sc-ciCoXh bUKqJd cIOueB yle__article__paragraph\">Asiaa on puitu pitk\u00e4\u00e4n eri oikeusasteissa. Korkein hallinto-oikeus (KHO) <a class=\"sc-jDJeIs gotUgl yle__article__link\" href=\"https:\/\/yle.fi\/a\/74-20142134\" role=\"link\" rel=\"nofollow noopener\" target=\"_blank\">hylk\u00e4si yhti\u00f6iden valituslupahakemukset<\/a> t\u00e4m\u00e4n vuoden helmikuussa.<\/p>\n<p class=\"sc-jYczwO sc-ciCoXh bUKqJd cIOueB yle__article__paragraph\">Tampereen rakennusvalvonnan mukaan talon asuntoja on edelleen ollut varattavissa lyhytaikaiseen majoitukseen KHO:n p\u00e4\u00e4t\u00f6ksen j\u00e4lkeen.<\/p>\n<p class=\"sc-jYczwO sc-ciCoXh bUKqJd cIOueB yle__article__paragraph\">Yhti\u00f6t vastustavat yh\u00e4 uhkasakkoa kaupungille antamissaan selityksiss\u00e4 eiv\u00e4tk\u00e4 aio noudattaa majoitustoiminnan kieltoa.<\/p>\n<p class=\"sc-jYczwO sc-ciCoXh bUKqJd cIOueB yle__article__paragraph\">Tampereen kaupungin mukaan talon majoitustoiminta on asemakaavan ja rakennusluvan vastaista.<\/p>\n","protected":false},"excerpt":{"rendered":"Tampere kielsi Pursikadulla sijaitsevan kerrostalon asuntojen lyhytvuokrauksen jo vuonna 2022. Kaupungin p\u00e4\u00e4t\u00f6s tuli t\u00e4n\u00e4 vuonna lainvoimaiseksi pitk\u00e4n valitusprosessin&hellip;\n","protected":false},"author":2,"featured_media":12696,"comment_status":"","ping_status":"","sticky":false,"template":"","format":"standard","meta":{"footnotes":""},"categories":[5],"tags":[22,23,26,27,33,31,30,17,71,24,25,28,29,5327,15,18,21,553,5329,32,551,19,20,5328,16,796],"class_list":{"0":"post-12695","1":"post","2":"type-post","3":"status-publish","4":"format-standard","5":"has-post-thumbnail","7":"category-otsikot","8":"tag-breaking-news","9":"tag-breakingnews","10":"tag-featured-news","11":"tag-featurednews","12":"tag-fi","13":"tag-finland","14":"tag-finnish","15":"tag-headlines","16":"tag-kotimaa","17":"tag-latest-news","18":"tag-latestnews","19":"tag-main-news","20":"tag-mainnews","21":"tag-majoitus","22":"tag-news","23":"tag-otsikot","24":"tag-paauutiset","25":"tag-pirkanmaa","26":"tag-rakennusvalvonta","27":"tag-suomi","28":"tag-tampere","29":"tag-top-stories","30":"tag-topstories","31":"tag-uhkasakko","32":"tag-uutiset","33":"tag-yhteiskunta"},"share_on_mastodon":{"url":"","error":""},"_links":{"self":[{"href":"https:\/\/www.europesays.com\/fi\/wp-json\/wp\/v2\/posts\/12695","targetHints":{"allow":["GET"]}}],"collection":[{"href":"https:\/\/www.europesays.com\/fi\/wp-json\/wp\/v2\/posts"}],"about":[{"href":"https:\/\/www.europesays.com\/fi\/wp-json\/wp\/v2\/types\/post"}],"author":[{"embeddable":true,"href":"https:\/\/www.europesays.com\/fi\/wp-json\/wp\/v2\/users\/2"}],"replies":[{"embeddable":true,"href":"https:\/\/www.europesays.com\/fi\/wp-json\/wp\/v2\/comments?post=12695"}],"version-history":[{"count":0,"href":"https:\/\/www.europesays.com\/fi\/wp-json\/wp\/v2\/posts\/12695\/revisions"}],"wp:featuredmedia":[{"embeddable":true,"href":"https:\/\/www.europesays.com\/fi\/wp-json\/wp\/v2\/media\/12696"}],"wp:attachment":[{"href":"https:\/\/www.europesays.com\/fi\/wp-json\/wp\/v2\/media?parent=12695"}],"wp:term":[{"taxonomy":"category","embeddable":true,"href":"https:\/\/www.europesays.com\/fi\/wp-json\/wp\/v2\/categories?post=12695"},{"taxonomy":"post_tag","embeddable":true,"href":"https:\/\/www.europesays.com\/fi\/wp-json\/wp\/v2\/tags?post=12695"}],"curies":[{"name":"wp","href":"https:\/\/api.w.org\/{rel}","templated":true}]}}