{"id":126962,"date":"2025-12-27T09:45:09","date_gmt":"2025-12-27T09:45:09","guid":{"rendered":"https:\/\/www.europesays.com\/fi\/126962\/"},"modified":"2025-12-27T09:45:09","modified_gmt":"2025-12-27T09:45:09","slug":"hannes-myrsky-iskee-katso-ennuste-tunti-tunnilta","status":"publish","type":"post","link":"https:\/\/www.europesays.com\/fi\/126962\/","title":{"rendered":"Hannes-myrsky iskee \u2013 katso ennuste tunti tunnilta"},"content":{"rendered":"<p>Voimakas tuuli saa lumen p\u00f6lly\u00e4m\u00e4\u00e4n, mik\u00e4 heikent\u00e4\u00e4 ajokeli\u00e4 entisest\u00e4\u00e4n. Lumisateita osuu lauantaina myrskyn mukana Uudellemaalle asti.<\/p>\n<p class=\"article-body mb-nof-24 px-nof-16\">Hannes-myrsky iskee lauantaina Suomeen. Tuuli voimistuu laajemmin vasta iltap\u00e4iv\u00e4ll\u00e4, mutta tuuli ylsi jo aamulla l\u00e4hes myrskylukemiin rannikolla Rauman tiet\u00e4mill\u00e4.<\/p>\n<p class=\"article-body mb-nof-24 px-nof-16\">Joulun paluuliikenne on lauantaina vilkkaimmillaan. Ratissa kannattaa olla tietyill\u00e4 alueilla erityisen valppaana, sill\u00e4 lumisade ja voimakas tuuli tekev\u00e4t ajokelist\u00e4 paikoin huonon.<\/p>\n<p class=\"article-body mb-nof-24 px-nof-16\">Ilmatieteen laitos on antanut varoituksia vaarallisesta ajokelist\u00e4, voimakkaasta tuulesta ja aallokosta. Selk\u00e4meren etel\u00e4osaan on annettu varoitus hyvin vaarallisen voimakkaasta aallokosta.<\/p>\n<p class=\"article-body mb-nof-24 px-nof-16\">\u2013 Merell\u00e4 puhaltavia tuulia ajatellen myrskyn huippu osuu keskiy\u00f6n tiet\u00e4mille, Ilmatieteen laitoksen p\u00e4ivyst\u00e4v\u00e4 meteorologi <a class=\"article-personlink\" href=\"https:\/\/www.is.fi\/haku\/?query=Heikki%20Sinisalo\" rel=\"nofollow noopener\" target=\"_blank\">Heikki Sinisalo<\/a> kertoo.<\/p>\n<p class=\"article-body mb-nof-24 px-nof-16\">Kovat puuskat osuvat ensin alkuiltap\u00e4iv\u00e4st\u00e4 Suomen lounaissaaristoon. Tuuli yltyy my\u00f6hemmin iltap\u00e4iv\u00e4ll\u00e4 hurjiin lukemiin.<\/p>\n<p class=\"article-body mb-nof-24 px-nof-16\">Myrskypuuskan raja on 21 metri\u00e4 sekunnissa. Se tullaan todenn\u00e4k\u00f6isesti ylitt\u00e4m\u00e4\u00e4n useammalla alueella ja kovaa.<\/p>\n<p class=\"article-body mb-nof-24 px-nof-16\">\u2013 Sanotaan nyt kello 16\u201317:n aikoihin Rauman ja Vaasan v\u00e4liselle rannikkoalueelle osuu eritt\u00e4in kovia tuulia. Voi esiinty\u00e4 puuskia, jotka ovat jopa l\u00e4helle 30 metri\u00e4 sekunnissa.<\/p>\n<p class=\"article-body mb-nof-24 px-nof-16\">My\u00f6hemmin illalla ja y\u00f6t\u00e4 kohden ment\u00e4ess\u00e4 tuuli k\u00e4\u00e4ntyy puhaltamaan pohjoisesta. Pohjoisesta puhaltava voimakas tuuli yltyy kovemmaksi Per\u00e4merell\u00e4. T\u00e4ss\u00e4 vaiheessa Keski- ja Pohjois-Pohjanmaan rannikot ottavat kaikkein kovimmat puuskat vastaan.<\/p>\n<p class=\"article-body mb-nof-24 px-nof-16\">\u2013 Kovimmat puuskat voivat olla l\u00e4hemm\u00e4s 30 metri\u00e4 sekunnissa. Y\u00f6ll\u00e4 se alkaa v\u00e4hitellen hellitt\u00e4\u00e4, mutta viel\u00e4 aamuy\u00f6n puolellakin voi myrskylukemissa puhaltavia puuskia esiintynee pitkin rannikoita koko Pohjanlahden mitalta.<\/p>\n<p class=\"article-body mb-nof-24 px-nof-16\">Varoituksia on annettu my\u00f6s sis\u00e4maahan. Kainuun ja Koillismaan suunnalla sataa runsaasti lunta ja alueella on lauantaina eritt\u00e4in huono ajokeli. Ajokeli on Sinisalon mukaan laajalti huono muuallakin ja varoituskarttaa on j\u00e4rkev\u00e4 vilkaista ennen kuin hypp\u00e4\u00e4 auton rattiin.<\/p>\n<p class=\"article-body mb-nof-24 px-nof-16\">\u2013 Suhteellisen sankkoja lumikuuroja voi tulla aika etel\u00e4ss\u00e4kin pitkin p\u00e4iv\u00e4\u00e4. Kannattaa vilkaista varoituskarttoja ja seurata s\u00e4\u00e4tutkasta, minne lunta tulee.<\/p>\n<p class=\"article-body mb-nof-24 px-nof-16\">Etel\u00e4\u00e4n ja Pirkanmaalle ei ole odotettavissa kovin suuria lumikertymi\u00e4, mutta kuurot voivat olla paikallisesti sankkoja ja haitata liikennett\u00e4.<\/p>\n<p class=\"article-body mb-nof-24 px-nof-16\">Maan l\u00e4nsiosissa ajokeli muuttuu huonoksi vasta my\u00f6hemmin illalla, kun tuuli yltyy. Kova tuuli saa lumen p\u00f6lly\u00e4m\u00e4\u00e4n, mik\u00e4 huonontaa ajokeli\u00e4 entisest\u00e4\u00e4n.<\/p>\n<p class=\"article-body mb-nof-24 px-nof-16\">\u2013 Voisin kuvitella, ett\u00e4 liikenteest\u00e4 on suuri osa hoidettu jo, kun l\u00e4nsiosa ottaa kovimpia tuulia vastaan.<\/p>\n<p><img decoding=\"async\" src=\"https:\/\/www.europesays.com\/fi\/wp-content\/uploads\/2025\/12\/1766828709_620_468.jpg\" alt=\"L\u00e4mp\u00f6tilat ovat laajalti plussan puolella tai v\u00e4hint\u00e4\u00e4n nollassa aina Oulun korkeudelle saakka. Lappiin ja Koillismaalle on luvassa pient\u00e4 pakkasta tai nollakeli\u00e4 ja Pohjois-Lapissa pysytell\u00e4\u00e4n asteen verran plussalla.\" class=\"_Img_1rerz_1\" style=\"aspect-ratio:1.7777777777777777\" loading=\"eager\"\/><\/p>\n<p class=\"article-picture-caption\">L\u00e4mp\u00f6tilat ovat laajalti plussan puolella tai v\u00e4hint\u00e4\u00e4n nollassa aina Oulun korkeudelle saakka. Lappiin ja Koillismaalle on luvassa pient\u00e4 pakkasta tai nollakeli\u00e4 ja Pohjois-Lapissa pysytell\u00e4\u00e4n asteen verran plussalla. Kuva:\u00a0Ilmatieteen laitos<\/p>\n<p class=\"article-body mb-nof-24 px-nof-16\">Myrsky tulee aiheuttamaan tuulituhoja. Suomessa tuulee kovaa kaikkein tyypillisimmin lounaasta tai luoteesta. Suomen puusto on tottunut t\u00e4h\u00e4n. Puut eiv\u00e4t ota kovaa tuulta yht\u00e4 hyvin vastaan poikkeavasta suunnasta, mik\u00e4 tekee tuulituhoista todenn\u00e4k\u00f6isempi\u00e4. Esimerkiksi s\u00e4hk\u00f6katkot ovat todenn\u00e4k\u00f6isi\u00e4.<\/p>\n<p class=\"article-body mb-nof-24 px-nof-16\">\u2013 Puuta tulee menem\u00e4\u00e4n nurin ja kiinnitt\u00e4m\u00e4tt\u00f6m\u00e4t kevyet tavarat pihoilla tulevat lent\u00e4m\u00e4\u00e4n ja vahinkoa syntyy.<\/p>\n<p class=\"article-body mb-nof-24 px-nof-16\">Kova tuuli saa l\u00e4mp\u00f6tilan tuntumaan vilpoisalta, mutta lauantai on laajalti leuto. L\u00e4mp\u00f6tilat ovat laajalti plussan puolella tai v\u00e4hint\u00e4\u00e4n nollassa aina Oulun korkeudelle saakka. Lappiin ja Koillismaalle on luvassa pient\u00e4 pakkasta tai nollakeli\u00e4 ja Pohjois-Lapissa pysytell\u00e4\u00e4n asteen verran plussalla.<\/p>\n<p class=\"article-body mb-nof-24 px-nof-16\">Myrsky heikkenee sunnuntaiaamuksi.<\/p>\n","protected":false},"excerpt":{"rendered":"Voimakas tuuli saa lumen p\u00f6lly\u00e4m\u00e4\u00e4n, mik\u00e4 heikent\u00e4\u00e4 ajokeli\u00e4 entisest\u00e4\u00e4n. Lumisateita osuu lauantaina myrskyn mukana Uudellemaalle asti. Hannes-myrsky iskee&hellip;\n","protected":false},"author":2,"featured_media":126963,"comment_status":"","ping_status":"","sticky":false,"template":"","format":"standard","meta":{"footnotes":""},"categories":[5],"tags":[22,23,26,27,33,31,30,17,34,24,25,28,29,15,18,21,32,19,20,16],"class_list":{"0":"post-126962","1":"post","2":"type-post","3":"status-publish","4":"format-standard","5":"has-post-thumbnail","7":"category-otsikot","8":"tag-breaking-news","9":"tag-breakingnews","10":"tag-featured-news","11":"tag-featurednews","12":"tag-fi","13":"tag-finland","14":"tag-finnish","15":"tag-headlines","16":"tag-ilta-sanomat","17":"tag-latest-news","18":"tag-latestnews","19":"tag-main-news","20":"tag-mainnews","21":"tag-news","22":"tag-otsikot","23":"tag-paauutiset","24":"tag-suomi","25":"tag-top-stories","26":"tag-topstories","27":"tag-uutiset"},"share_on_mastodon":{"url":"https:\/\/pubeurope.com\/@fi\/115790893760072283","error":""},"_links":{"self":[{"href":"https:\/\/www.europesays.com\/fi\/wp-json\/wp\/v2\/posts\/126962","targetHints":{"allow":["GET"]}}],"collection":[{"href":"https:\/\/www.europesays.com\/fi\/wp-json\/wp\/v2\/posts"}],"about":[{"href":"https:\/\/www.europesays.com\/fi\/wp-json\/wp\/v2\/types\/post"}],"author":[{"embeddable":true,"href":"https:\/\/www.europesays.com\/fi\/wp-json\/wp\/v2\/users\/2"}],"replies":[{"embeddable":true,"href":"https:\/\/www.europesays.com\/fi\/wp-json\/wp\/v2\/comments?post=126962"}],"version-history":[{"count":0,"href":"https:\/\/www.europesays.com\/fi\/wp-json\/wp\/v2\/posts\/126962\/revisions"}],"wp:featuredmedia":[{"embeddable":true,"href":"https:\/\/www.europesays.com\/fi\/wp-json\/wp\/v2\/media\/126963"}],"wp:attachment":[{"href":"https:\/\/www.europesays.com\/fi\/wp-json\/wp\/v2\/media?parent=126962"}],"wp:term":[{"taxonomy":"category","embeddable":true,"href":"https:\/\/www.europesays.com\/fi\/wp-json\/wp\/v2\/categories?post=126962"},{"taxonomy":"post_tag","embeddable":true,"href":"https:\/\/www.europesays.com\/fi\/wp-json\/wp\/v2\/tags?post=126962"}],"curies":[{"name":"wp","href":"https:\/\/api.w.org\/{rel}","templated":true}]}}