{"id":126964,"date":"2025-12-27T09:57:08","date_gmt":"2025-12-27T09:57:08","guid":{"rendered":"https:\/\/www.europesays.com\/fi\/126964\/"},"modified":"2025-12-27T09:57:08","modified_gmt":"2025-12-27T09:57:08","slug":"jutta-larm-kavi-perheensa-kanssa-neuvonpidon-ennen-uuteen-tv-projektiin-lahtemista","status":"publish","type":"post","link":"https:\/\/www.europesays.com\/fi\/126964\/","title":{"rendered":"Jutta Larm k\u00e4vi perheens\u00e4 kanssa neuvonpidon ennen uuteen tv-projektiin l\u00e4htemist\u00e4"},"content":{"rendered":"<p><strong class=\"typography-bold\">Jutta Larm pohti tarkoin osallistumistaan Iholla-ohjelmaan.<\/strong><\/p>\n<p>Hyvinvointialan yritt\u00e4j\u00e4 <a class=\"cursor-pointer underline\" data-testid=\"internal-link\" role=\"link\" data-sentry-element=\"Link\" data-sentry-component=\"InternalLink\" data-sentry-source-file=\"InternalLink.tsx\" href=\"https:\/\/www.mtvuutiset.fi\/aihe\/jutta-larm\/2874726\" rel=\"nofollow noopener\" target=\"_blank\"><strong class=\"typography-bold\">Jutta Larm<\/strong><\/a> on yksi <a class=\"cursor-pointer underline\" data-testid=\"internal-link\" role=\"link\" data-sentry-element=\"Link\" data-sentry-component=\"InternalLink\" data-sentry-source-file=\"InternalLink.tsx\" href=\"https:\/\/www.mtvuutiset.fi\/aihe\/iholla\/2889962\" rel=\"nofollow noopener\" target=\"_blank\">Iholla<\/a>-sarjan nelj\u00e4st\u00e4 t\u00e4hdest\u00e4 ja toinen t\u00e4ysin uusi osallistuja ohjelmassa.\u00a0<\/p>\n<p>Larm kertoi syksyll\u00e4 MTV Uutisille pyrkineens\u00e4 kuvaamaan sarjaan el\u00e4m\u00e4\u00e4ns\u00e4 mahdollisimman aidosti.\u00a0<\/p>\n<p>Kuvaukset olivat kes\u00e4ll\u00e4 2025. Larmin mukaan ajanjakso oli hyvin vahvasti sit\u00e4 arkea, jota h\u00e4n muutenkin el\u00e4\u00e4.\u00a0<\/p>\n<p>Larm piti eritt\u00e4in t\u00e4rke\u00e4n\u00e4, ett\u00e4 h\u00e4n pystyi tallentamaan juuri sit\u00e4. H\u00e4nen perheenj\u00e4senens\u00e4 olivat projektin suhteen kannustavia, mutta lapset eiv\u00e4t halunneet kuvissa n\u00e4ky\u00e4. Ennen kuvaamisen aloittamista Larm k\u00e4vi\u00a0<\/p>\n<p>\u2013 Minulle on aina t\u00e4rke\u00e4\u00e4 se, miksi teen jotain. Olen ollut jo niin pitk\u00e4\u00e4n, yli kaksikymment\u00e4 vuotta julkisuudessa, niin ei ole en\u00e4\u00e4 (t\u00e4rke\u00e4\u00e4) tavallaan, ett\u00e4 saisin naamani johonkin, se ei ole se juttu. Minun piti l\u00f6yt\u00e4\u00e4 itselleni perheen kanssa semmoinen perustelu, ett\u00e4 miksi t\u00e4m\u00e4n tekisin.\u00a0<\/p>\n<p>Lue lis\u00e4\u00e4: <a class=\"cursor-pointer underline\" data-testid=\"internal-link\" role=\"link\" data-sentry-element=\"Link\" data-sentry-component=\"InternalLink\" data-sentry-source-file=\"InternalLink.tsx\" href=\"https:\/\/www.mtvuutiset.fi\/artikkeli\/iholla-sarja-saa-jatkoa-tassa-ovat-sarjan-uudet-paahenkilot\/9250370\" rel=\"nofollow noopener\" target=\"_blank\">Iholla-sarja saa jatkoa<\/a><\/p>\n<p>\u2013 Jotenkin t\u00e4h\u00e4n l\u00f6ytyi semmoinen punainen lanka, ett\u00e4 haluaisin pysty\u00e4 toimimaan kannustavana ihmisen\u00e4 siten, ett\u00e4 oikeasti her\u00e4\u00e4n aamunaamalla, t\u00e4ysin tukka sekaisin, ihan ilman meikki\u00e4. Vaikka olen somessakin aito, haluaisin olla t\u00e4ss\u00e4 Iholla-sarjassa niin aito, ett\u00e4 siin\u00e4 ei ole mit\u00e4\u00e4n feikki\u00e4.\u00a0<\/p>\n<p>Puoliso <strong class=\"typography-bold\">Juha Larm <\/strong>sen sijaan p\u00e4\u00e4tyi kameran eteen paljonkin. Jutta Larm vitsailee, ett\u00e4 heid\u00e4n osuutensa olisikin voinut olla &#8221;Larmit&#8221;.\u00a0<\/p>\n<p>\u2013 Tietysti teemme paljon juttuja yhdess\u00e4. Mutta my\u00f6skin toivottavasti siin\u00e4 tulee v\u00e4littym\u00e4\u00e4n meid\u00e4n suuri rakkaus ja se, mit\u00e4 meid\u00e4n arki on ja miten sit\u00e4 yhdess\u00e4 teemme.\u00a0<\/p>\n<p>Larm sai aikuisi\u00e4ll\u00e4 ADHD-diagnoosin, ja my\u00f6s se puoli h\u00e4nest\u00e4 n\u00e4kyy naisen mukaan vahvasti Iholla-sarjassa \u2013 vaikka h\u00e4n ei erikseen siit\u00e4 puhuisi. N\u00e4m\u00e4kin puolet Larmissa saattavat tulla h\u00e4nen mukaansa katsojille yll\u00e4tyksen\u00e4.\u00a0<\/p>\n<p>\u2013 Moni ajattelee sit\u00e4, ett\u00e4 olen tosi energinen, niin kuin olenkin, mutta sitten minussa on se toinen puoli, ja se on se rauha. Se, kun vaan olen ja vet\u00e4ydyn ja olen hiljaa. Mutta kyll\u00e4 sit\u00e4 ADHD-s\u00e4hellyst\u00e4kin on ihan varmasti mukana kyll\u00e4.\u00a0<\/p>\n<p>Uusi Iholla-kausi <a class=\"underline\" data-testid=\"external-link\" href=\"https:\/\/www.mtv.fi\/ohjelma\/760d25d244d7b76041b8\/iholla\" rel=\"noopener noreferrer nofollow\" data-sentry-component=\"ExternalLink\" data-sentry-source-file=\"ExternalLink.tsx\" target=\"_blank\">MTV Katsomossa<\/a> helmikuussa!<\/p>\n","protected":false},"excerpt":{"rendered":"Jutta Larm pohti tarkoin osallistumistaan Iholla-ohjelmaan. Hyvinvointialan yritt\u00e4j\u00e4 Jutta Larm on yksi Iholla-sarjan nelj\u00e4st\u00e4 t\u00e4hdest\u00e4 ja toinen t\u00e4ysin&hellip;\n","protected":false},"author":2,"featured_media":126965,"comment_status":"","ping_status":"","sticky":false,"template":"","format":"standard","meta":{"footnotes":""},"categories":[136],"tags":[407,137,33,31,30,408,32,109],"class_list":{"0":"post-126964","1":"post","2":"type-post","3":"status-publish","4":"format-standard","5":"has-post-thumbnail","7":"category-julkkikset","8":"tag-celebrities","9":"tag-entertainment","10":"tag-fi","11":"tag-finland","12":"tag-finnish","13":"tag-julkkikset","14":"tag-suomi","15":"tag-viihde"},"share_on_mastodon":{"url":"https:\/\/pubeurope.com\/@fi\/115790940961303457","error":""},"_links":{"self":[{"href":"https:\/\/www.europesays.com\/fi\/wp-json\/wp\/v2\/posts\/126964","targetHints":{"allow":["GET"]}}],"collection":[{"href":"https:\/\/www.europesays.com\/fi\/wp-json\/wp\/v2\/posts"}],"about":[{"href":"https:\/\/www.europesays.com\/fi\/wp-json\/wp\/v2\/types\/post"}],"author":[{"embeddable":true,"href":"https:\/\/www.europesays.com\/fi\/wp-json\/wp\/v2\/users\/2"}],"replies":[{"embeddable":true,"href":"https:\/\/www.europesays.com\/fi\/wp-json\/wp\/v2\/comments?post=126964"}],"version-history":[{"count":0,"href":"https:\/\/www.europesays.com\/fi\/wp-json\/wp\/v2\/posts\/126964\/revisions"}],"wp:featuredmedia":[{"embeddable":true,"href":"https:\/\/www.europesays.com\/fi\/wp-json\/wp\/v2\/media\/126965"}],"wp:attachment":[{"href":"https:\/\/www.europesays.com\/fi\/wp-json\/wp\/v2\/media?parent=126964"}],"wp:term":[{"taxonomy":"category","embeddable":true,"href":"https:\/\/www.europesays.com\/fi\/wp-json\/wp\/v2\/categories?post=126964"},{"taxonomy":"post_tag","embeddable":true,"href":"https:\/\/www.europesays.com\/fi\/wp-json\/wp\/v2\/tags?post=126964"}],"curies":[{"name":"wp","href":"https:\/\/api.w.org\/{rel}","templated":true}]}}