{"id":126968,"date":"2025-12-27T10:04:12","date_gmt":"2025-12-27T10:04:12","guid":{"rendered":"https:\/\/www.europesays.com\/fi\/126968\/"},"modified":"2025-12-27T10:04:12","modified_gmt":"2025-12-27T10:04:12","slug":"huonoimpia-u20-mm-joukkueita-mita-olen-nahnyt-ismo-lehkonen-ei-vakuuttunut-suomen-avausvastuksesta-urheilu","status":"publish","type":"post","link":"https:\/\/www.europesays.com\/fi\/126968\/","title":{"rendered":"\u201dHuonoimpia U20-MM-joukkueita mit\u00e4 olen n\u00e4hnyt\u201d \u2013 Ismo Lehkonen ei vakuuttunut Suomen avausvastuksesta | Urheilu"},"content":{"rendered":"<p class=\"aw-1gybjub aw-5vja16 kEtdKx kmuxyA yle__article__paragraph\">Yle Urheilun asiantuntija Ismo Lehkonen haluaisi, ett\u00e4 Nuorten Leijonien valmennus antaisi enemm\u00e4n vastuuta Max Westerg\u00e5rdille.<\/p>\n<p><img decoding=\"async\" alt=\"Suomi ja Tanska kohtasivat nuorten MM-kisoissa. \" src=\"https:\/\/www.europesays.com\/fi\/wp-content\/uploads\/2025\/12\/39-1574695694f31c5d5a57.jpeg\" class=\"aw-1l9m598 hKVVvP\"\/><\/p>\n<p>Avaa kuvien katselu<\/p>\n<p>Suomi voitti Tanskan avausottelussa lukemin 6\u20132. Kuva: Tiia Mahkonen \/ Lehtikuva<\/p>\n<p class=\"aw-1gybjub aw-1p7kakr kEtdKx cEmitX yle__article__paragraph\">J\u00e4\u00e4kiekon nuorten MM-kisat j\u00e4rjestet\u00e4\u00e4n Yhdysvaltain St. Paulissa ja Minneapolisissa, Minnesotassa, 26.12.2025 \u2013 5.1.2026. Yle seuraa kisojen tapahtumia Yle-sovelluksessa, Urheiluruudussa ja Urheiluradiossa.<\/p>\n<p class=\"aw-1gybjub aw-1p7kakr kEtdKx cEmitX yle__article__paragraph\">Suomi aloitti MM-kisaurakkansa 6\u20132-voitolla ennakkoon kisojen heikoimmaksi joukkueeksi povatusta Tanskasta.<\/p>\n<p class=\"aw-1gybjub aw-1p7kakr kEtdKx cEmitX yle__article__paragraph\">Yle Urheilun j\u00e4\u00e4kiekkoasiantuntija <strong class=\"aw-ak79eh KyCXm yle__article__strong\">Ismo Lehkonen<\/strong> ruotii jokaisen Suomen ottelun j\u00e4lkeen pelin onnistujat ja ep\u00e4onnistujat.<\/p>\n<p>Pelin t\u00e4hti<\/p>\n<p class=\"aw-1gybjub aw-1p7kakr kEtdKx cEmitX yle__article__paragraph\">\u2013 <strong class=\"aw-ak79eh KyCXm yle__article__strong\">Jasper Kuhta<\/strong> miellytti silm\u00e4\u00e4ni todella paljon, Lehkonen kertoo.<\/p>\n<p class=\"aw-1gybjub aw-1p7kakr kEtdKx cEmitX yle__article__paragraph\">Nuorten Leijonien kolmoskent\u00e4llisess\u00e4 hy\u00f6k\u00e4nnyt Kuhta sy\u00f6tti Tanska-voitossa kolme maalia. H\u00e4n oli Suomen tehokkain pelaaja.<\/p>\n<p class=\"aw-1gybjub aw-1p7kakr kEtdKx cEmitX yle__article__paragraph\">\u2013 Kuhta pelasi fiksusti ja oli jatkuvasti peliss\u00e4 mukana. Jos lopussa olisi ollut tehokkaampaa viimeistely\u00e4, niin h\u00e4n olisi helposti voinut napata nelj\u00e4 tai viisikin sy\u00f6tt\u00f6pistett\u00e4.<\/p>\n<p><img decoding=\"async\" alt=\"Ensimm\u00e4isi\u00e4 alle 20-vuotiaiden MM-kisojaan pelaava Kuhta on entisen HIFK:n pelaajaledenda Kimmo Kuhdan siskonpoika. Seurajoukkueessa Jasper Kuhta, 19, edustaa Ottawa 67\u2019sin OHL-joukkuetta.\" src=\"https:\/\/www.europesays.com\/fi\/wp-content\/uploads\/2025\/12\/39-1574690694f270b09855.jpeg\" loading=\"lazy\" class=\"aw-1l9m598 hKVVvP\"\/><\/p>\n<p>Avaa kuvien katselu<\/p>\n<p>Ensimm\u00e4isi\u00e4 alle 20-vuotiaiden MM-kisojaan pelaava Kuhta on entisen HIFK-legdena Kimmo Kuhdan siskonpoika. Seurajoukkueessa Jasper Kuhta, 19, edustaa Ottawa 67\u2019sin OHL-joukkuetta. Kuva: Chris Tanouye \/ Getty ImagesKuka yll\u00e4tti?<\/p>\n<p class=\"aw-1gybjub aw-1p7kakr kEtdKx cEmitX yle__article__paragraph\">\u2013 Kolmoskentt\u00e4 <strong class=\"aw-ak79eh KyCXm yle__article__strong\">Roope Vesterinen<\/strong>, <strong class=\"aw-ak79eh KyCXm yle__article__strong\">Leo Tuuva<\/strong> ja Kuhta.<\/p>\n<p class=\"aw-1gybjub aw-1p7kakr kEtdKx cEmitX yle__article__paragraph\">Suomen kolmoskent\u00e4llinen saalisti yhteens\u00e4 seitsem\u00e4n tehopistett\u00e4. Kuhta saalisti tehot 0+3, Vesterinen 2+0 ja Tuuva 0+2.<\/p>\n<p><img decoding=\"async\" alt=\"Finlands tredje kedja firar ett m\u00e5l mot Danmark i JVM.\" src=\"https:\/\/www.europesays.com\/fi\/wp-content\/uploads\/2025\/12\/39-1574692694f28b53a5b1.jpeg\" loading=\"lazy\" class=\"aw-1l9m598 hKVVvP\"\/><\/p>\n<p>Avaa kuvien katselu<\/p>\n<p>Suomen kolmoskentt\u00e4 onnistui Tanska-peliss\u00e4. Kuva: Tiia Mahkonen \/ Lehtikuva<\/p>\n<p class=\"aw-1gybjub aw-1p7kakr kEtdKx cEmitX yle__article__paragraph\">\u2013 Se oli vaihdosta toiseen kivan n\u00e4k\u00f6ist\u00e4 pelaamista, Lehkonen sanoo.<\/p>\n<p class=\"aw-1gybjub aw-1p7kakr kEtdKx cEmitX yle__article__paragraph\">\u2013 En nyt sano, ett\u00e4 se mit\u00e4\u00e4n punakonemaista pelaamista viel\u00e4 oli, mutta rentoa kiekollista pelaamista ja hyv\u00e4\u00e4 puolustuspelaamista. Ketju oli hyvin samalla sivulla.<\/p>\n<p>Kuka floppasi?<\/p>\n<p class=\"aw-1gybjub aw-1p7kakr kEtdKx cEmitX yle__article__paragraph\">Lehkosen mukaan Tanska floppasi pahasti.<\/p>\n<p class=\"aw-1gybjub aw-1p7kakr kEtdKx cEmitX yle__article__paragraph\">\u2013 Tanska ei antanut pelillisesti juuri mink\u00e4\u00e4nn\u00e4k\u00f6ist\u00e4 vaadetta.<\/p>\n<p class=\"aw-1gybjub aw-1p7kakr kEtdKx cEmitX yle__article__paragraph\">Nuoret Leijonat hallitsi peli\u00e4 l\u00e4pi ottelun ja vei laukaukset per\u00e4ti 43\u201310.<\/p>\n<p class=\"aw-1gybjub aw-1p7kakr kEtdKx cEmitX yle__article__paragraph\">Lehkonen ei usko n\u00e4kem\u00e4ns\u00e4 j\u00e4lkeen, ett\u00e4 Tanskan joukkue p\u00e4rj\u00e4isi kovin hyvin edes Suomen U20 SM-sarjassa.<\/p>\n<p class=\"aw-1gybjub aw-1p7kakr kEtdKx cEmitX yle__article__paragraph\">\u2013 Huonoimpia maita, mit\u00e4 olen U20-kisoissa pelillisesti n\u00e4hnyt. Heill\u00e4 ei ollut mit\u00e4\u00e4n pelisysteemi\u00e4 ja heid\u00e4n pelins\u00e4 oli pelkk\u00e4\u00e4 puskemista.<\/p>\n<p>V\u00e4h\u00e4isen laukaisum\u00e4\u00e4r\u00e4n ja v\u00e4h\u00e4isen yleis\u00f6n takia ottelu oli vaikea my\u00f6s Petteri Rimpiselle.<img decoding=\"async\" alt=\"Aatos Koivu osui kertaalleen Tanskan verkkoon. \" src=\"https:\/\/www.europesays.com\/fi\/wp-content\/uploads\/2025\/12\/39-1574693694f29fc3b1c2.jpeg\" loading=\"lazy\" class=\"aw-1l9m598 hKVVvP\"\/><\/p>\n<p>Avaa kuvien katselu<\/p>\n<p>Aatos Koivu osui kertaalleen kehnosti pelannutta Tanskaa vastaan.  Kuva: Nick Wosika \/ Getty ImagesMik\u00e4 puhutti?<\/p>\n<p class=\"aw-1gybjub aw-1p7kakr kEtdKx cEmitX yle__article__paragraph\">Suomen valmennuksen p\u00e4\u00e4t\u00f6s j\u00e4tt\u00e4\u00e4 <strong class=\"aw-ak79eh KyCXm yle__article__strong\">Max Westerg\u00e5rd<\/strong> pienelle vastuulle mietitytti Lehkosta.<\/p>\n<p class=\"aw-1gybjub aw-1p7kakr kEtdKx cEmitX yle__article__paragraph\">18-vuotias hy\u00f6kk\u00e4\u00e4j\u00e4 pelasi Nuorten Leijonien neloskent\u00e4ss\u00e4 vain reilut 11 minuuttia. H\u00e4n ker\u00e4si sy\u00f6tt\u00f6pisteen <strong class=\"aw-ak79eh KyCXm yle__article__strong\">Onni Kalton<\/strong> maaliin.<\/p>\n<p class=\"aw-1gybjub aw-1p7kakr kEtdKx cEmitX yle__article__paragraph\">Westerg\u00e5rd edustaa seurajoukkueessa Ruotsin k\u00e4rkiryhm\u00e4 Fr\u00f6lundaa. My\u00f6s SHL:ss\u00e4 Westerg\u00e5rd on j\u00e4\u00e4nyt v\u00e4h\u00e4iselle pelivastuulle.<\/p>\n<p class=\"aw-1gybjub aw-1p7kakr kEtdKx cEmitX yle__article__paragraph\">\u2013 Mielest\u00e4ni valmennus ei oikein osaa k\u00e4ytt\u00e4\u00e4 h\u00e4nt\u00e4. Westerg\u00e5rd on sellainen t\u00e4sm\u00e4ase, joka pystyisi kovia maita vastaan yhden maalin sielt\u00e4 t\u00e4\u00e4lt\u00e4 iskem\u00e4\u00e4n. V\u00e4h\u00e4isell\u00e4 peliajalla h\u00e4n kuitenkin hukkuu totaalisesti ja silloin t\u00e4m\u00e4 ase j\u00e4\u00e4 meilt\u00e4 k\u00e4ytt\u00e4m\u00e4tt\u00e4.<\/p>\n<p><img decoding=\"async\" alt=\"Max Westerg\u00e5rd vastakkain Tanskan maalivahti Anton Wildenin kanssa. \" src=\"https:\/\/www.europesays.com\/fi\/wp-content\/uploads\/2025\/12\/39-1574694694f2f20d3a2e.jpeg\" loading=\"lazy\" class=\"aw-1l9m598 hKVVvP\"\/><\/p>\n<p>Avaa kuvien katselu<\/p>\n<p>Max Westerg\u00e5rd vastakkain Tanskan maalivahti Anton Wildenin kanssa.  Kuva: Tiia Mahkonen \/ Lehtikuva<\/p>\n<p class=\"aw-1gybjub aw-1p7kakr kEtdKx cEmitX yle__article__paragraph\">\u2013 Vapauttakaa Westerg\u00e5rd tavalla tai toisella, Lehkonen kehoittaa.<\/p>\n<p>Mit\u00e4 seuraavaksi?<\/p>\n<p class=\"aw-1gybjub aw-1p7kakr kEtdKx cEmitX yle__article__paragraph\">Lehkosen mukaan tulevissa peleiss\u00e4 Suomen pit\u00e4\u00e4 kiinnitt\u00e4\u00e4 huomiota puolustajien hy\u00f6kk\u00e4yspelaamisen selkiytt\u00e4miseen.<\/p>\n<p class=\"aw-1gybjub aw-1p7kakr kEtdKx cEmitX yle__article__paragraph\">\u2013 Suomen puolustajat haahuilivat Tanskaa vastaan siell\u00e4 sun t\u00e4\u00e4ll\u00e4.<\/p>\n<p class=\"aw-1gybjub aw-1p7kakr kEtdKx cEmitX yle__article__paragraph\">\u2013 Mik\u00e4 on se Suomen avauspelin malli? Pysyv\u00e4tk\u00f6 puolustajat pelin alla vai ovatko he mukana p\u00e4\u00e4tt\u00e4m\u00e4ss\u00e4 hy\u00f6kk\u00e4yksi\u00e4? Puolustajien laukaukset eiv\u00e4t my\u00f6sk\u00e4\u00e4n saa j\u00e4\u00e4d\u00e4 matkalle, Lehkonen kysyy.<\/p>\n<p class=\"aw-1gybjub aw-1p7kakr kEtdKx cEmitX yle__article__paragraph\">Nuoret Leijonat viett\u00e4\u00e4 seuraavaksi v\u00e4lip\u00e4iv\u00e4\u00e4. Sunnuntaina vastaan asettuu Latvia. Latvia-ottelu alkaa sunnuntaina klo. 23.30 Suomen aikaa.<\/p>\n<p>Nuorten Leijonien otteluohjelma<\/p>\n<p class=\"aw-1gybjub aw-1p7kakr kEtdKx cEmitX yle__article__paragraph\"><strong class=\"aw-ak79eh KyCXm yle__article__strong\">A-lohko:<\/strong> USA, Ruotsi, Slovakia, Sveitsi ja Saksa<\/p>\n<p class=\"aw-1gybjub aw-1p7kakr kEtdKx cEmitX yle__article__paragraph\"><strong class=\"aw-ak79eh KyCXm yle__article__strong\">B-lohko:<\/strong> <strong class=\"aw-ak79eh KyCXm yle__article__strong\">Suomi<\/strong>, T\u0161ekki, Tanska, Latvia ja Kanada<\/p>\n<p class=\"aw-1gybjub aw-1p7kakr kEtdKx cEmitX yle__article__paragraph\"><strong class=\"aw-ak79eh KyCXm yle__article__strong\">Perjantai 26.12.<\/strong><br \/>Tanska\u2013<strong class=\"aw-ak79eh KyCXm yle__article__strong\">Suomi<\/strong> 2\u20136<\/p>\n<p class=\"aw-1gybjub aw-1p7kakr kEtdKx cEmitX yle__article__paragraph\"><strong class=\"aw-ak79eh KyCXm yle__article__strong\">Sunnuntai 28.12.<\/strong><br \/>Suomi\u2013Latvia klo 23.30<\/p>\n<p class=\"aw-1gybjub aw-1p7kakr kEtdKx cEmitX yle__article__paragraph\"><strong class=\"aw-ak79eh KyCXm yle__article__strong\">Maanantai 29.12.<\/strong><br \/><strong class=\"aw-ak79eh KyCXm yle__article__strong\">Suomi<\/strong>\u2013T\u0161ekki klo 22.30<\/p>\n<p class=\"aw-1gybjub aw-1p7kakr kEtdKx cEmitX yle__article__paragraph\"><strong class=\"aw-ak79eh KyCXm yle__article__strong\">Torstai 1.1.<\/strong><br \/>Kanada\u2013<strong class=\"aw-ak79eh KyCXm yle__article__strong\">Suomi<\/strong> klo 03.30<\/p>\n<p class=\"aw-1gybjub aw-1p7kakr kEtdKx cEmitX yle__article__paragraph\"><strong class=\"aw-ak79eh KyCXm yle__article__strong\">PUDOTUSPELIT:<\/strong><\/p>\n<p class=\"aw-1gybjub aw-1p7kakr kEtdKx cEmitX yle__article__paragraph\"><strong class=\"aw-ak79eh KyCXm yle__article__strong\">Perjantai 2.1.<\/strong><br \/>Puoliv\u00e4lier\u00e4t alkaen klo 21.00 ja 23.30<\/p>\n<p class=\"aw-1gybjub aw-1p7kakr kEtdKx cEmitX yle__article__paragraph\"><strong class=\"aw-ak79eh KyCXm yle__article__strong\">Lauantai 3.1.<\/strong><br \/>Puoliv\u00e4lier\u00e4t alkaen klo 00.10 ja 03.30<\/p>\n<p class=\"aw-1gybjub aw-1p7kakr kEtdKx cEmitX yle__article__paragraph\"><strong class=\"aw-ak79eh KyCXm yle__article__strong\">Sunnuntai 4.1.<\/strong><br \/>V\u00e4lier\u00e4 klo 23.30<\/p>\n<p class=\"aw-1gybjub aw-1p7kakr kEtdKx cEmitX yle__article__paragraph\"><strong class=\"aw-ak79eh KyCXm yle__article__strong\">Maanantai 5.1.<\/strong><br \/>V\u00e4lier\u00e4 klo 03.30<br \/>Pronssiottelu klo 23.30<\/p>\n<p class=\"aw-1gybjub aw-1p7kakr kEtdKx cEmitX yle__article__paragraph\"><strong class=\"aw-ak79eh KyCXm yle__article__strong\">Tiistai 6.1.<\/strong><br \/>Loppuottelu klo 03.30<\/p>\n","protected":false},"excerpt":{"rendered":"Yle Urheilun asiantuntija Ismo Lehkonen haluaisi, ett\u00e4 Nuorten Leijonien valmennus antaisi enemm\u00e4n vastuuta Max Westerg\u00e5rdille. Avaa kuvien katselu&hellip;\n","protected":false},"author":2,"featured_media":126969,"comment_status":"","ping_status":"","sticky":false,"template":"","format":"standard","meta":{"footnotes":""},"categories":[158],"tags":[33,31,30,1143,22108,22107,21837,159,2126,32,160],"class_list":{"0":"post-126968","1":"post","2":"type-post","3":"status-publish","4":"format-standard","5":"has-post-thumbnail","7":"category-urheilu","8":"tag-fi","9":"tag-finland","10":"tag-finnish","11":"tag-jaakiekko","12":"tag-jaakiekon-nuorten-mm-2026","13":"tag-jaakiekon-nuorten-mm-kisat","14":"tag-nuoret-leijonat","15":"tag-sports","16":"tag-suomen-alle-20-vuotiaiden-jaakiekkomaajoukkue","17":"tag-suomi","18":"tag-urheilu"},"share_on_mastodon":{"url":"https:\/\/pubeurope.com\/@fi\/115790969139451669","error":""},"_links":{"self":[{"href":"https:\/\/www.europesays.com\/fi\/wp-json\/wp\/v2\/posts\/126968","targetHints":{"allow":["GET"]}}],"collection":[{"href":"https:\/\/www.europesays.com\/fi\/wp-json\/wp\/v2\/posts"}],"about":[{"href":"https:\/\/www.europesays.com\/fi\/wp-json\/wp\/v2\/types\/post"}],"author":[{"embeddable":true,"href":"https:\/\/www.europesays.com\/fi\/wp-json\/wp\/v2\/users\/2"}],"replies":[{"embeddable":true,"href":"https:\/\/www.europesays.com\/fi\/wp-json\/wp\/v2\/comments?post=126968"}],"version-history":[{"count":0,"href":"https:\/\/www.europesays.com\/fi\/wp-json\/wp\/v2\/posts\/126968\/revisions"}],"wp:featuredmedia":[{"embeddable":true,"href":"https:\/\/www.europesays.com\/fi\/wp-json\/wp\/v2\/media\/126969"}],"wp:attachment":[{"href":"https:\/\/www.europesays.com\/fi\/wp-json\/wp\/v2\/media?parent=126968"}],"wp:term":[{"taxonomy":"category","embeddable":true,"href":"https:\/\/www.europesays.com\/fi\/wp-json\/wp\/v2\/categories?post=126968"},{"taxonomy":"post_tag","embeddable":true,"href":"https:\/\/www.europesays.com\/fi\/wp-json\/wp\/v2\/tags?post=126968"}],"curies":[{"name":"wp","href":"https:\/\/api.w.org\/{rel}","templated":true}]}}