{"id":126976,"date":"2025-12-27T10:10:09","date_gmt":"2025-12-27T10:10:09","guid":{"rendered":"https:\/\/www.europesays.com\/fi\/126976\/"},"modified":"2025-12-27T10:10:09","modified_gmt":"2025-12-27T10:10:09","slug":"mika-suomessa-on-mennyt-pieleen-kun-meidan-lapsia-eika-pahemmin-aikuisia-nay","status":"publish","type":"post","link":"https:\/\/www.europesays.com\/fi\/126976\/","title":{"rendered":"Mik\u00e4 Suomessa on mennyt pieleen, kun meid\u00e4n lapsia eik\u00e4 pahemmin aikuisia n\u00e4y?"},"content":{"rendered":"<p>Aamulehti julkaisee lukijoiden tekstareita.<\/p>\n<p class=\"article-body mb-nof-24 px-nof-16\">Viikko Levill\u00e4 laittoi miettim\u00e4\u00e4n. T\u00e4\u00e4ll\u00e4 on paljon pieni\u00e4 lapsia pulkassa vedett\u00e4vi\u00e4. Perheiss\u00e4 on monta lasta. Lapsia on enemm\u00e4n kuin aikuisia \u2013 p\u00e4\u00e4asiassa ulkomaalaisia. Mik\u00e4 Suomessa on mennyt pieleen, kun meid\u00e4n lapsia eik\u00e4 pahemmin aikuisia n\u00e4y t\u00e4\u00e4ll\u00e4? Olisiko syyn\u00e4, ett\u00e4 tulot eiv\u00e4t riit\u00e4. Olemme pienipalkkaisia kalliissa yhteiskunnassa. T\u00e4nne voisi tulla, vaikka autolla, ei tarvitsisi tulla lent\u00e4en. Paljon kaunista j\u00e4\u00e4 n\u00e4kem\u00e4tt\u00e4. N\u00e4\u00e4nnytetty<\/p>\n<p class=\"article-body mb-nof-24 px-nof-16\">Kun nyt on todistettu, ett\u00e4 suomalaiset sy\u00f6v\u00e4t huonolaatuista kalaa, voidaan kai olettaa, ettei muukaan ruoka ole normien mukaista? Onko tutkimustietoa, miten heikkolaatuinen ruoka vaikuttaa terveyteen? Lukijoita kiinnostaa kuulla, mit\u00e4 tutkimus sanoo. Nyt ymm\u00e4rr\u00e4n, miksi l\u00e4\u00e4k\u00e4rit kehottavat valmistamaan ruuan itse hyv\u00e4laatuisista raaka-aineista. Kertokaa lis\u00e4\u00e4! Tiedonhaluinen<\/p>\n<p class=\"article-body mb-nof-24 px-nof-16\">Tesoman koulu on tapetilla kiusaamistapausten vuoksi. Jokaisen lapsen kokema kiusaaminen on v\u00e4\u00e4rin. N\u00e4in ajattelevat rehtorit, opettajat ja vanhemmat. Syit\u00e4 pahoinvoinnin ja kiusaamisen mahdolliseen kasvuun l\u00f6ytyy helposti. Erityist\u00e4 tukea oppimisessaan tai kasvussaan tarvitsevia oppilaita yhdistettiin muihin luokkiin 2014 alkaen uuden opetussuunnitelman my\u00f6t\u00e4. Heid\u00e4n koulunk\u00e4yntins\u00e4 piti turvata s\u00e4\u00e4styneill\u00e4 resursseilla. Toimenpiteet eiv\u00e4t ole kattavasti tehonneet. Jokainen ymm\u00e4rt\u00e4\u00e4, ett\u00e4 j\u00e4ttikoulut eiv\u00e4t ole lasten ja nuorten ymp\u00e4rist\u00f6. Yhteiskunnassa on vaikuttanut pitk\u00e4\u00e4n konstruktivistinen ihmisk\u00e4sitys, jossa lasta karkeimmillaan pidet\u00e4\u00e4n kehitykselt\u00e4\u00e4n kykenev\u00e4n\u00e4 itsen\u00e4iseen toimintaan. He osaavat ratkaista riitansa, opiskella, kantaa vastuuta koulunk\u00e4ynnist\u00e4\u00e4n, haluta itselleen parasta tai tehd\u00e4 p\u00e4\u00e4t\u00f6ksi\u00e4. Se ajatus on vapauttanut kasvattajat ohjaamisen ja tuen antamisen velvollisuudesta. Jos perheess\u00e4 k\u00e4rsit\u00e4\u00e4n aikuisten ongelmista, kakku on leivottu. Perusopetuksen johtaja <a class=\"article-personlink\" href=\"https:\/\/www.aamulehti.fi\/haku\/?query=Kristiina%20J%C3%A4rvel%C3%A4\" rel=\"nofollow noopener\" target=\"_blank\">Kristiina J\u00e4rvel\u00e4<\/a> <a class=\"underline underline-offset-[0.12em] [text-decoration-thickness:var(--generic-link-underline-thickness)] [text-decoration-color:var(--generic-link-underline-color)] [text-decoration-skip-ink:var(--generic-link-underline-skip-ink)] break-words\" href=\"https:\/\/www.aamulehti.fi\/tampere\/art-2000011701531.html\" rel=\"nofollow noopener\" target=\"_blank\">vakuutti<\/a>, ett\u00e4 kouluilla on riitt\u00e4v\u00e4sti keinoja puuttua h\u00e4iri\u00f6- ja kiusaamistilanteisiin. Ne ovat nuhtelu, kasvatuskeskustelu, j\u00e4lki-istunto, luokasta poistaminen ja koulusta erottaminen. Uutisten mukaan musiikinopettaja tuomittiin hovioikeudessa 25 p\u00e4iv\u00e4sakkoon pahoinpitelyst\u00e4 (<a class=\"underline underline-offset-[0.12em] [text-decoration-thickness:var(--generic-link-underline-thickness)] [text-decoration-color:var(--generic-link-underline-color)] [text-decoration-skip-ink:var(--generic-link-underline-skip-ink)] break-words\" href=\"https:\/\/www.is.fi\/tampereen-seutu\/art-2000011696241.html\" rel=\"nofollow noopener\" target=\"_blank\">IS 17.12.<\/a>). Kaksi oppilasta oli halunnut istua tilanteessa muualla kuin opettajan m\u00e4\u00e4ritt\u00e4m\u00e4ll\u00e4 paikalla. Opettaja oli yritt\u00e4nyt fyysisesti siirt\u00e4\u00e4 oppilaat oikeille paikoille. T\u00e4llaisia ja muita yll\u00e4tt\u00e4vi\u00e4 tilanteita tulee p\u00e4ivitt\u00e4in. Mik\u00e4 siis on kaikkien oppilaiden, opetustapahtuman ja tulevien tilanteiden kannalta hyv\u00e4 ratkaisu? Koska lakiteksti on pitk\u00e4, luethan netist\u00e4 perusopetuslaista 628\/1998 pyk\u00e4l\u00e4n oppilaan ja opettajan velvollisuuksista ja oikeuksista. Joko huomataan, ett\u00e4 ongelmat vaativat ratkaisuja, jotka eiv\u00e4t ole koulun k\u00e4siss\u00e4. Ja lomalla ei t\u00f6it\u00e4 ajatella. Entinen ope<\/p>\n<p class=\"article-body mb-nof-24 px-nof-16\">Eik\u00f6 valtion pit\u00e4isi kansallisen huoltovarmuuden nimiss\u00e4 kielt\u00e4\u00e4 naudanlihan vienti ulkomaille? Hintakin pysyisi siedett\u00e4v\u00e4n\u00e4. Lihansy\u00f6j\u00e4<\/p>\n<p class=\"article-body mb-nof-24 px-nof-16\">Nimimerkki <a class=\"underline underline-offset-[0.12em] [text-decoration-thickness:var(--generic-link-underline-thickness)] [text-decoration-color:var(--generic-link-underline-color)] [text-decoration-skip-ink:var(--generic-link-underline-skip-ink)] break-words\" href=\"https:\/\/www.aamulehti.fi\/tekstarit\/art-2000011697800.html\" rel=\"nofollow noopener\" target=\"_blank\">Miten on<\/a>, teit hienon ajotestin motarilla. Ei olekaan mit\u00e4\u00e4n j\u00e4rke\u00e4, ett\u00e4 kes\u00e4keleill\u00e4 ajellaan 100 km\/h kun samalla tiell\u00e4, samoissa olosuhteissa kuukausi sitten saa ajaa 120 km\/h. On p\u00e4iv\u00e4n selv\u00e4 asia, ett\u00e4 jos niin sanotut kaikki tai edes suurin osa ajaa jossain ylinopeutta, niin rajoitus on v\u00e4\u00e4r\u00e4! Tee sama testi 120 km\/h niin ei varmasti ole sama tulos! Kameroihin riitt\u00e4\u00e4 raha, mutta ei kelin mukaan muuttuviin nopeusrajoituksiin! Ja miten vaikuttaa sinun ajamiseen, jos muut haluaa menn\u00e4 ohi? Maanteiden ritari<\/p>\n<p class=\"article-body mb-nof-24 px-nof-16\">Rasismikohusta viel\u00e4, miksi kansanedustajat selvisiv\u00e4t silmien venyttelyst\u00e4 anteeksipyynn\u00f6ll\u00e4, mutta Miss Suomi <a class=\"underline underline-offset-[0.12em] [text-decoration-thickness:var(--generic-link-underline-thickness)] [text-decoration-color:var(--generic-link-underline-color)] [text-decoration-skip-ink:var(--generic-link-underline-skip-ink)] break-words\" href=\"https:\/\/www.aamulehti.fi\/kotimaa\/art-2000011685047.html\" rel=\"nofollow noopener\" target=\"_blank\">erotettiin<\/a>? Sirkku<\/p>\n<p class=\"article-body mb-nof-24 px-nof-16\">Kuinka k\u00e4y Tampereen Energian s\u00e4hk\u00f6ll\u00e4 l\u00e4mmitett\u00e4v\u00e4n kaukol\u00e4mm\u00f6n energiavaraston s\u00e4hk\u00f6nsiirtomaksun, kun uusi <a class=\"underline underline-offset-[0.12em] [text-decoration-thickness:var(--generic-link-underline-thickness)] [text-decoration-color:var(--generic-link-underline-color)] [text-decoration-skip-ink:var(--generic-link-underline-skip-ink)] break-words\" href=\"https:\/\/www.aamulehti.fi\/kotimaa\/art-2000011704212.html\" rel=\"nofollow noopener\" target=\"_blank\">tehomaksu<\/a> tulee. Taitaa olla teho yli 5 kilowattia enemm\u00e4n kuin 15 minuuttia. Asiakas maksaa<\/p>\n<p class=\"article-body mb-nof-24 px-nof-16\">Miksi kaupat vaativat asiakkaita lataamaan sovelluksen puhelimeensa, jotta n\u00e4m\u00e4 saisivat tuotteen tarjoushintaan? Eik\u00f6 Plussa- tai muu kortti riit\u00e4 sitomaan asiakkaaksi? Digiloo digilei<\/p>\n<p class=\"article-body mb-nof-24 px-nof-16\">Ukrainan sota, korona tai it\u00e4raja ei ole syy, miksi en kuluta. Syyn\u00e4 on osaamaton ja ep\u00e4p\u00e4tev\u00e4 valtiovarainministeri, oikeistohallitus ja sen v\u00e4\u00e4r\u00e4t leikkaukset v\u00e4\u00e4r\u00e4\u00e4n aikaan. Hallituksen pit\u00e4\u00e4 luoda turvaa, toivoa, luottamusta, tekoja ja hyvinvointia. T\u00e4ss\u00e4 oikeistohallitus on ep\u00e4onnistunut t\u00e4ydellisesti. Kurjistukset, joita hallitus jankuttaa uudistuksiksi tuovat lis\u00e4\u00e4 ty\u00f6tt\u00f6myytt\u00e4. Kaiken voi tehd\u00e4 oikein ja reilummin<\/p>\n<p class=\"article-body mb-nof-24 px-nof-16\">Jouluostoksille piti l\u00e4hte\u00e4, mutta ty\u00f6nantaja muisti lomautuksella. Se siit\u00e4 sitten. Onneksi <a class=\"article-personlink\" href=\"https:\/\/www.aamulehti.fi\/haku\/?query=Orpon\" rel=\"nofollow noopener\" target=\"_blank\">Orpon<\/a> kaverit saa veroalen, ja Suomi ampaisee nousuun. Ihan kohta. Sit\u00e4 odotellessa, n\u00e4hd\u00e4\u00e4n ruokajonossa. Nuiva kuluttaja<\/p>\n<p class=\"article-body mb-nof-24 px-nof-16\">Nimimerkki <a class=\"underline underline-offset-[0.12em] [text-decoration-thickness:var(--generic-link-underline-thickness)] [text-decoration-color:var(--generic-link-underline-color)] [text-decoration-skip-ink:var(--generic-link-underline-skip-ink)] break-words\" href=\"https:\/\/www.aamulehti.fi\/tekstarit\/art-2000011691932.html\" rel=\"nofollow noopener\" target=\"_blank\">Kokemuksen rinta\u00e4\u00e4nell\u00e4<\/a> maalaa aika synk\u00e4n kuvan naiseudesta syyllist\u00e4en suoraan miehi\u00e4 yleisesti (AL 18.12.). Jos olet noin kokenut, voit vaihtaa miest\u00e4. My\u00f6s t\u00e4ysin k\u00e4\u00e4nteist\u00e4 kokemuksia on miesparoilla, jotka uhraavat armeijan j\u00e4lkeen kaiken ty\u00f6lle ja vain kotivaimojensa vuoksi. Kuolevat nuorena pois ja j\u00e4tt\u00e4v\u00e4t perint\u00f6n\u00e4 kaiken naiselle, joka el\u00e4\u00e4 viel\u00e4 pitk\u00e4\u00e4n, kun ei ole ty\u00f6ll\u00e4 itse\u00e4\u00e4n rasittanut vaan hoitanut itse\u00e4\u00e4n p\u00e4\u00e4toimisesti. N\u00e4in on<\/p>\n<p class=\"article-body mb-nof-24 px-nof-16\">Taysin hoitajien kahviriidat m\u00e4\u00e4ritt\u00e4v\u00e4t siis koko Pirhan ty\u00f6ntekij\u00f6iden epassin? Iso osa meist\u00e4 olisi mielell\u00e4\u00e4n pit\u00e4nyt 220 kulttuuri- ja liikuntaedun. Kaikki eiv\u00e4t juo <a class=\"underline underline-offset-[0.12em] [text-decoration-thickness:var(--generic-link-underline-thickness)] [text-decoration-color:var(--generic-link-underline-color)] [text-decoration-skip-ink:var(--generic-link-underline-skip-ink)] break-words\" href=\"https:\/\/www.aamulehti.fi\/pirkanmaa\/art-2000011696070.html\" rel=\"nofollow noopener\" target=\"_blank\">kahvia tai teet\u00e4<\/a>, rahan olisi kukin voinut k\u00e4ytt\u00e4\u00e4 haluamallaan tavalla. Liikuntaa kiitos<\/p>\n<p class=\"article-body mb-nof-24 px-nof-16\">Nimimerkille <a class=\"underline underline-offset-[0.12em] [text-decoration-thickness:var(--generic-link-underline-thickness)] [text-decoration-color:var(--generic-link-underline-color)] [text-decoration-skip-ink:var(--generic-link-underline-skip-ink)] break-words\" href=\"https:\/\/www.aamulehti.fi\/tekstarit\/art-2000011703591.html\" rel=\"nofollow noopener\" target=\"_blank\">S\u00e4\u00e4st\u00f6toimi t\u00e4m\u00e4kin<\/a>, samalla periaatteella ammattiliittoon kuulumattomat nauttivat eduista, jotka ammattiliitto on neuvotellut j\u00e4senilleen. Joten jatkossa niin sanottuun Loimaan liittoon kuuluvat voisivat neuvotella itse ty\u00f6nantajiensa kanssa palkkansa ja lomansa ynn\u00e4 muut asiat. Eik\u00f6 t\u00e4m\u00e4 olisi oikeudenmukaista? Ateisti yritt\u00e4j\u00e4<\/p>\n","protected":false},"excerpt":{"rendered":"Aamulehti julkaisee lukijoiden tekstareita. Viikko Levill\u00e4 laittoi miettim\u00e4\u00e4n. T\u00e4\u00e4ll\u00e4 on paljon pieni\u00e4 lapsia pulkassa vedett\u00e4vi\u00e4. Perheiss\u00e4 on monta&hellip;\n","protected":false},"author":2,"featured_media":126977,"comment_status":"","ping_status":"","sticky":false,"template":"","format":"standard","meta":{"footnotes":""},"categories":[12],"tags":[157,22,23,26,27,33,31,30,17,24,25,28,29,15,18,21,32,19,20,16],"class_list":{"0":"post-126976","1":"post","2":"type-post","3":"status-publish","4":"format-standard","5":"has-post-thumbnail","7":"category-suomi","8":"tag-aamulehti","9":"tag-breaking-news","10":"tag-breakingnews","11":"tag-featured-news","12":"tag-featurednews","13":"tag-fi","14":"tag-finland","15":"tag-finnish","16":"tag-headlines","17":"tag-latest-news","18":"tag-latestnews","19":"tag-main-news","20":"tag-mainnews","21":"tag-news","22":"tag-otsikot","23":"tag-paauutiset","24":"tag-suomi","25":"tag-top-stories","26":"tag-topstories","27":"tag-uutiset"},"share_on_mastodon":{"url":"https:\/\/pubeurope.com\/@fi\/115790992137856420","error":""},"_links":{"self":[{"href":"https:\/\/www.europesays.com\/fi\/wp-json\/wp\/v2\/posts\/126976","targetHints":{"allow":["GET"]}}],"collection":[{"href":"https:\/\/www.europesays.com\/fi\/wp-json\/wp\/v2\/posts"}],"about":[{"href":"https:\/\/www.europesays.com\/fi\/wp-json\/wp\/v2\/types\/post"}],"author":[{"embeddable":true,"href":"https:\/\/www.europesays.com\/fi\/wp-json\/wp\/v2\/users\/2"}],"replies":[{"embeddable":true,"href":"https:\/\/www.europesays.com\/fi\/wp-json\/wp\/v2\/comments?post=126976"}],"version-history":[{"count":0,"href":"https:\/\/www.europesays.com\/fi\/wp-json\/wp\/v2\/posts\/126976\/revisions"}],"wp:featuredmedia":[{"embeddable":true,"href":"https:\/\/www.europesays.com\/fi\/wp-json\/wp\/v2\/media\/126977"}],"wp:attachment":[{"href":"https:\/\/www.europesays.com\/fi\/wp-json\/wp\/v2\/media?parent=126976"}],"wp:term":[{"taxonomy":"category","embeddable":true,"href":"https:\/\/www.europesays.com\/fi\/wp-json\/wp\/v2\/categories?post=126976"},{"taxonomy":"post_tag","embeddable":true,"href":"https:\/\/www.europesays.com\/fi\/wp-json\/wp\/v2\/tags?post=126976"}],"curies":[{"name":"wp","href":"https:\/\/api.w.org\/{rel}","templated":true}]}}