{"id":126980,"date":"2025-12-27T10:23:08","date_gmt":"2025-12-27T10:23:08","guid":{"rendered":"https:\/\/www.europesays.com\/fi\/126980\/"},"modified":"2025-12-27T10:23:08","modified_gmt":"2025-12-27T10:23:08","slug":"veera-selanne-puhui-suomea-videolla-palaute-hakellytti","status":"publish","type":"post","link":"https:\/\/www.europesays.com\/fi\/126980\/","title":{"rendered":"Veera Sel\u00e4nne puhui suomea videolla \u2013 palaute h\u00e4kellytti"},"content":{"rendered":"<p>Sel\u00e4nteet ihastuttavat sosiaalisessa mediassa.<\/p>\n<p class=\"article-body mb-nof-24 px-nof-16\">Kiekkolegenda <a class=\"article-personlink\" href=\"https:\/\/www.is.fi\/haku\/?query=Teemu%20Sel%C3%A4nne\" rel=\"nofollow noopener\" target=\"_blank\">Teemu Sel\u00e4nne<\/a> viett\u00e4\u00e4 perheens\u00e4 kanssa joulunaikaa perinteisin menoin Suomessa.<\/p>\n<p class=\"article-body mb-nof-24 px-nof-16\">Sel\u00e4nteet saapuivat joulukuun alussa Suomeen. Sel\u00e4nne on k\u00e4ynyt <a class=\"article-personlink\" href=\"https:\/\/www.is.fi\/haku\/?query=Sirpa\" rel=\"nofollow noopener\" target=\"_blank\">Sirpa<\/a>-vaimonsa ja <a class=\"article-personlink\" href=\"https:\/\/www.is.fi\/haku\/?query=Veera\" rel=\"nofollow noopener\" target=\"_blank\">Veera<\/a>-tytt\u00e4rens\u00e4 kanssa seuraamassa muun muassa <a class=\"article-personlink\" href=\"https:\/\/www.is.fi\/haku\/?query=Leevi%20Sel%C3%A4nteen\" rel=\"nofollow noopener\" target=\"_blank\">Leevi Sel\u00e4nteen<\/a>, 25, pelaamista Suomi-sarjassa J\u00e4rvenp\u00e4\u00e4n Haukkojen riveiss\u00e4.<\/p>\n<p class=\"article-body mb-nof-24 px-nof-16\">Teemu Sel\u00e4nne, 55, on n\u00e4hty my\u00f6s viime aikoina usein perheen kuopuksen, Veera Sel\u00e4nteen, 18, Tiktok-videoilla.<\/p>\n<p class=\"article-body mb-nof-24 px-nof-16\">Sel\u00e4nteet ovat julkaisseet yhteisi\u00e4 rupatteluhetki\u00e4\u00e4n somessa, jotka ovat ker\u00e4nneet paljon vastakaikua.<\/p>\n<p class=\"article-body mb-nof-24 px-nof-16\">\u2013 Videot ovat toimineet hyvin. On tullut paljon hyv\u00e4\u00e4 palautetta, kun Teemu on ollut mukana, Veera Sel\u00e4nne iloitsee.<\/p>\n<p class=\"article-body mb-nof-24 px-nof-16\">\u2013 Se miss\u00e4 olin mukana, oli varmaan huonoin video, Teemu Sel\u00e4nne naurahtaa vieress\u00e4.<\/p>\n<p class=\"article-body mb-nof-24 px-nof-16\">\u2013 Ei todellakaan! Se oli kaikista katsotuin.<\/p>\n<p class=\"article-body mb-nof-24 px-nof-16\">Yleens\u00e4 Sel\u00e4nteet ovat puhuneet videoklipeiss\u00e4 englantia, mutta joissain videoissa kieleksi on valikoitunut suomi.<\/p>\n<p class=\"article-body mb-nof-24 px-nof-16\">Suomenkieliset videot ovat saaneet paljon positiivista palautetta kommenttikentiss\u00e4. Monien mielest\u00e4 on mahtavaa kuulla, kun kaksikko puhuu suomea.<\/p>\n<p class=\"article-body mb-nof-24 px-nof-16\">\u2013 Videoista tuli todella paljon palautetta. Edelleenkin tulee palautetta, ett\u00e4 tehk\u00e4\u00e4 lis\u00e4\u00e4 suomeksi, sanoo Veera Sel\u00e4nne.<\/p>\n<p class=\"article-body mb-nof-24 px-nof-16\">\u2013 Suomen markkina on kuitenkin sen verran pieni, ettei voi vain tehd\u00e4 suomeksi. Siksi teemme enemm\u00e4n englanti-versioita.<\/p>\n<p class=\"article-body mb-nof-24 px-nof-16\">Sel\u00e4nteet asuvat Etel\u00e4-Kaliforniassa.<\/p>\n<p class=\"article-body mb-nof-24 px-nof-16\">Etenkin Veera Sel\u00e4nteen aksentti on ker\u00e4nnyt paljon huomiota ja kannustavia kommentteja.<\/p>\n<p class=\"article-body mb-nof-24 px-nof-16\">Vastik\u00e4\u00e4n 18 vuotta t\u00e4ytt\u00e4nyt kiekkolegendan tyt\u00e4r my\u00f6nt\u00e4\u00e4, ett\u00e4 kameran edess\u00e4 puhuminen suomeksi ei tule luonnostaan.<\/p>\n<p class=\"article-body mb-nof-24 px-nof-16\">\u2013 Minua v\u00e4h\u00e4n j\u00e4nnitt\u00e4\u00e4 tehd\u00e4 somea suomeksi. Puhun kotona ja kavereiden kanssa suomea, mutta kameran edess\u00e4 j\u00e4nnitt\u00e4\u00e4, ett\u00e4 sanonko kaikkia sanoja ihan oikein. V\u00e4lill\u00e4 ei tule oikeita sanoja mieleen.<\/p>\n<p class=\"article-body mb-nof-24 px-nof-16\">Teemu Sel\u00e4nteelle Tiktokin ihmeellinen maailma on t\u00e4ysin uutta, mutta h\u00e4n on mielell\u00e4\u00e4n auttanut tyt\u00e4rt\u00e4\u00e4n \u2013 tietyin reunaehdoin.<\/p>\n<p class=\"article-body mb-nof-24 px-nof-16\">\u2013 Ei me nyt tehd\u00e4 niit\u00e4 ihan joka p\u00e4iv\u00e4. Teemu ei halua tehd\u00e4 niit\u00e4 joka p\u00e4iv\u00e4. H\u00e4n valittaa, ett\u00e4 nyt on liikaa. H\u00e4n ei ymm\u00e4rr\u00e4, ett\u00e4 kun me on aloitettu videoiden teko, niit\u00e4 ei voi j\u00e4tt\u00e4\u00e4 kesken, Veera Sel\u00e4nne sanoo.<\/p>\n<p class=\"article-body mb-nof-24 px-nof-16\">Teemu Sel\u00e4nteell\u00e4 on kuitenkin visio, miten suosio on taattu.<\/p>\n<p class=\"article-body mb-nof-24 px-nof-16\">\u2013 On parempi tehd\u00e4 videoita s\u00e4\u00e4steli\u00e4\u00e4sti. Niin ett\u00e4 jengi odottaa niit\u00e4, h\u00e4n sanoo virnist\u00e4en.<\/p>\n<p><img decoding=\"async\" src=\"https:\/\/www.europesays.com\/fi\/wp-content\/uploads\/2025\/12\/1766830988_433_468.jpg\" alt=\"\" class=\"_Img_1rerz_1\" style=\"aspect-ratio:1.5035238841033673\" loading=\"eager\"\/><\/p>\n<p class=\"article-body mb-nof-24 px-nof-16\">Veera Sel\u00e4nne paljastaa asian todellisen laidan.<\/p>\n<p class=\"article-body mb-nof-24 px-nof-16\">\u2013 Teemu on sanonut, ettei tykk\u00e4\u00e4 tehd\u00e4 videoita, mutta h\u00e4n tulee kuitenkin sanomaan, ett\u00e4 hei mulla olisi tosi hyv\u00e4 idea seuraavaan videoon. Esimerkiksi se l\u00e4tk\u00e4maila-video. Se ei ollut todellakaan mun idea, Veera Sel\u00e4nne ilmoittaa.<\/p>\n<p class=\"article-body mb-nof-24 px-nof-16\">\u2013 H\u00e4nen piti oikein korjata ja kertoa, miten mun pit\u00e4\u00e4 aloittaa video. En olisi aloittanut videota ihan samalla tavalla, Veera Sel\u00e4nne naureskelee.<\/p>\n<p class=\"article-body mb-nof-24 px-nof-16\">\u2013 Sen takia siit\u00e4 tulikin niin hyv\u00e4, Teemu Sel\u00e4nne lis\u00e4\u00e4.<\/p>\n<p class=\"article-body mb-nof-24 px-nof-16\">Veera Sel\u00e4nteell\u00e4 on kaksi k\u00e4ytt\u00e4j\u00e4tili\u00e4 Tiktokissa. Alun perin toisen k\u00e4ytt\u00e4j\u00e4tilin piti olla vain \u201dl\u00e4pp\u00e4tili\u201d.<\/p>\n<p class=\"article-body mb-nof-24 px-nof-16\">\u2013 Se oli mun salainen tili ja varalle tehty, jos toiselle tilille k\u00e4y jotain. Nyt yht\u00e4kki\u00e4 sill\u00e4 tilill\u00e4 on enemm\u00e4n seuraajia kuin alkuper\u00e4isell\u00e4.<\/p>\n<p class=\"article-body mb-nof-24 px-nof-16\">Veera Sel\u00e4nne sanoo, ett\u00e4 h\u00e4nt\u00e4 kiinnostaisi somevaikuttajan ty\u00f6. Tavoitteet ovat korkealla.<\/p>\n<p class=\"article-body mb-nof-24 px-nof-16\">\u2013 Teemu on vain n\u00e4in alkuun mukana, mutta haluan tehd\u00e4 Tiktokia ihan kunnolla ja rakentaa siit\u00e4 isomman jutun, h\u00e4n sanoo.<\/p>\n<p class=\"article-body mb-nof-24 px-nof-16\">\u2013 Ai m\u00e4 olen vain sun muuli, is\u00e4-Sel\u00e4nne \u00e4imistelee hyv\u00e4ntuulisena.<\/p>\n<p class=\"article-body mb-nof-24 px-nof-16\">\u2013 Haluan saada tililleni vieraaksi muitakin suomalaisia j\u00e4\u00e4kiekkoihmisi\u00e4, ja Jenkeiss\u00e4 meill\u00e4 on tulossa aika kivoja ihmisi\u00e4 vieraaksi, kun palaamme sinne. Viel\u00e4 en voi kertoa ket\u00e4, Veera Sel\u00e4nne kertoo.<\/p>\n","protected":false},"excerpt":{"rendered":"Sel\u00e4nteet ihastuttavat sosiaalisessa mediassa. Kiekkolegenda Teemu Sel\u00e4nne viett\u00e4\u00e4 perheens\u00e4 kanssa joulunaikaa perinteisin menoin Suomessa. Sel\u00e4nteet saapuivat joulukuun alussa&hellip;\n","protected":false},"author":2,"featured_media":126981,"comment_status":"","ping_status":"","sticky":false,"template":"","format":"standard","meta":{"footnotes":""},"categories":[136],"tags":[407,137,33,31,30,34,408,32,109],"class_list":{"0":"post-126980","1":"post","2":"type-post","3":"status-publish","4":"format-standard","5":"has-post-thumbnail","7":"category-julkkikset","8":"tag-celebrities","9":"tag-entertainment","10":"tag-fi","11":"tag-finland","12":"tag-finnish","13":"tag-ilta-sanomat","14":"tag-julkkikset","15":"tag-suomi","16":"tag-viihde"},"share_on_mastodon":{"url":"https:\/\/pubeurope.com\/@fi\/115791043343837746","error":""},"_links":{"self":[{"href":"https:\/\/www.europesays.com\/fi\/wp-json\/wp\/v2\/posts\/126980","targetHints":{"allow":["GET"]}}],"collection":[{"href":"https:\/\/www.europesays.com\/fi\/wp-json\/wp\/v2\/posts"}],"about":[{"href":"https:\/\/www.europesays.com\/fi\/wp-json\/wp\/v2\/types\/post"}],"author":[{"embeddable":true,"href":"https:\/\/www.europesays.com\/fi\/wp-json\/wp\/v2\/users\/2"}],"replies":[{"embeddable":true,"href":"https:\/\/www.europesays.com\/fi\/wp-json\/wp\/v2\/comments?post=126980"}],"version-history":[{"count":0,"href":"https:\/\/www.europesays.com\/fi\/wp-json\/wp\/v2\/posts\/126980\/revisions"}],"wp:featuredmedia":[{"embeddable":true,"href":"https:\/\/www.europesays.com\/fi\/wp-json\/wp\/v2\/media\/126981"}],"wp:attachment":[{"href":"https:\/\/www.europesays.com\/fi\/wp-json\/wp\/v2\/media?parent=126980"}],"wp:term":[{"taxonomy":"category","embeddable":true,"href":"https:\/\/www.europesays.com\/fi\/wp-json\/wp\/v2\/categories?post=126980"},{"taxonomy":"post_tag","embeddable":true,"href":"https:\/\/www.europesays.com\/fi\/wp-json\/wp\/v2\/tags?post=126980"}],"curies":[{"name":"wp","href":"https:\/\/api.w.org\/{rel}","templated":true}]}}