{"id":126982,"date":"2025-12-27T10:29:08","date_gmt":"2025-12-27T10:29:08","guid":{"rendered":"https:\/\/www.europesays.com\/fi\/126982\/"},"modified":"2025-12-27T10:29:08","modified_gmt":"2025-12-27T10:29:08","slug":"aistiyliherkkyys-voi-paljastaa-lapsen-kehitykselliset-haasteet-yllattavan-varhain","status":"publish","type":"post","link":"https:\/\/www.europesays.com\/fi\/126982\/","title":{"rendered":"Aistiyliherkkyys voi paljastaa lapsen kehitykselliset haasteet yll\u00e4tt\u00e4v\u00e4n varhain"},"content":{"rendered":"<p>\n     Aistiyliherkkyys voi paljastaa lapsen kehitykselliset haasteet yll\u00e4tt\u00e4v\u00e4n varhain\n     <\/p>\n<p>Aistiyliherkkyydet liitet\u00e4\u00e4n usein autismikirjoon ja ADHD:hen, mutta Oulun yliopiston tuore tutkimus osoittaa, ett\u00e4 ilmi\u00f6 on huomattavasti laajempi. Aistiyliherkkyys voi olla varhainen merkki monenlaisista neurokehityksellisist\u00e4 haasteista jo ennen kuin muut vaikeudet tulevat n\u00e4kyviksi.&#13;<\/p>\n<p>Tutkimuksen mukaan lapsilla, joilla esiintyi aistiyliherkkyyksi\u00e4, oli selv\u00e4sti kohonnut riski kaikkiin tutkittuihin neurokehityksellisiin haasteisiin. Vastaavasti lapsilla, joilla oli todettu neurokehityksellisi\u00e4 vaikeuksia, aistiyliherkkyyksien todenn\u00e4k\u00f6isyys oli l\u00e4hes viisinkertainen. Riski kasvoi sit\u00e4 mukaa, mit\u00e4 useampia haasteita lapsella oli.&#13;<\/p>\n<p>Aistiyliherkkyys ei rajoitu vain tiettyihin diagnooseihin<\/p>\n<p>Tutkimustulokset viittaavat siihen, ett\u00e4 aistiyliherkkyys toimii niin sanottuna yhteisen\u00e4 tekij\u00e4n\u00e4 monille neurokehityksellisille vaikeuksille. Sen sijaan, ett\u00e4 aistiyliherkkyys n\u00e4ht\u00e4isiin vain yksitt\u00e4isten diagnoosien piirteen\u00e4, se tulisi tunnistaa laajemmin merkkin\u00e4 kehityksellisest\u00e4 haavoittuvuudesta.&#13;<\/p>\n<p>&#8221;Aistimuksiin liittyv\u00e4t haasteet ilmenev\u00e4t usein jo ennen kuin oppimisen tai tarkkaavuuden vaikeudet tulevat n\u00e4kyviksi. Sen sijaan, ett\u00e4 aistiyliherkkyys n\u00e4ht\u00e4isiin vain autismikirjon ja ADHD:n piirteen\u00e4, se tulisi tunnistaa varhaisena merkkin\u00e4 yleisest\u00e4 kehityksellisest\u00e4 haavoittuvuudesta&#8221;, kertoo yliopistonlehtori Katja Jussila Oulun yliopistosta.&#13;<\/p>\n<p>Arjen kuormitus voi olla lapselle yll\u00e4tt\u00e4v\u00e4n raskasta<\/p>\n<p>Kun hermoston reagointi aistimuksiin on yliherkk\u00e4\u00e4, kynnys havaita \u00e4rsykkeit\u00e4 on tavanomaista matalampi. My\u00f6s kyky tottua aisti\u00e4rsykkeisiin voi olla heikentynyt.&#13;<\/p>\n<p>T\u00e4ll\u00f6in tavalliset arjen asiat voivat kuormittaa lasta huomattavasti. Tausta\u00e4\u00e4net, kirkas valaistus, vaatteiden saumat iholla tai ruokien koostumus voivat tuntua siet\u00e4m\u00e4tt\u00f6milt\u00e4 ja tehd\u00e4 arjesta raskasta. Ulosp\u00e4in t\u00e4m\u00e4 voi n\u00e4ky\u00e4 vet\u00e4ytymisen\u00e4, \u00e4rtymyksen\u00e4 tai k\u00e4ytt\u00e4ytymisen haasteina, vaikka taustalla olisi aistikuormitus.&#13;<\/p>\n<p>Varhainen tunnistaminen voi ehk\u00e4ist\u00e4 my\u00f6hempi\u00e4 ongelmia<\/p>\n<p>Tutkijoiden mukaan yksi suurimmista riskeist\u00e4 on se, ett\u00e4 neurokehitykselliset vaikeudet j\u00e4\u00e4v\u00e4t tunnistamatta. T\u00e4ll\u00f6in lapsi voi j\u00e4\u00e4d\u00e4 ilman tarvitsemaansa tukea, mik\u00e4 lis\u00e4\u00e4 riski\u00e4 toissijaisille ongelmille.&#13;<\/p>\n<p>&#8221;Jos neurokehitykselliset vaikeudet j\u00e4\u00e4v\u00e4t tunnistamatta, lapsi j\u00e4\u00e4 herk\u00e4sti ilman asianmukaisia tukitoimia. T\u00e4m\u00e4 voi johtaa pitk\u00e4ll\u00e4 aikav\u00e4lill\u00e4 erilaisiin toissijaisiin ongelmiin, kuten k\u00e4ytt\u00e4ytymisen, tunne-el\u00e4m\u00e4n ja mielenterveyden haasteisiin&#8221;, painottaa v\u00e4it\u00f6skirjatutkija Anna Korkiakoski.&#13;<\/p>\n<p>Varhaisella tunnistamisella ja oikea-aikaisilla tukitoimilla n\u00e4iden ongelmien kehittymist\u00e4 voidaan mahdollisesti ehk\u00e4ist\u00e4 tai lievent\u00e4\u00e4 merkitt\u00e4v\u00e4sti.&#13;<\/p>\n<p>Neuvoloiden rooli korostuu<\/p>\n<p>Tutkijoiden mukaan neuvoloissa tulisi kiinnitt\u00e4\u00e4 erityist\u00e4 huomiota lapsiin, joilla aistiyliherkkyydet rajoittavat selv\u00e4sti toimintakyky\u00e4 ja arkea.&#13;<\/p>\n<p>&#8221;Kun lapsella on toimintakyky\u00e4 rajoittavia ja arkea selv\u00e4sti vaikeuttavia aistiyliherkkyyksi\u00e4, olisi t\u00e4rke\u00e4 seurata h\u00e4nen kokonaiskehityst\u00e4\u00e4n neuvolassa tavallista tarkemmin. Tarvittaessa lis\u00e4selvitykset ja tuki- ja kuntoutustoimet tulisi aloittaa mahdollisimman aikaisin\u201d&#8221;, Jussila sanoo.&#13;<\/p>\n<p>Tutkimus perustuu laajaan kohorttiaineistoon, joka kattaa 4424 suomalaista kahdeksanvuotiasta lasta Pohjois-Pohjanmaan alueelta. Kyseess\u00e4 on tiett\u00e4v\u00e4sti ensimm\u00e4inen tutkimus, jossa aistiyliherkkyyksien ja kaikkien neurokehityksellisten haasteiden yhteytt\u00e4 tarkastellaan n\u00e4in laajasti.<\/p>\n","protected":false},"excerpt":{"rendered":"Aistiyliherkkyys voi paljastaa lapsen kehitykselliset haasteet yll\u00e4tt\u00e4v\u00e4n varhain Aistiyliherkkyydet liitet\u00e4\u00e4n usein autismikirjoon ja ADHD:hen, mutta Oulun yliopiston tuore&hellip;\n","protected":false},"author":2,"featured_media":126983,"comment_status":"","ping_status":"","sticky":false,"template":"","format":"standard","meta":{"footnotes":""},"categories":[165],"tags":[33,31,30,166,32,167],"class_list":{"0":"post-126982","1":"post","2":"type-post","3":"status-publish","4":"format-standard","5":"has-post-thumbnail","7":"category-terveys","8":"tag-fi","9":"tag-finland","10":"tag-finnish","11":"tag-health","12":"tag-suomi","13":"tag-terveys"},"share_on_mastodon":{"url":"https:\/\/pubeurope.com\/@fi\/115791067263231378","error":""},"_links":{"self":[{"href":"https:\/\/www.europesays.com\/fi\/wp-json\/wp\/v2\/posts\/126982","targetHints":{"allow":["GET"]}}],"collection":[{"href":"https:\/\/www.europesays.com\/fi\/wp-json\/wp\/v2\/posts"}],"about":[{"href":"https:\/\/www.europesays.com\/fi\/wp-json\/wp\/v2\/types\/post"}],"author":[{"embeddable":true,"href":"https:\/\/www.europesays.com\/fi\/wp-json\/wp\/v2\/users\/2"}],"replies":[{"embeddable":true,"href":"https:\/\/www.europesays.com\/fi\/wp-json\/wp\/v2\/comments?post=126982"}],"version-history":[{"count":0,"href":"https:\/\/www.europesays.com\/fi\/wp-json\/wp\/v2\/posts\/126982\/revisions"}],"wp:featuredmedia":[{"embeddable":true,"href":"https:\/\/www.europesays.com\/fi\/wp-json\/wp\/v2\/media\/126983"}],"wp:attachment":[{"href":"https:\/\/www.europesays.com\/fi\/wp-json\/wp\/v2\/media?parent=126982"}],"wp:term":[{"taxonomy":"category","embeddable":true,"href":"https:\/\/www.europesays.com\/fi\/wp-json\/wp\/v2\/categories?post=126982"},{"taxonomy":"post_tag","embeddable":true,"href":"https:\/\/www.europesays.com\/fi\/wp-json\/wp\/v2\/tags?post=126982"}],"curies":[{"name":"wp","href":"https:\/\/api.w.org\/{rel}","templated":true}]}}