{"id":126990,"date":"2025-12-27T10:36:20","date_gmt":"2025-12-27T10:36:20","guid":{"rendered":"https:\/\/www.europesays.com\/fi\/126990\/"},"modified":"2025-12-27T10:36:20","modified_gmt":"2025-12-27T10:36:20","slug":"suomalaisten-suosikkikohde-paasi-sopimukseen-ilman-trumpia","status":"publish","type":"post","link":"https:\/\/www.europesays.com\/fi\/126990\/","title":{"rendered":"Suomalaisten suosikkikohde p\u00e4\u00e4si sopimukseen ilman Trumpia"},"content":{"rendered":"<p>Trump v\u00e4litti aiemmin tulitaukoa maiden v\u00e4lille kes\u00e4ll\u00e4, mutta t\u00e4m\u00e4n j\u00e4lkeen rajasota leimahti uudelleen. <\/p>\n<p><img decoding=\"async\" class=\"image image-show image-preview\" src=\"https:\/\/www.europesays.com\/fi\/wp-content\/uploads\/2025\/12\/693096ac299f203d196593ef14598933923703f0e940a12b847e0d0a351db58c.jpg\" alt=\"\"\/><img decoding=\"async\" class=\"image image-show\" src=\"https:\/\/www.europesays.com\/fi\/wp-content\/uploads\/2025\/12\/1766831780_351_693096ac299f203d196593ef14598933923703f0e940a12b847e0d0a351db58c.jpg\" alt=\"\"\/><\/p>\n<p>Aiempi Thaimaan ja Kambod\u017ean v\u00e4linen aseleposopimus allekirjoitettiin Malesiassa lokakuussa. Nykyiseen sopimukseen Donald Trump ei vaikuttanut. Trumpille kuiskii kuvassa Kambod\u017ean p\u00e4\u00e4ministeri Hun Manet. ALL OVER PRESS<\/p>\n<p class=\"paragraph\">Thaimaa ja Kambod\u017ea sopivat lauantaina tulitauosta, joka p\u00e4\u00e4tt\u00e4\u00e4 viikkoja kest\u00e4neen rajasodan.<\/p>\n<p class=\"paragraph\">\u2013 Kumpikin osapuoli sitoutuu pit\u00e4m\u00e4\u00e4n joukot nykyisell\u00e4\u00e4n ilman enemp\u00e4\u00e4 liikett\u00e4, Thaimaan ja Kambod\u017ean puolustusministerit sanoivat yhteisess\u00e4 tiedotteessa.<\/p>\n<p class=\"paragraph\">Rajalla n\u00e4htiin pahimmat taistelut vuosiin, kun osapuolet muun muassa ampuivat tykeill\u00e4 ja raketeilla. My\u00f6s h\u00e4vitt\u00e4ji\u00e4 nostettiin ilmaan. V\u00e4hint\u00e4\u00e4n 101 ihmist\u00e4 kuoli ja yli puoli miljoonaa ihmist\u00e4 joutui j\u00e4tt\u00e4m\u00e4\u00e4n kotinsa, kertoo uutistoimisto Reuters.<\/p>\n<p class=\"paragraph\">Aiemmin USA:n presidentti <a href=\"https:\/\/www.iltalehti.fi\/henkilot\/Donald Trump\" class=\"article-link-person-page\" rel=\"nofollow noopener\" target=\"_blank\">Donald Trump<\/a> oli yhdess\u00e4 Malesian p\u00e4\u00e4ministeri <strong>Anwar Ibrahimin<\/strong> kanssa v\u00e4litt\u00e4nyt maiden v\u00e4lille tulitaukosopimuksen. Joulukuun alussa Thaimaa kertoi tehneens\u00e4 ilmaiskuja Kambod\u017eaan, ja osapuolet <a href=\"https:\/\/www.iltalehti.fi\/ulkomaat\/46f3a648-9d31-465f-813d-3df6cadf2184\" rel=\"nofollow noopener\" target=\"_blank\">syyttiv\u00e4t toisiaan<\/a> Trumpin v\u00e4litt\u00e4m\u00e4n tulitaukosopimuksen rikkomisesta.<\/p>\n<p class=\"paragraph\">Mailla on ollut jo yli sadan vuoden ajan kiista useista alueista, jotka sijoittuvat yhteisen 817 kilometri\u00e4 pitk\u00e4n rajan alueelle. Tilanne eskaloitui alun perin hein\u00e4kuussa, ja tilanne rauhoittui vasta Trumpin puututtua asiaan.<\/p>\n<p>Thaimaan sotilaat pid\u00e4ttiv\u00e4t kyl\u00e4l\u00e4isen, jota he syyttiv\u00e4t kambod\u017ealaiseksi vakoojaksi yhteenotossa rajalla 12. joulukuuta.  EPA\/AOP<\/p>\n<p class=\"paragraph\">Lauantaina solmittuun tulitaukoon Trump ei kuitenkaan vaikuttanut, kuten ei my\u00f6sk\u00e4\u00e4n Anwar. Sopimusta edelsi Kaakkois-Aasian ulkoministerien v\u00e4linen tapaaminen Malesian p\u00e4\u00e4kaupungissa Kuala Lumpurissa sek\u00e4 p\u00e4ivi\u00e4 kest\u00e4neet neuvottelut Thaimaan ja Kambod\u017ean v\u00e4lisell\u00e4 rajatarkastuspisteell\u00e4.<\/p>\n<p class=\"paragraph\">Sopimuksen mukaisesti Thaimaa palauttaa vankina pit\u00e4m\u00e4ns\u00e4 18 kambod\u017ealaista sotilasta, mik\u00e4li tulitauko pit\u00e4\u00e4 v\u00e4hint\u00e4\u00e4n 72 tuntia. Rajan sijainnista ei kuitenkaan saatu sovittua, vaan siihen on tarkoitus palata kahdenkeskisten mekanismien avulla.<\/p>\n<p>Thaimaan asevoimien panssarikalustoa Surinin provinssissa 12. joulukuuta. EPA\/AOP<\/p>\n","protected":false},"excerpt":{"rendered":"Trump v\u00e4litti aiemmin tulitaukoa maiden v\u00e4lille kes\u00e4ll\u00e4, mutta t\u00e4m\u00e4n j\u00e4lkeen rajasota leimahti uudelleen. Aiempi Thaimaan ja Kambod\u017ean v\u00e4linen&hellip;\n","protected":false},"author":2,"featured_media":126991,"comment_status":"","ping_status":"","sticky":false,"template":"","format":"standard","meta":{"footnotes":""},"categories":[14],"tags":[35,22,23,26,27,33,31,30,17,24,25,28,29,15,18,21,142,637,144,32,19,20,56,16,638,59,60,61,143],"class_list":{"0":"post-126990","1":"post","2":"type-post","3":"status-publish","4":"format-standard","5":"has-post-thumbnail","7":"category-ulkomaat","8":"tag-24h","9":"tag-breaking-news","10":"tag-breakingnews","11":"tag-featured-news","12":"tag-featurednews","13":"tag-fi","14":"tag-finland","15":"tag-finnish","16":"tag-headlines","17":"tag-latest-news","18":"tag-latestnews","19":"tag-main-news","20":"tag-mainnews","21":"tag-news","22":"tag-otsikot","23":"tag-paauutiset","24":"tag-poliitikot","25":"tag-politiikka","26":"tag-presidentti","27":"tag-suomi","28":"tag-top-stories","29":"tag-topstories","30":"tag-ulkomaat","31":"tag-uutiset","32":"tag-valtiovalta","33":"tag-world","34":"tag-world-news","35":"tag-worldnews","36":"tag-yhdysvaltain-politiikka"},"share_on_mastodon":{"url":"https:\/\/pubeurope.com\/@fi\/115791094520925060","error":""},"_links":{"self":[{"href":"https:\/\/www.europesays.com\/fi\/wp-json\/wp\/v2\/posts\/126990","targetHints":{"allow":["GET"]}}],"collection":[{"href":"https:\/\/www.europesays.com\/fi\/wp-json\/wp\/v2\/posts"}],"about":[{"href":"https:\/\/www.europesays.com\/fi\/wp-json\/wp\/v2\/types\/post"}],"author":[{"embeddable":true,"href":"https:\/\/www.europesays.com\/fi\/wp-json\/wp\/v2\/users\/2"}],"replies":[{"embeddable":true,"href":"https:\/\/www.europesays.com\/fi\/wp-json\/wp\/v2\/comments?post=126990"}],"version-history":[{"count":0,"href":"https:\/\/www.europesays.com\/fi\/wp-json\/wp\/v2\/posts\/126990\/revisions"}],"wp:featuredmedia":[{"embeddable":true,"href":"https:\/\/www.europesays.com\/fi\/wp-json\/wp\/v2\/media\/126991"}],"wp:attachment":[{"href":"https:\/\/www.europesays.com\/fi\/wp-json\/wp\/v2\/media?parent=126990"}],"wp:term":[{"taxonomy":"category","embeddable":true,"href":"https:\/\/www.europesays.com\/fi\/wp-json\/wp\/v2\/categories?post=126990"},{"taxonomy":"post_tag","embeddable":true,"href":"https:\/\/www.europesays.com\/fi\/wp-json\/wp\/v2\/tags?post=126990"}],"curies":[{"name":"wp","href":"https:\/\/api.w.org\/{rel}","templated":true}]}}