{"id":126994,"date":"2025-12-27T10:38:10","date_gmt":"2025-12-27T10:38:10","guid":{"rendered":"https:\/\/www.europesays.com\/fi\/126994\/"},"modified":"2025-12-27T10:38:10","modified_gmt":"2025-12-27T10:38:10","slug":"tallainen-oli-pate-mustajarven-viimeinen-levytys","status":"publish","type":"post","link":"https:\/\/www.europesays.com\/fi\/126994\/","title":{"rendered":"T\u00e4llainen oli Pate Mustaj\u00e4rven viimeinen levytys"},"content":{"rendered":"<p>Pate Mustaj\u00e4rvi iloitsi viel\u00e4 syyskuussa uudesta musiikista.<\/p>\n<p class=\"article-body mb-nof-24 px-nof-16\">Tapaninp\u00e4iv\u00e4n\u00e4 kuollut laulajalegenda <a class=\"article-personlink\" href=\"https:\/\/www.is.fi\/haku\/?query=Pate%20Mustaj%C3%A4rvi\" rel=\"nofollow noopener\" target=\"_blank\">Pate Mustaj\u00e4rvi<\/a> ehti viimeisin\u00e4 aikoinaan viel\u00e4 julkaista uutta musiikkia.<\/p>\n<p class=\"article-body mb-nof-24 px-nof-16\">Syyskuussa Mustaj\u00e4rvi toi p\u00e4iv\u00e4nvaloon kappaleen Ei viel\u00e4, joka j\u00e4i artistin viimeiseksi singleksi. <a class=\"article-personlink\" href=\"https:\/\/www.is.fi\/haku\/?query=Esa%20Elorannan\" rel=\"nofollow noopener\" target=\"_blank\">Esa Elorannan<\/a> sanoittamassa laulussa on enteelliselt\u00e4 tuntuvat sanat.<\/p>\n<p class=\"article-body mb-nof-24 px-nof-16\">Yksi kappaleen s\u00e4keist\u00f6 kuuluu seuraavasti.<\/p>\n<blockquote class=\"[font-style:var(--blockquote-font-style,italic)] m-[var(--blockquote-margin)] pl-[calc(var(--nof-core-dimension-200)+var(--blockquote-border-width))] relative before:absolute before:left-0 before:h-full before:w-[var(--blockquote-border-width)] before:border-l-[length:var(--blockquote-border-width)] before:border-l-[color:var(--blockquote-border-color)] before:-skew-y-[var(--blockquote-border-skew,0deg)]\">\n<p class=\"article-body mb-nof-8\">Mull on teht\u00e4v\u00e4\u00e4 viel t\u00e4\u00e4ll\u00e4, monta hommaa p\u00e4\u00e4ll\u00e4<\/p>\n<p class=\"article-body mb-nof-8\">L\u00e4he menee siit\u00e4, s\u00e4 oot vaan mun tiell\u00e4<\/p>\n<p class=\"article-body mb-nof-8\">Aion luistella viel t\u00e4\u00e4ll\u00e4 raivoisalla j\u00e4\u00e4ll\u00e4<\/p>\n<p class=\"article-body mb-nof-8\">\u00c4l\u00e4 kutsu mua, m\u00e4 en oo valmis viel\u00e4<\/p>\n<p class=\"article-body mb-nof-8\">\u00c4l\u00e4 kutsu mua, ei viel\u00e4<\/p>\n<\/blockquote>\n<p><img decoding=\"async\" src=\"https:\/\/www.europesays.com\/fi\/wp-content\/uploads\/2025\/12\/1766831890_291_468.jpg\" alt=\"Pate Mustaj\u00e4rvi sairasti sy\u00f6p\u00e4\u00e4.\" class=\"_Img_1rerz_1\" style=\"aspect-ratio:0.6666666666666666\" loading=\"eager\"\/><\/p>\n<p class=\"article-picture-caption\">Pate Mustaj\u00e4rvi sairasti sy\u00f6p\u00e4\u00e4. Kuva:\u00a0Pasi Kostiainen<\/p>\n<p class=\"article-body mb-nof-24 px-nof-16\">Mustaj\u00e4rvi kirjoitti kappaleesta syyskuun alussa X-julkaisussaan.<\/p>\n<p class=\"article-body mb-nof-24 px-nof-16\">\u2013 No ny taas! Pistettiin ulos uusi sinkku Ei viel\u00e4 ja siihenh\u00e4n oli kuvattava video.<\/p>\n<p class=\"article-body mb-nof-24 px-nof-16\">Samalla h\u00e4n jakoi kappaleen musiikkivideon. Siin\u00e4 Mustaj\u00e4rvi muun muassa ajaa moottoripy\u00f6r\u00e4ll\u00e4 laavan keskell\u00e4.<\/p>\n<p class=\"article-body mb-nof-24 px-nof-16\"><a class=\"underline underline-offset-[0.12em] [text-decoration-thickness:var(--generic-link-underline-thickness)] [text-decoration-color:var(--generic-link-underline-color)] [text-decoration-skip-ink:var(--generic-link-underline-skip-ink)] break-words\" href=\"https:\/\/www.youtube.com\/watch?v=tD7XIkJdQ_I&amp;t=198s\" rel=\"nofollow noopener\" target=\"_blank\">Youtube<\/a>-alustalle jaetun videon kommenttikentt\u00e4 on t\u00e4yttynyt seuraajien kommenteista.<\/p>\n<p class=\"article-body mb-nof-24 px-nof-16\">\u2013 Enteellisi\u00e4 lauluja teki viime aikoina. Kevyet mulla suurelle legendalle.<\/p>\n<p class=\"article-body mb-nof-24 px-nof-16\">\u2013 Hyv\u00e4\u00e4 matkaa legenda sinne suureen tuntemattomaan.<\/p>\n<p class=\"article-body mb-nof-24 px-nof-16\">\u2013 Olis ollut viel\u00e4 paljon teht\u00e4v\u00e4\u00e4 t\u00e4\u00e4ll\u00e4. Kevyet mullat Pauli. Kiitos musiikistasi, se j\u00e4\u00e4 el\u00e4m\u00e4\u00e4n.<\/p>\n<p class=\"article-body mb-nof-24 px-nof-16\">Popeda-yhtyeen pitk\u00e4aikaisena keulahahmona tunnetun Mustaj\u00e4rven kuolemasta kerrottiin tapaninp\u00e4iv\u00e4n\u00e4. Suru-uutinen julkaistiin h\u00e4nen virallisella Instagram-tilill\u00e4\u00e4n.<\/p>\n<p class=\"article-body mb-nof-24 px-nof-16\">\u2013 Pauli Antero \u201dPate\u201d Mustaj\u00e4rvi 12.07.1956\u201326.12.2025. Me l\u00e4heiset toivomme rauhaa suuren surumme keskell\u00e4, p\u00e4ivityksess\u00e4 luki.<\/p>\n<p class=\"article-body mb-nof-24 px-nof-16\">Mustaj\u00e4rvi oli suomalainen muusikko ja sanoittaja. Popeda-uransa ohella Mustaj\u00e4rvi julkaisi muun muassa 13 sooloalbumia.<\/p>\n<p class=\"article-body mb-nof-24 px-nof-16\">Viime aikoina Mustaj\u00e4rvi k\u00e4rsi vakavista terveysvaivoista.<\/p>\n<p class=\"article-body mb-nof-24 px-nof-16\">Lokakuussa h\u00e4n kertoi sosiaalisessa mediassa, ett\u00e4 h\u00e4nelt\u00e4 oli l\u00f6ydetty kasvain. Marraskuussa Mustaj\u00e4rvi vahvisti, ett\u00e4 kyseess\u00e4 oli sy\u00f6p\u00e4.<\/p>\n","protected":false},"excerpt":{"rendered":"Pate Mustaj\u00e4rvi iloitsi viel\u00e4 syyskuussa uudesta musiikista. Tapaninp\u00e4iv\u00e4n\u00e4 kuollut laulajalegenda Pate Mustaj\u00e4rvi ehti viimeisin\u00e4 aikoinaan viel\u00e4 julkaista uutta&hellip;\n","protected":false},"author":2,"featured_media":126995,"comment_status":"","ping_status":"","sticky":false,"template":"","format":"standard","meta":{"footnotes":""},"categories":[5],"tags":[22,23,26,27,33,31,30,17,34,24,25,28,29,15,18,21,32,19,20,16],"class_list":{"0":"post-126994","1":"post","2":"type-post","3":"status-publish","4":"format-standard","5":"has-post-thumbnail","7":"category-otsikot","8":"tag-breaking-news","9":"tag-breakingnews","10":"tag-featured-news","11":"tag-featurednews","12":"tag-fi","13":"tag-finland","14":"tag-finnish","15":"tag-headlines","16":"tag-ilta-sanomat","17":"tag-latest-news","18":"tag-latestnews","19":"tag-main-news","20":"tag-mainnews","21":"tag-news","22":"tag-otsikot","23":"tag-paauutiset","24":"tag-suomi","25":"tag-top-stories","26":"tag-topstories","27":"tag-uutiset"},"share_on_mastodon":{"url":"https:\/\/pubeurope.com\/@fi\/115791102407895653","error":""},"_links":{"self":[{"href":"https:\/\/www.europesays.com\/fi\/wp-json\/wp\/v2\/posts\/126994","targetHints":{"allow":["GET"]}}],"collection":[{"href":"https:\/\/www.europesays.com\/fi\/wp-json\/wp\/v2\/posts"}],"about":[{"href":"https:\/\/www.europesays.com\/fi\/wp-json\/wp\/v2\/types\/post"}],"author":[{"embeddable":true,"href":"https:\/\/www.europesays.com\/fi\/wp-json\/wp\/v2\/users\/2"}],"replies":[{"embeddable":true,"href":"https:\/\/www.europesays.com\/fi\/wp-json\/wp\/v2\/comments?post=126994"}],"version-history":[{"count":0,"href":"https:\/\/www.europesays.com\/fi\/wp-json\/wp\/v2\/posts\/126994\/revisions"}],"wp:featuredmedia":[{"embeddable":true,"href":"https:\/\/www.europesays.com\/fi\/wp-json\/wp\/v2\/media\/126995"}],"wp:attachment":[{"href":"https:\/\/www.europesays.com\/fi\/wp-json\/wp\/v2\/media?parent=126994"}],"wp:term":[{"taxonomy":"category","embeddable":true,"href":"https:\/\/www.europesays.com\/fi\/wp-json\/wp\/v2\/categories?post=126994"},{"taxonomy":"post_tag","embeddable":true,"href":"https:\/\/www.europesays.com\/fi\/wp-json\/wp\/v2\/tags?post=126994"}],"curies":[{"name":"wp","href":"https:\/\/api.w.org\/{rel}","templated":true}]}}