{"id":126996,"date":"2025-12-27T10:50:10","date_gmt":"2025-12-27T10:50:10","guid":{"rendered":"https:\/\/www.europesays.com\/fi\/126996\/"},"modified":"2025-12-27T10:50:10","modified_gmt":"2025-12-27T10:50:10","slug":"tiina-jylha-ja-tape-rakas-harvinainen-yhteiskuva","status":"publish","type":"post","link":"https:\/\/www.europesays.com\/fi\/126996\/","title":{"rendered":"Tiina Jylh\u00e4 ja Tape-rakas: harvinainen yhteiskuva"},"content":{"rendered":"<p>\n            202307025 HELSINKI. Tiina Jylh\u00e4. KUVA: ATTE KAJOVA<br \/>\n            ATTE KAJOVA\n        <\/p>\n<p class=\"subtitle \">OnlyFans-uraa luonut kohukaunotar on pit\u00e4nyt viime vuosina matalaa profiilia julkisuudessa.<\/p>\n<p class=\"article-content article-content-width !bg-background\">Kauneusalan pioneeri , 63, on kertonut aiemmin avoimesti liittyneens\u00e4 suosittuun OnlyFans-palveluun.<\/p>\n<p>        <a itemprop=\"url\" href=\"https:\/\/www.seiska.fi\/kotimaa\/talta-nayttaa-hannele-laurin-poika-kuva\/1999841\" rel=\"nofollow noopener\" target=\"_blank\"><\/p>\n<p>\nHannele Lauri\n<\/p>\n<p class=\"section-date\">\n        <strong class=\"article-section\" data-section=\"kotimaa\"><br \/>\n            kotimaa<br \/>\n        <\/strong><br \/>\n        22.11. 12:00\n    <\/p>\n<p>T\u00e4lt\u00e4 n\u00e4ytt\u00e4\u00e4 Hannele Laurin poika \u2013 kuva!\n    <\/p>\n<p itemprop=\"description\" class=\"subtitle \">\n    Hannelen Tomi-poika vietti syntt\u00e4reit\u00e4\u00e4n.\n<\/p>\n<p>        <\/a><\/p>\n<p class=\"font-weight-bold m-font-weight-bold article-content article-content-width !bg-background\">Katso video \u2013 Tiina kertoo kuulumisistaan vuonna 2021:<\/p>\n<p>OnlyFans-tili katosi<\/p>\n<p class=\"article-content article-content-width !bg-background\">Tiina on pit\u00e4nyt vuosien ajan matalaa profiilia julkisuudessa. Viimeksi h\u00e4n nousi kunnolla otsikoihin kes\u00e4ll\u00e4 2023, kun h\u00e4n yll\u00e4tti ilmoittamalla liittyneens\u00e4 OnlyFans-palveluun.\u00a0<\/p>\n<p class=\"article-content article-content-width !bg-background\">\u2013 Tililt\u00e4ni l\u00f6ytyy muun muassa sellaista Playboy-materiaalia, mit\u00e4 ei ole t\u00e4h\u00e4n menness\u00e4 edes julkaistu miss\u00e4\u00e4n, Tiina paljasti kes\u00e4kuussa 2023 Seiskalle. H\u00e4n kertoi tuolloin OF-tilill\u00e4\u00e4n olevan jo satoja tilaajia.<\/p>\n<p>        <a itemprop=\"url\" href=\"https:\/\/www.seiska.fi\/kotimaa\/tiina-jylha-lahes-tunnistamattomana-kuva\/1553305\" rel=\"nofollow noopener\" target=\"_blank\"><\/p>\n<p class=\"section-date\">\n        <strong class=\"article-section\" data-section=\"kotimaa\"><br \/>\n            kotimaa<br \/>\n        <\/strong><br \/>\n        16.12.2024 07:30\n    <\/p>\n<p>Tiina Jylh\u00e4 l\u00e4hes tunnistamattomana \u2013 kuva\n    <\/p>\n<p itemprop=\"description\" class=\"subtitle \">\n    Tiina liittyi viime vuonna l\u00e4hinn\u00e4 eroottiseen sis\u00e4lt\u00f6\u00f6n keskittyv\u00e4\u00e4n OnlyFans-palveluun.\n<\/p>\n<p>        <\/a><\/p>\n<p class=\"article-content article-content-width !bg-background\">Reilut kaksi vuotta my\u00f6hemmin Tiina n\u00e4ytt\u00e4\u00e4 kuitenkin luopui urastaan alustalla lupaavasta alusta huolimatta. H\u00e4nen k\u00e4ytt\u00e4j\u00e4nimell\u00e4\u00e4n ei l\u00f6ydy palvelusta en\u00e4\u00e4 lainkaan sis\u00e4lt\u00f6\u00e4.<\/p>\n<p>                <img decoding=\"async\" src=\"https:\/\/www.europesays.com\/fi\/wp-content\/uploads\/2025\/12\/1106129.webp\" width=\"576\" height=\"720\" alt=\"Tiina muistetaan muun muassa The Look -kauneusyrityksest\u00e4, jota h\u00e4n piti vuoteen 2023 saakka.\" loading=\"lazy\" \/>            <\/p>\n<p>\n            Tiina muistetaan muun muassa The Look -kauneusyrityksest\u00e4, jota h\u00e4n piti vuoteen 2023 saakka.<br \/>\n            ATTE KAJOVA\n        <\/p>\n<p>Harvinainen yhteiskuva<\/p>\n<p class=\"article-content article-content-width !bg-background\">Tiinalla on takanaan v\u00e4rik\u00e4s ty\u00f6historia. H\u00e4n nousi julkisuuteen 1990-luvulla. H\u00e4net tunnettiin tuolloin muun muassa rintojen suurennusleikkausten markkinoijana, Hustler-lehden PR-henkil\u00f6n\u00e4, Escort-nimisen seuralaispalvelun pit\u00e4j\u00e4n\u00e4 sek\u00e4 taiteilija  ex-vaimona. Kaksikon avio-onni kesti vain puoli vuotta.<\/p>\n<p class=\"article-content article-content-width !bg-background\">Vuonna 2015 upeasta fysiikastaan tunnettu Tiina voitti\u00a0kehonrakennuksen maailmanmestaruuden.<\/p>\n<p>        <a itemprop=\"url\" href=\"https:\/\/www.seiska.fi\/kotimaa\/juhani-palmun-kohusuhde-puhutti-30-vuotta-sitten\/1572769\" rel=\"nofollow noopener\" target=\"_blank\"><\/p>\n<p class=\"section-date\">\n        <strong class=\"article-section\" data-section=\"kotimaa\"><br \/>\n            kotimaa<br \/>\n        <\/strong><br \/>\n        12.1. 15:00\n    <\/p>\n<p>Juhani Palmun kohusuhde puhutti 30 vuotta sitten\n    <\/p>\n<p itemprop=\"description\" class=\"subtitle \">\n    Aikansa kohupari puhutti ylellisell\u00e4 el\u00e4m\u00e4ntyylill\u00e4\u00e4n.\n<\/p>\n<p>        <\/a><\/p>\n<p class=\"article-content article-content-width !bg-background\">Tiina ja ex-kehonrakentaja\u00a0, 64, avioituivat vuonna 2010.<\/p>\n<p class=\"article-content article-content-width !bg-background\">Pariskunta ei ole juuri julkaissut yhteiskuvia sosiaalisessa mediassa. Joulun kunniaksi Tiina kuitenkin jakoi Instagram-tilill\u00e4\u00e4n kuvan kaksikosta.<\/p>\n<p class=\"article-content article-content-width !bg-background\">\u2013 Rauhallista Joulua, Tiina ja Tape toivottavat kuvatekstiss\u00e4.<\/p>\n<p class=\"article-content article-content-width !bg-background\">Kuvassa punaiseen mekkoon pukeutunut Tiina pit\u00e4\u00e4 k\u00e4tt\u00e4\u00e4n Tapen olkap\u00e4\u00e4ll\u00e4. Onnellinen pariskunta poseeraa hymyillen kameralle.<\/p>\n<p class=\"article-content article-content-width !bg-background\"><a href=\"https:\/\/www.instagram.com\/p\/DSptLUUii_F\/\" target=\"_blank\" rel=\"nofollow noopener\">Jos julkaisu ei n\u00e4y, voit katsoa sen t\u00e4\u00e4lt\u00e4.<\/a><\/p>\n<p><script async src=\"\/\/www.instagram.com\/embed.js\"><\/script><\/p>\n","protected":false},"excerpt":{"rendered":"202307025 HELSINKI. Tiina Jylh\u00e4. KUVA: ATTE KAJOVA ATTE KAJOVA OnlyFans-uraa luonut kohukaunotar on pit\u00e4nyt viime vuosina matalaa profiilia&hellip;\n","protected":false},"author":2,"featured_media":126997,"comment_status":"","ping_status":"","sticky":false,"template":"","format":"standard","meta":{"footnotes":""},"categories":[136],"tags":[407,137,33,31,30,7055,408,22509,3705,32,22508,9846,109],"class_list":{"0":"post-126996","1":"post","2":"type-post","3":"status-publish","4":"format-standard","5":"has-post-thumbnail","7":"category-julkkikset","8":"tag-celebrities","9":"tag-entertainment","10":"tag-fi","11":"tag-finland","12":"tag-finnish","13":"tag-juhani-palmu","14":"tag-julkkikset","15":"tag-kehonrakennus","16":"tag-onlyfans","17":"tag-suomi","18":"tag-tapani-valkonen","19":"tag-tiina-jylha","20":"tag-viihde"},"share_on_mastodon":{"url":"https:\/\/pubeurope.com\/@fi\/115791149626370697","error":""},"_links":{"self":[{"href":"https:\/\/www.europesays.com\/fi\/wp-json\/wp\/v2\/posts\/126996","targetHints":{"allow":["GET"]}}],"collection":[{"href":"https:\/\/www.europesays.com\/fi\/wp-json\/wp\/v2\/posts"}],"about":[{"href":"https:\/\/www.europesays.com\/fi\/wp-json\/wp\/v2\/types\/post"}],"author":[{"embeddable":true,"href":"https:\/\/www.europesays.com\/fi\/wp-json\/wp\/v2\/users\/2"}],"replies":[{"embeddable":true,"href":"https:\/\/www.europesays.com\/fi\/wp-json\/wp\/v2\/comments?post=126996"}],"version-history":[{"count":0,"href":"https:\/\/www.europesays.com\/fi\/wp-json\/wp\/v2\/posts\/126996\/revisions"}],"wp:featuredmedia":[{"embeddable":true,"href":"https:\/\/www.europesays.com\/fi\/wp-json\/wp\/v2\/media\/126997"}],"wp:attachment":[{"href":"https:\/\/www.europesays.com\/fi\/wp-json\/wp\/v2\/media?parent=126996"}],"wp:term":[{"taxonomy":"category","embeddable":true,"href":"https:\/\/www.europesays.com\/fi\/wp-json\/wp\/v2\/categories?post=126996"},{"taxonomy":"post_tag","embeddable":true,"href":"https:\/\/www.europesays.com\/fi\/wp-json\/wp\/v2\/tags?post=126996"}],"curies":[{"name":"wp","href":"https:\/\/api.w.org\/{rel}","templated":true}]}}