{"id":127016,"date":"2025-12-27T11:20:14","date_gmt":"2025-12-27T11:20:14","guid":{"rendered":"https:\/\/www.europesays.com\/fi\/127016\/"},"modified":"2025-12-27T11:20:14","modified_gmt":"2025-12-27T11:20:14","slug":"pauli-hanhiniemi-muistaa-pate-mustajarven-halauksen","status":"publish","type":"post","link":"https:\/\/www.europesays.com\/fi\/127016\/","title":{"rendered":"Pauli Hanhiniemi muistaa Pate Mustaj\u00e4rven halauksen"},"content":{"rendered":"<p><strong class=\"typography-bold\">Muusikko Pauli Hanhiniemi ja Pate Mustaj\u00e4rven tiet kohtasivat <\/strong><strong class=\"typography-bold\">Tahdotko mut tosiaan<\/strong><strong class=\"typography-bold\"> -sanoituksen kautta.<\/strong><\/p>\n<p>Muusikko, s\u00e4velt\u00e4j\u00e4 ja sanoittaja <strong class=\"typography-bold\">Pauli Hanhiniemi<\/strong> kertoo MTV Uutisille, ettei osannut odottaa <strong class=\"typography-bold\">Pate Mustaj\u00e4rven<\/strong> kuolemaa.<\/p>\n<p>\u2013 Osasi jollain lailla varautua siihen, ett\u00e4 Pate on laulunsa laulanut, mutta en arvannut, ett\u00e4 h\u00e4n l\u00e4htee kokonaan pois.<\/p>\n<p>\u2013 Ajattelin, ett\u00e4 Paten el\u00e4m\u00e4 muuttuu sy\u00f6v\u00e4n vuoksi sellaiseksi, ettei lavalla niin vaan kiivet\u00e4, mutta t\u00e4m\u00e4 kuolema tuli kyll\u00e4 yll\u00e4tt\u00e4v\u00e4n nopeasti, Hanhiniemi kertoo.<\/p>\n<p><strong class=\"typography-bold\">Lue my\u00f6s: <\/strong><a class=\"cursor-pointer underline\" data-testid=\"internal-link\" role=\"link\" data-sentry-element=\"Link\" data-sentry-component=\"InternalLink\" data-sentry-source-file=\"InternalLink.tsx\" href=\"https:\/\/www.mtvuutiset.fi\/artikkeli\/syopaan-kuollut-pate-mustajarvi-toimi-popedan-keulakuvana-lahes-50-vuoden-ajan\/9275016\" rel=\"nofollow noopener\" target=\"_blank\"><strong class=\"typography-bold\">Tapaninp\u00e4iv\u00e4n\u00e4 kuollut Pate Mustaj\u00e4rvi toimi Popedan keulakuvana l\u00e4hes 50 vuoden ajan<\/strong><\/a><strong class=\"typography-bold\">M\u00f6rrim\u00f6ykky\u00e4 laulava ihailun kohde, josta tuli kollega<\/strong><\/p>\n<p>Hanhiniemi kertoo, ett\u00e4 ennen omaa muusikon uraansa Mustaj\u00e4rvi oli h\u00e4nelle kundi, joka veti M\u00f6rrim\u00f6ykky\u00e4 ja Hulluja koiria.<\/p>\n<p>\u2013 H\u00e4n oli todella kova. Nuorukaisena katsoin Patea jossain Aulavan sivussa.\u00a0<\/p>\n<p>\u2013 Sitten, kun p\u00e4\u00e4dyin Tampereelle ja olin itsekin jo b\u00e4ndihommissa, aloin yht\u00e4kki\u00e4 kirjoittamaan Patelle laulun tekstej\u00e4.<\/p>\n<p>Ensimm\u00e4inen laulun sanoitus, jonka Hanhiniemi teki Mustaj\u00e4rvelle, oli Tahdotko mut tosiaan.<\/p>\n<p>\u2013 Petanderin Markku soitti siihen aikaan Popedassa ja pyysi, ett\u00e4 tehd\u00e4\u00e4n t\u00e4st\u00e4 Patelle biisi.<\/p>\n<p>\u2013 Se oli kannaltani tosi mullistavaa tulla tutuksi Paten kanssa, Hanhiniemi kertoo.<\/p>\n<p><strong class=\"typography-bold\">Lue my\u00f6s: <\/strong><a class=\"cursor-pointer underline\" data-testid=\"internal-link\" role=\"link\" data-sentry-element=\"Link\" data-sentry-component=\"InternalLink\" data-sentry-source-file=\"InternalLink.tsx\" href=\"https:\/\/www.mtvuutiset.fi\/artikkeli\/costello-hautamaen-hyvastit-mustajarvelle-hyvaa-matkaa-pauli\/9275154\" rel=\"nofollow noopener\" target=\"_blank\"><strong class=\"typography-bold\">Costello Hautam\u00e4en hyv\u00e4stit Mustaj\u00e4rvelle: &#8221;Hyv\u00e4\u00e4 matkaa, Pauli&#8221;<\/strong><\/a><strong class=\"typography-bold\">&#8221;Pate tuli ja otti syliins\u00e4&#8221;<\/strong><\/p>\n<p>Hanhiniemen ja Mustaj\u00e4rven tiet kohtasivat my\u00f6s vuonna 1997, kun he jakoivat Virgo-musikaalissa diilerin roolin.<\/p>\n<p>\u2013 Pate teki 60 esityst\u00e4 ja min\u00e4 60. Noihin aikoihin kirjoitin h\u00e4nelle kappaleen Jukeboxin luona.<\/p>\n<p>\u2013 Sitten n\u00e4imme Virgon jossain kekkereiss\u00e4 ja Pate tuli luokseni ja otti syliins\u00e4 tai halaukseen ja sanoi, ett\u00e4 se meni Arwolle.<\/p>\n<p>Mustaj\u00e4rvi viittasi Popedan edesmenneeseen kitaristiin <strong class=\"typography-bold\">Arwo Mikkoseen<\/strong>.<\/p>\n<p>\u2013 Jukeboxin luona kertoo siit\u00e4, kuinka kuollut toveri tulee kummittelemaan. Arwon l\u00e4ht\u00f6\u00e4 ajattelin, kun sen kirjoitin, Hanhiniemi kertoo.<\/p>\n<p>Arwo Mikkonen kuoli synnynn\u00e4isen syd\u00e4nvian aiheuttamaan syd\u00e4nkohtaukseen vuonna 1986. Jukeboxin luona julkaistiin vuonna 1998 Pate Mustaj\u00e4rven Vol. 4-albumilla.<\/p>\n<p>Lue my\u00f6s: <a class=\"cursor-pointer underline\" data-testid=\"internal-link\" role=\"link\" data-sentry-element=\"Link\" data-sentry-component=\"InternalLink\" data-sentry-source-file=\"InternalLink.tsx\" href=\"https:\/\/www.mtvuutiset.fi\/artikkeli\/kommentti-pate-mustajarvi-on-poissa-yksi-suomalaisen-rockin-peruskivista-lahti-ikuiselle-matkalle-alabamaan\/9275086\" rel=\"nofollow noopener\" target=\"_blank\">Kommentti: Pate Mustaj\u00e4rvi on poissa \u2013 yksi suomalaisen rockin peruskivist\u00e4 l\u00e4hti ikuiselle matkalle Alabamaan<\/a><strong class=\"typography-bold\">&#8221;Peace and love liittyy erityisell\u00e4 tavalla Pateen&#8221;<\/strong><\/p>\n<p>Hanhiniemi on varma, ett\u00e4 Pate Mustaj\u00e4rven laulut j\u00e4\u00e4v\u00e4t el\u00e4m\u00e4\u00e4n monissa syd\u00e4miss\u00e4.<\/p>\n<p>\u2013 Monet niit\u00e4 viel\u00e4 hyr\u00e4ilev\u00e4t ja kuuntelevat. On iso menetys, ett\u00e4 tuollainen ihminen l\u00e4htee elonpiirist\u00e4 pois, Hanhiniemi huokaa.<\/p>\n<p>Hanhiniemi muistaa rockkollegaansa my\u00f6s Facebook-p\u00e4ivityksess\u00e4.<\/p>\n<p>\u2013 Laitoin mun Facebook-sivulle, ett\u00e4 lep\u00e4\u00e4 rauhassa ja rakkaudessa Pate, koska mielest\u00e4ni peace and love liittyy jollain erityisell\u00e4 tavalla Pateen nimenomaan.<\/p>\n","protected":false},"excerpt":{"rendered":"Muusikko Pauli Hanhiniemi ja Pate Mustaj\u00e4rven tiet kohtasivat Tahdotko mut tosiaan -sanoituksen kautta. Muusikko, s\u00e4velt\u00e4j\u00e4 ja sanoittaja Pauli&hellip;\n","protected":false},"author":2,"featured_media":127017,"comment_status":"","ping_status":"","sticky":false,"template":"","format":"standard","meta":{"footnotes":""},"categories":[132],"tags":[137,33,31,30,195,47,32,109],"class_list":{"0":"post-127016","1":"post","2":"type-post","3":"status-publish","4":"format-standard","5":"has-post-thumbnail","7":"category-musiikki","8":"tag-entertainment","9":"tag-fi","10":"tag-finland","11":"tag-finnish","12":"tag-music","13":"tag-musiikki","14":"tag-suomi","15":"tag-viihde"},"share_on_mastodon":{"url":"https:\/\/pubeurope.com\/@fi\/115791267302856329","error":""},"_links":{"self":[{"href":"https:\/\/www.europesays.com\/fi\/wp-json\/wp\/v2\/posts\/127016","targetHints":{"allow":["GET"]}}],"collection":[{"href":"https:\/\/www.europesays.com\/fi\/wp-json\/wp\/v2\/posts"}],"about":[{"href":"https:\/\/www.europesays.com\/fi\/wp-json\/wp\/v2\/types\/post"}],"author":[{"embeddable":true,"href":"https:\/\/www.europesays.com\/fi\/wp-json\/wp\/v2\/users\/2"}],"replies":[{"embeddable":true,"href":"https:\/\/www.europesays.com\/fi\/wp-json\/wp\/v2\/comments?post=127016"}],"version-history":[{"count":0,"href":"https:\/\/www.europesays.com\/fi\/wp-json\/wp\/v2\/posts\/127016\/revisions"}],"wp:featuredmedia":[{"embeddable":true,"href":"https:\/\/www.europesays.com\/fi\/wp-json\/wp\/v2\/media\/127017"}],"wp:attachment":[{"href":"https:\/\/www.europesays.com\/fi\/wp-json\/wp\/v2\/media?parent=127016"}],"wp:term":[{"taxonomy":"category","embeddable":true,"href":"https:\/\/www.europesays.com\/fi\/wp-json\/wp\/v2\/categories?post=127016"},{"taxonomy":"post_tag","embeddable":true,"href":"https:\/\/www.europesays.com\/fi\/wp-json\/wp\/v2\/tags?post=127016"}],"curies":[{"name":"wp","href":"https:\/\/api.w.org\/{rel}","templated":true}]}}