{"id":127018,"date":"2025-12-27T11:23:09","date_gmt":"2025-12-27T11:23:09","guid":{"rendered":"https:\/\/www.europesays.com\/fi\/127018\/"},"modified":"2025-12-27T11:23:09","modified_gmt":"2025-12-27T11:23:09","slug":"ville-husso-nain-han-kommentoi-tilannettaan-anaheimissa","status":"publish","type":"post","link":"https:\/\/www.europesays.com\/fi\/127018\/","title":{"rendered":"Ville Husso: n\u00e4in h\u00e4n kommentoi tilannettaan Anaheimissa"},"content":{"rendered":"<p>Maalivahtien el\u00e4m\u00e4 voi olla vaikeaa, kun pelipaikkoja on niin v\u00e4h\u00e4n.<\/p>\n<p>Teemu Suvinen ja Joonas Donskoi perkaavat NHL:n alkukauden parhaita hy\u00f6kk\u00e4\u00e4ji\u00e4.Video: IS \/ NHL.com<\/p>\n<p class=\"article-body mb-nof-24 px-nof-16\">New York<\/p>\n<p class=\"article-body mb-nof-24 px-nof-16\">Anaheim Ducksin <a class=\"article-personlink\" href=\"https:\/\/www.is.fi\/haku\/?query=Ville%20Husso\" rel=\"nofollow noopener\" target=\"_blank\">Ville Husso<\/a>, 30, on pattitilanteessa joukkueessaan.<\/p>\n<p class=\"article-body mb-nof-24 px-nof-16\">H\u00e4n on pelannut riitt\u00e4v\u00e4n hyvin ansaitakseen paikan NHL-miehist\u00f6ss\u00e4, mutta Ducksin maalivahtiosasto on tukossa.<\/p>\n<p class=\"article-body mb-nof-24 px-nof-16\">Siksi Anaheim l\u00e4hetti hiljattain Husson takaisin farmijoukkue San Diego Gullsiin, jossa t\u00e4m\u00e4 pelasi koko alkukauden.<\/p>\n<p class=\"article-body mb-nof-24 px-nof-16\">Husso p\u00e4\u00e4si n\u00e4ytt\u00e4m\u00e4\u00e4n taitojaan NHL:ss\u00e4 yhdeks\u00e4n ottelun ajan, kun Ducksin muut vahdit <a class=\"article-personlink\" href=\"https:\/\/www.is.fi\/haku\/?query=Lukas%20Dostal\" rel=\"nofollow noopener\" target=\"_blank\">Lukas Dostal<\/a> ja <a class=\"article-personlink\" href=\"https:\/\/www.is.fi\/haku\/?query=Petr%20Mrazek\" rel=\"nofollow noopener\" target=\"_blank\">Petr Mrazek <\/a>k\u00e4rsiv\u00e4t loukkaantumisista.<\/p>\n<p class=\"article-body mb-nof-24 px-nof-16\">Kun kaksikko tervehtyi, Hussolle ei ollut tilaa. Ei, vaikka suomalaisvahti pelasi useamman erinomaisen ottelun ja ker\u00e4si paljon kehuja.<\/p>\n<p class=\"article-body mb-nof-24 px-nof-16\">Ducks todenn\u00e4k\u00f6isesti halusi my\u00f6s kikkailla s\u00e4\u00e4nt\u00f6jen kanssa.<\/p>\n<p class=\"article-body mb-nof-24 px-nof-16\">Jos Husso olisi pelannut NHL:ss\u00e4 yhdenkin ottelun enemm\u00e4n ennen farmikomennustaan, h\u00e4net olisi pit\u00e4nyt l\u00e4hett\u00e4\u00e4 San Diegoon waivers-listan kautta.<\/p>\n<p class=\"article-body mb-nof-24 px-nof-16\">Waivers-listalta mik\u00e4 tahansa seura olisi voinut poimia Husson riveihins\u00e4. Suomalaisvahti pelasi niin hyvin, ett\u00e4 joku seura olisi hyvinkin voinut tarttua tarjoukseen.<\/p>\n<p class=\"article-body mb-nof-24 px-nof-16\">Husso solmi kes\u00e4ll\u00e4 Ducksin kanssa kahden vuoden sopimuksen, eik\u00e4 ole j\u00e4rin hilpe\u00e4n\u00e4 roolistaan farmivahtina.<\/p>\n<p class=\"article-body mb-nof-24 px-nof-16\">\u2013 En miss\u00e4\u00e4n nimess\u00e4 ole tyytyv\u00e4inen tai iloinen, jos joudun takaisin farmiin, Husso sanoi New Yorkissa joulukuussa, vain v\u00e4h\u00e4n ennen kuin Ducks l\u00e4hetti h\u00e4net takaisin San Diegoon.<\/p>\n<p class=\"article-body mb-nof-24 px-nof-16\">Tuossa vaiheessa oli viel\u00e4 ep\u00e4selv\u00e4\u00e4, joutuisiko suomalaisvahti mahdollisesti kulkemaan waivers-listan kautta. Husso ei olisi pannut pahakseen, jos n\u00e4in olisi tapahtunut ja jokin NHL-seura olisi poiminut h\u00e4net riveihins\u00e4.<\/p>\n<p class=\"article-body mb-nof-24 px-nof-16\">\u2013 Jos joudun waiversille, niin toivon jonkun seuran nappaavan minut, jotta saisin pelata NHL:ss\u00e4, Husso sanoi.<\/p>\n<p><img decoding=\"async\" src=\"https:\/\/www.europesays.com\/fi\/wp-content\/uploads\/2025\/12\/1766834589_494_468.jpg\" alt=\"Ville Husso hamuaa NHL:\u00e4\u00e4n.\" class=\"_Img_1rerz_1\" style=\"aspect-ratio:1.5011727912431587\" loading=\"eager\"\/><\/p>\n<p class=\"article-picture-caption\">Ville Husso hamuaa NHL:\u00e4\u00e4n. Kuva:\u00a0Ronald Martinez<\/p>\n<p class=\"article-body mb-nof-24 px-nof-16\">Suomalaisvahdilla ei ole pahaa sanottavaa Ducksin organisaatiosta \u2013 t\u00e4ysin p\u00e4invastoin. Muuten h\u00e4n ei olisi edes tehnyt jatkosopimusta.<\/p>\n<p class=\"article-body mb-nof-24 px-nof-16\">H\u00e4n kuitenkin toivoi NHL-porttien aukeavan helpommin.<\/p>\n<p class=\"article-body mb-nof-24 px-nof-16\">\u2013 Muitakin kiinnostuneita seuroja olisi voinut olla, mutta halusin jatkaa t\u00e4\u00e4ll\u00e4, Husso kertoi.<\/p>\n<p class=\"article-body mb-nof-24 px-nof-16\">H\u00e4n ei halunnut kes\u00e4ll\u00e4 vaihtaa maisemaa, vaikka Ducksilla on maalivahteja jonoksi asti. Se kauppasi kes\u00e4ll\u00e4 pitk\u00e4aikaisen ykk\u00f6svahtinsa <a class=\"article-personlink\" href=\"https:\/\/www.is.fi\/haku\/?query=John%20Gibsonin\" rel=\"nofollow noopener\" target=\"_blank\">John Gibsonin<\/a> Detroitiin, josta Kaliforniaan saapui vaihdossa Mrazek.<\/p>\n<p class=\"article-body mb-nof-24 px-nof-16\">\u2013 Se oli tiedossa, ett\u00e4 vaihdossa Gibsoniin voi tulla toinen maalivahti tilalle, Husso py\u00f6ritteli.<\/p>\n<p class=\"article-body mb-nof-24 px-nof-16\">H\u00e4n uskoi silti pystyv\u00e4ns\u00e4 nappaamaan kakkosvahdin paikan Dostalin takana. Husso esiintyikin harjoitusleirill\u00e4 edukseen.<\/p>\n<p class=\"article-body mb-nof-24 px-nof-16\">\u2013 Siksi en osannut odottaa, ett\u00e4 jouduin farmiin heti kauden aluksi, Husso sanoi.<\/p>\n<p class=\"article-body mb-nof-24 px-nof-16\">Husso saapui Ducksin organisaatioon viime helmikuussa pelaajakaupassa Detroitista ja vakuuttui seuran valmentajien ammattitaidosta.<\/p>\n<p class=\"article-body mb-nof-24 px-nof-16\">\u2013 Kaikki maalivahtien kanssa ty\u00f6skentelev\u00e4t henkil\u00f6t ovat t\u00e4\u00e4ll\u00e4 ihan huippuluokkaa sek\u00e4 Ducksissa ett\u00e4 San Diegossa, Husso sanoo.<\/p>\n<p class=\"article-body mb-nof-24 px-nof-16\">\u2013 Siksi n\u00e4in t\u00e4m\u00e4n erinomaiseksi paikaksi kehitt\u00e4\u00e4 itse\u00e4ni.<\/p>\n<p class=\"article-body mb-nof-24 px-nof-16\">Husso on pelannut NHL:ss\u00e4 yhteens\u00e4 jo 154 runkosarjaottelua, mutta viime vuodet Detroitissa meniv\u00e4t harakoille. Husso k\u00e4rsi sitkeist\u00e4 loukkaantumisista varsinkin kaudella 2023\u20132024 ja pelasi vain 19 ottelua NHL:ss\u00e4.<\/p>\n<p class=\"article-body mb-nof-24 px-nof-16\">Kaudella 2024\u20132025 Husso pelasi Detroitissa vain yhdeks\u00e4n ottelua.<\/p>\n<p class=\"article-body mb-nof-24 px-nof-16\">\u2013 Nyt olen viimein p\u00e4\u00e4ssyt loukkaantumishuolista eroon. Kesti todella kauan, ett\u00e4 sain hyv\u00e4n fiiliksen p\u00e4\u00e4lle, Husso my\u00f6nt\u00e4\u00e4.<\/p>\n<p class=\"article-body mb-nof-24 px-nof-16\">\u2013 Detroitissa viimeiset 1,5 vuotta olivat melkoista s\u00e4hl\u00e4yst\u00e4.<\/p>\n<p class=\"article-body mb-nof-24 px-nof-16\">Husso on jo kokenut vahti, mutta h\u00e4n kertoo panneensa pari vuotta sitten \u201dkaiken uusiksi\u201d. H\u00e4n viittaa harjoitteluun ja tekniikkaan.<\/p>\n<p class=\"article-body mb-nof-24 px-nof-16\">\u2013 Kaikki vaihtui kuntovalmentajasta l\u00e4htien. Olen treenannut eri tavalla, mik\u00e4 on toki osin loukkaantumisten syyt\u00e4, h\u00e4n kertoo.<\/p>\n<p class=\"article-body mb-nof-24 px-nof-16\">\u2013 Nyt palaset alkavat pikkuhiljaa loksahtaa paikoilleen.<\/p>\n<p class=\"article-body mb-nof-24 px-nof-16\">Husson nimi ehti jo nousta jokerikortiksi Leijonien olympiajoukkueeseen, kun Suomen muilla maalivahdeilla oli vaikeat ajat.<\/p>\n<p class=\"article-body mb-nof-24 px-nof-16\">\u2013 Tiedostan toki, ett\u00e4 nimeni on py\u00f6rinyt niiss\u00e4 spekulaatioissa. Mutta en rehellisesti ole ehtinyt turhan paljon mietti\u00e4. Paikka olympiajoukkueessa olisi unelma. Se on ihan selv\u00e4, Husso tuumasi.<\/p>\n","protected":false},"excerpt":{"rendered":"Maalivahtien el\u00e4m\u00e4 voi olla vaikeaa, kun pelipaikkoja on niin v\u00e4h\u00e4n. Teemu Suvinen ja Joonas Donskoi perkaavat NHL:n alkukauden&hellip;\n","protected":false},"author":2,"featured_media":127019,"comment_status":"","ping_status":"","sticky":false,"template":"","format":"standard","meta":{"footnotes":""},"categories":[158],"tags":[33,31,30,34,159,32,160],"class_list":{"0":"post-127018","1":"post","2":"type-post","3":"status-publish","4":"format-standard","5":"has-post-thumbnail","7":"category-urheilu","8":"tag-fi","9":"tag-finland","10":"tag-finnish","11":"tag-ilta-sanomat","12":"tag-sports","13":"tag-suomi","14":"tag-urheilu"},"share_on_mastodon":{"url":"https:\/\/pubeurope.com\/@fi\/115791279454959644","error":""},"_links":{"self":[{"href":"https:\/\/www.europesays.com\/fi\/wp-json\/wp\/v2\/posts\/127018","targetHints":{"allow":["GET"]}}],"collection":[{"href":"https:\/\/www.europesays.com\/fi\/wp-json\/wp\/v2\/posts"}],"about":[{"href":"https:\/\/www.europesays.com\/fi\/wp-json\/wp\/v2\/types\/post"}],"author":[{"embeddable":true,"href":"https:\/\/www.europesays.com\/fi\/wp-json\/wp\/v2\/users\/2"}],"replies":[{"embeddable":true,"href":"https:\/\/www.europesays.com\/fi\/wp-json\/wp\/v2\/comments?post=127018"}],"version-history":[{"count":0,"href":"https:\/\/www.europesays.com\/fi\/wp-json\/wp\/v2\/posts\/127018\/revisions"}],"wp:featuredmedia":[{"embeddable":true,"href":"https:\/\/www.europesays.com\/fi\/wp-json\/wp\/v2\/media\/127019"}],"wp:attachment":[{"href":"https:\/\/www.europesays.com\/fi\/wp-json\/wp\/v2\/media?parent=127018"}],"wp:term":[{"taxonomy":"category","embeddable":true,"href":"https:\/\/www.europesays.com\/fi\/wp-json\/wp\/v2\/categories?post=127018"},{"taxonomy":"post_tag","embeddable":true,"href":"https:\/\/www.europesays.com\/fi\/wp-json\/wp\/v2\/tags?post=127018"}],"curies":[{"name":"wp","href":"https:\/\/api.w.org\/{rel}","templated":true}]}}