{"id":127020,"date":"2025-12-27T11:24:08","date_gmt":"2025-12-27T11:24:08","guid":{"rendered":"https:\/\/www.europesays.com\/fi\/127020\/"},"modified":"2025-12-27T11:24:08","modified_gmt":"2025-12-27T11:24:08","slug":"sigourney-weaver-sanoi-suorat-sanat-james-cameronille-kun-ohjaaja-huusi-aliens-elokuvan-kuvauksissa","status":"publish","type":"post","link":"https:\/\/www.europesays.com\/fi\/127020\/","title":{"rendered":"Sigourney Weaver sanoi suorat sanat James Cameronille, kun ohjaaja huusi Aliens-elokuvan kuvauksissa"},"content":{"rendered":"<p><a href=\"https:\/\/variety.com\/2025\/film\/news\/sigourney-weaver-fought-james-cameron-yelling-aliens-1236617655\/\" rel=\"nofollow noopener\" target=\"_blank\">Variety<\/a> uutisoi haastattelusta, jonka n\u00e4yttelij\u00e4 <strong>Sigourney Weaver <\/strong>antoi. Haastattelussa Weaver paljastaa, ett\u00e4 asettui ohjaaja <strong>James Cameronia<\/strong> vastaan Aliens-elokuvan kuvauksissa.<\/p>\n<p>Cameronilta meni hermot nuoreen naisn\u00e4yttelij\u00e4\u00e4n, joka ei saanut tarpeistoa toimimaan. Kun Cameron huusi n\u00e4yttelij\u00e4lle, Weaver otti ohjat k\u00e4siins\u00e4.<\/p>\n<p>\u201dK\u00e4velin h\u00e4nen luokseen ja sanoin \u2019tied\u00e4th\u00e4n, ett\u00e4 kun huudat yhdelle n\u00e4yttelij\u00e4lle, huudat meille kaikille, ja ymm\u00e4rr\u00e4, ett\u00e4 se mit\u00e4 h\u00e4n teki oli itse asiassa eritt\u00e4in vaikeaa. Ehk\u00e4 voisit kuvata jotain muuta sill\u00e4 aikaa, kun h\u00e4n tottuu tekem\u00e4\u00e4n n\u00e4m\u00e4 asian haluamallasi tavalla\u2019\u201d, Weaver muisteli.<\/p>\n<p>Cameron otti neuvosta vaarin. Nyt Weaver muistelee ohjaajaa hyv\u00e4ll\u00e4.<\/p>\n<p>\u201dH\u00e4n on hyv\u00e4 kaveri. Min\u00e4 todella ajattelen, ett\u00e4 Jim on nyky\u00e4\u00e4n lauhkeampi.\u201d<\/p>\n<p><a href=\"https:\/\/www.episodi.fi\/uutiset\/uusi-avatar-elokuva-on-taalla-james-cameron-vie-katsojat-jalleen-huikealle-tripille-pandoraan\/\" rel=\"nofollow noopener\" target=\"_blank\">Lue my\u00f6s: Uusi Avatar-elokuva on t\u00e4\u00e4ll\u00e4! James Cameron vie katsojat j\u00e4lleen huikealle tripille Pandoraan<\/a><\/p>\n<p>Lue my\u00f6s: <a href=\"https:\/\/www.episodi.fi\/uutiskirje\/?uutiskirjemainos=tekstilinkkimainos\" title=\"Tilaa Episodin uutiskirje ja voit voittaa leffalippuja! Nappaa tv-vinkit suoraan s\u00e4hk\u00f6postiin t\u00e4st\u00e4.\" class=\"underline-custom !font-montserrat !font-bold !underline-offset-4 !decoration-4 !decoration-episodi-blue !text-md\" rel=\"nofollow noopener\" target=\"_blank\">Tilaa Episodin uutiskirje ja voit voittaa leffalippuja! Nappaa katseluvinkit suoraan s\u00e4hk\u00f6postiin t\u00e4st\u00e4.<\/a><\/p>\n<p>\t\t\tAiheeseen liittyvi\u00e4 elokuvia<\/p>\n","protected":false},"excerpt":{"rendered":"Variety uutisoi haastattelusta, jonka n\u00e4yttelij\u00e4 Sigourney Weaver antoi. Haastattelussa Weaver paljastaa, ett\u00e4 asettui ohjaaja James Cameronia vastaan Aliens-elokuvan&hellip;\n","protected":false},"author":2,"featured_media":127021,"comment_status":"","ping_status":"","sticky":false,"template":"","format":"standard","meta":{"footnotes":""},"categories":[130],"tags":[2898,137,33,31,30,6302,434,8891,32,109],"class_list":{"0":"post-127020","1":"post","2":"type-post","3":"status-publish","4":"format-standard","5":"has-post-thumbnail","7":"category-viihde","8":"tag-aliens","9":"tag-entertainment","10":"tag-fi","11":"tag-finland","12":"tag-finnish","13":"tag-ignostot","14":"tag-james-cameron","15":"tag-sigourney-weaver","16":"tag-suomi","17":"tag-viihde"},"share_on_mastodon":{"url":"https:\/\/pubeurope.com\/@fi\/115791283046409442","error":""},"_links":{"self":[{"href":"https:\/\/www.europesays.com\/fi\/wp-json\/wp\/v2\/posts\/127020","targetHints":{"allow":["GET"]}}],"collection":[{"href":"https:\/\/www.europesays.com\/fi\/wp-json\/wp\/v2\/posts"}],"about":[{"href":"https:\/\/www.europesays.com\/fi\/wp-json\/wp\/v2\/types\/post"}],"author":[{"embeddable":true,"href":"https:\/\/www.europesays.com\/fi\/wp-json\/wp\/v2\/users\/2"}],"replies":[{"embeddable":true,"href":"https:\/\/www.europesays.com\/fi\/wp-json\/wp\/v2\/comments?post=127020"}],"version-history":[{"count":0,"href":"https:\/\/www.europesays.com\/fi\/wp-json\/wp\/v2\/posts\/127020\/revisions"}],"wp:featuredmedia":[{"embeddable":true,"href":"https:\/\/www.europesays.com\/fi\/wp-json\/wp\/v2\/media\/127021"}],"wp:attachment":[{"href":"https:\/\/www.europesays.com\/fi\/wp-json\/wp\/v2\/media?parent=127020"}],"wp:term":[{"taxonomy":"category","embeddable":true,"href":"https:\/\/www.europesays.com\/fi\/wp-json\/wp\/v2\/categories?post=127020"},{"taxonomy":"post_tag","embeddable":true,"href":"https:\/\/www.europesays.com\/fi\/wp-json\/wp\/v2\/tags?post=127020"}],"curies":[{"name":"wp","href":"https:\/\/api.w.org\/{rel}","templated":true}]}}