{"id":127026,"date":"2025-12-27T11:29:07","date_gmt":"2025-12-27T11:29:07","guid":{"rendered":"https:\/\/www.europesays.com\/fi\/127026\/"},"modified":"2025-12-27T11:29:07","modified_gmt":"2025-12-27T11:29:07","slug":"pelastuslaitos-sammutti-autotallissa-palamaan-syttyneen-henkiloauton-haagassa-paikalliset","status":"publish","type":"post","link":"https:\/\/www.europesays.com\/fi\/127026\/","title":{"rendered":"Pelastuslaitos sammutti autotallissa palamaan syttyneen henkil\u00f6auton Haagassa | Paikalliset"},"content":{"rendered":"<p>Helsingin pelastuslaitos sammutti uhkaavan palon alun Pohjois-Haagassa. H\u00e4lytys teht\u00e4v\u00e4lle tuli hieman ennen kahtatoista ja kohteessa Ida Aalbergin tiell\u00e4 henkil\u00f6auto oli syttynyt palamaan autotallissa.<\/p>\n<p>Pelastuslaitos tiedotti nopeasti teht\u00e4v\u00e4lle l\u00e4hd\u00f6n j\u00e4lkeen jo hieman yli klo 12, ett\u00e4 palo saatiin nopeasti hallintaan ja sammutettua, eik\u00e4 palosta ollut levi\u00e4misvaaraa.<\/p>\n","protected":false},"excerpt":{"rendered":"Helsingin pelastuslaitos sammutti uhkaavan palon alun Pohjois-Haagassa. H\u00e4lytys teht\u00e4v\u00e4lle tuli hieman ennen kahtatoista ja kohteessa Ida Aalbergin tiell\u00e4&hellip;\n","protected":false},"author":2,"featured_media":117415,"comment_status":"","ping_status":"","sticky":false,"template":"","format":"standard","meta":{"footnotes":""},"categories":[12],"tags":[648,22,23,26,27,33,31,30,17,104,2187,24,25,121,1048,28,29,82,15,18,21,32,128,19,20,16],"class_list":{"0":"post-127026","1":"post","2":"type-post","3":"status-publish","4":"format-standard","5":"has-post-thumbnail","7":"category-suomi","8":"tag-autot","9":"tag-breaking-news","10":"tag-breakingnews","11":"tag-featured-news","12":"tag-featurednews","13":"tag-fi","14":"tag-finland","15":"tag-finnish","16":"tag-headlines","17":"tag-helsinki","18":"tag-kulkuneuvot","19":"tag-latest-news","20":"tag-latestnews","21":"tag-liikenne-ja-kuljetus","22":"tag-maakulkuneuvot","23":"tag-main-news","24":"tag-mainnews","25":"tag-moottoriajoneuvot","26":"tag-news","27":"tag-otsikot","28":"tag-paauutiset","29":"tag-suomi","30":"tag-tieliikenne","31":"tag-top-stories","32":"tag-topstories","33":"tag-uutiset"},"share_on_mastodon":{"url":"https:\/\/pubeurope.com\/@fi\/115791302892504960","error":""},"_links":{"self":[{"href":"https:\/\/www.europesays.com\/fi\/wp-json\/wp\/v2\/posts\/127026","targetHints":{"allow":["GET"]}}],"collection":[{"href":"https:\/\/www.europesays.com\/fi\/wp-json\/wp\/v2\/posts"}],"about":[{"href":"https:\/\/www.europesays.com\/fi\/wp-json\/wp\/v2\/types\/post"}],"author":[{"embeddable":true,"href":"https:\/\/www.europesays.com\/fi\/wp-json\/wp\/v2\/users\/2"}],"replies":[{"embeddable":true,"href":"https:\/\/www.europesays.com\/fi\/wp-json\/wp\/v2\/comments?post=127026"}],"version-history":[{"count":0,"href":"https:\/\/www.europesays.com\/fi\/wp-json\/wp\/v2\/posts\/127026\/revisions"}],"wp:featuredmedia":[{"embeddable":true,"href":"https:\/\/www.europesays.com\/fi\/wp-json\/wp\/v2\/media\/117415"}],"wp:attachment":[{"href":"https:\/\/www.europesays.com\/fi\/wp-json\/wp\/v2\/media?parent=127026"}],"wp:term":[{"taxonomy":"category","embeddable":true,"href":"https:\/\/www.europesays.com\/fi\/wp-json\/wp\/v2\/categories?post=127026"},{"taxonomy":"post_tag","embeddable":true,"href":"https:\/\/www.europesays.com\/fi\/wp-json\/wp\/v2\/tags?post=127026"}],"curies":[{"name":"wp","href":"https:\/\/api.w.org\/{rel}","templated":true}]}}