{"id":127027,"date":"2025-12-27T11:30:10","date_gmt":"2025-12-27T11:30:10","guid":{"rendered":"https:\/\/www.europesays.com\/fi\/127027\/"},"modified":"2025-12-27T11:30:10","modified_gmt":"2025-12-27T11:30:10","slug":"ruotsin-malli-suomeen-jyrki-katainen-kansankapitalismi-rajaytti-pankin-ruotsissa-talous","status":"publish","type":"post","link":"https:\/\/www.europesays.com\/fi\/127027\/","title":{"rendered":"Ruotsin malli Suomeen? Jyrki Katainen: Kansan\u00adkapitalismi r\u00e4j\u00e4ytti pankin Ruotsissa | Talous"},"content":{"rendered":"<ul class=\"aw-1jjocuh iJTSwP yle__article__list yle__article__list--ul\">\n<li class=\"aw-1j7gwms gNYKfi\">Nordean yhteiskuntasuhdejohtaja Jyrki Katainen kehottaa Suomea ja Eurooppaa kopioimaan Ruotsin talousmallin kasvun vauhdittamiseksi.<\/li>\n<li class=\"aw-1j7gwms gNYKfi\">Ruotsin mallissa sijoittamisesta on tehty kansalaisille houkuttelevaa verotuksella, joka suosii sijoittamista ja yritysten rahoitusta.<\/li>\n<li class=\"aw-1j7gwms gNYKfi\">Katainen kritisoi suomalaisyrityksi\u00e4 kasvuhaluttomuudesta. Ne keskittyv\u00e4t liikaa osinkojen maksuun kasvun ja riskinoton kustannuksella.<\/li>\n<li class=\"aw-1j7gwms gNYKfi\">Lis\u00e4ksi Katainen katsoo, ett\u00e4 EU:n on kehitytt\u00e4v\u00e4 sotilaalliseksi suurvallaksi ja lis\u00e4tt\u00e4v\u00e4 teknologista omavaraisuuttaan.<\/li>\n<\/ul>\n<p class=\"aw-1gybjub aw-1p7kakr kEtdKx cEmitX yle__article__paragraph\">\u2013 Siell\u00e4 on avoimesti ja tarkoituksellisesti l\u00e4hdetty rakentamaan kansankapitalismia. Heill\u00e4 on ajattelu, ett\u00e4 p\u00e4\u00e4oma kuuluu kansalle.<\/p>\n<p class=\"aw-1gybjub aw-1p7kakr kEtdKx cEmitX yle__article__paragraph\">N\u00e4in Nordean yhteiskuntasuhdejohtaja <strong class=\"aw-ak79eh KyCXm yle__article__strong\">Jyrki Katainen<\/strong> selitt\u00e4\u00e4 sit\u00e4, miksi Ruotsi on ylivoimaisesti paras p\u00e4\u00e4omamarkkina Euroopassa.<\/p>\n<p class=\"aw-1gybjub aw-1p7kakr kEtdKx cEmitX yle__article__paragraph\">Katainen on el\u00e4v\u00e4 esimerkki siit\u00e4, ett\u00e4 geopolitiikasta on tullut osa yritysten strategia-ajattelua. My\u00f6s presidentti <strong class=\"aw-ak79eh KyCXm yle__article__strong\">Alexander Stubb<\/strong> nosti ajatuksen esille <a class=\"aw-iao6s4 iHOxEa yle__article__link\" href=\"https:\/\/www.kauppalehti.fi\/uutiset\/a\/bdd705c8-bfd5-43ad-9cc8-5b0dc43ca2eb\" role=\"link\" rel=\"nofollow noopener\" target=\"_blank\">lokakuun lopussa Kauppalehdess\u00e4<\/a>. Stubb totesi lehdelle, ett\u00e4 jokaisella itse\u00e4\u00e4n kunnioittavalla suuryrityksell\u00e4 on nykyisin geopolitiikasta ja yhteiskuntasuhteista vastaava johtaja.<\/p>\n<p class=\"aw-1gybjub aw-1p7kakr kEtdKx cEmitX yle__article__paragraph\">Juuri tuota tarvetta t\u00e4ytt\u00e4m\u00e4\u00e4n Nordea palkkasi pari vuotta sitten yhteiskuntasuhdejohtajakseen entisen p\u00e4\u00e4ministerin ja EU-komissaarin Kataisen.<\/p>\n<p class=\"aw-1gybjub aw-1p7kakr kEtdKx cEmitX yle__article__paragraph\">T\u00e4ss\u00e4 haastattelussa h\u00e4n l\u00e4hestyy asioita lobbarina, jolla on lupa pelastaa vaikka koko maailma, jos se Nordealle sopii.<\/p>\n<p class=\"aw-1gybjub aw-1p7kakr kEtdKx cEmitX yle__article__paragraph\">Jatketaan siis Ruotsin mallista \u2013 ja Euroopan pelastamisesta.<\/p>\n<p><img decoding=\"async\" alt=\"Jyrki Katainen istuu y\u00f6n sinisess\u00e4 nojatuolissa valosein\u00e4n edess\u00e4 jossa eri s\u00e4vyisi\u00e4 sinisi\u00e4 viivoja.\" src=\"https:\/\/www.europesays.com\/fi\/wp-content\/uploads\/2025\/12\/39-156447169318b6eb5e55.jpeg\" loading=\"lazy\" class=\"aw-1l9m598 hKVVvP\"\/><\/p>\n<p>Avaa kuvien katselu<\/p>\n<p>Jyrki Katainen on toiminut Nordean yhteiskuntasuhdejohtana lokakuusta 2023. Kuva: Henrietta Hassinen \/ YleRuotsi on ylivoimainen<\/p>\n<p class=\"aw-1gybjub aw-1p7kakr kEtdKx cEmitX yle__article__paragraph\">\u2013 Meill\u00e4 on 27 erilaista p\u00e4\u00e4omamarkkinaa ja mik\u00e4\u00e4n niist\u00e4 ei oikein toimi paitsi Ruotsi. T\u00e4m\u00e4 on my\u00f6s Suomen ja Ruotsin keskeisin ero taloudessa, sanoo selke\u00e4sti uudesta roolistaan nauttiva Katainen.<\/p>\n<p class=\"aw-1gybjub aw-1p7kakr kEtdKx cEmitX yle__article__paragraph\">Suomessa ja EU:ssa ongelma on ollut se, ett\u00e4 yritysten pit\u00e4\u00e4 muuttaa rahan luo eli pois EU:sta P\u00e4\u00e4omaa on helpommin saatavilla Yhdysvalloissa tai Ruotsissa.<\/p>\n<p class=\"aw-1gybjub aw-1p7kakr kEtdKx cEmitX yle__article__paragraph\">T\u00e4m\u00e4n takia Suomen tulisikin ottaa mallia naapuristaan. Katainen n\u00e4kee, ett\u00e4 Ruotsin kansankapitalistisessa mallissa on avaimet Suomen ja koko Euroopan talouskasvuun.<\/p>\n<p class=\"aw-1gybjub aw-1p7kakr kEtdKx cEmitX yle__article__paragraph\">Euroopan hyvin heikosti toimiva p\u00e4\u00e4omamarkkina on yksi Kataisen huolista. T\u00e4ss\u00e4 jutussa h\u00e4n my\u00f6s kertoo, mihin suuntaan Euroopan tulisi kehitty\u00e4, jotta siit\u00e4 tulisi merkitt\u00e4v\u00e4 vastavoima Kiinalle, Yhdysvalloille ja Ven\u00e4j\u00e4lle.<\/p>\n<p class=\"aw-1gybjub aw-1p7kakr kEtdKx cEmitX yle__article__paragraph\">Mutta palataan ensiksi viel\u00e4 Ruotsiin, ja siihen mik\u00e4 siell\u00e4 toimii paremmin kuin meill\u00e4.<\/p>\n<p class=\"aw-1gybjub aw-1p7kakr kEtdKx cEmitX yle__article__paragraph\">P\u00e4\u00e4omamarkkinoilla tarkoitetaan k\u00e4yt\u00e4nn\u00f6ss\u00e4 sit\u00e4 miten raha ja sit\u00e4 tarvitsevat yritykset l\u00f6yt\u00e4v\u00e4t toisensa. Yritykset tarvitsevat rahaa kasvaakseen ja sijoittajat tuottoa rahoilleen. Toimivat p\u00e4\u00e4omamarkkinat mahdollistavat yritysten kasvun ja sit\u00e4 kautta my\u00f6s talouskasvun. Toimivilla p\u00e4\u00e4omamarkkinoilla lupaavilla yrityksill\u00e4 ei ole pulaa rahasta, jolla kasvattaa yrityst\u00e4. Kasvu tarkoittaa usein uusia ty\u00f6paikkoja.<\/p>\n<p>Ruotsissa kokonaan erilainen sijoitusomaisuuden verotus<\/p>\n<p class=\"aw-1gybjub aw-1p7kakr kEtdKx cEmitX yle__article__paragraph\">Ruotsin mallissa keskeisess\u00e4 roolissa ovat verokannusteet, jotka tekev\u00e4t sijoittamisesta tavallisille kansalaisille houkuttelevaa. Katainen nostaa erityisesti esiin Ruotsin osakes\u00e4\u00e4st\u00f6tilin, joka on tuotteiltaan Suomen vastaavaa monipuolisempi.<\/p>\n<p class=\"aw-1gybjub aw-1p7kakr kEtdKx cEmitX yle__article__paragraph\">Sen lis\u00e4ksi Ruotsissa osakes\u00e4\u00e4st\u00f6tilej\u00e4 koskee merkitt\u00e4v\u00e4 verokannuste. Ruotsissa ei ole luovutusvoittoveroa eik\u00e4 p\u00e4\u00e4omaveroa niill\u00e4 osakkeilla tai rahasto-osuuksilla, jotka ovat osakes\u00e4\u00e4st\u00f6tilill\u00e4. Ruotsissa koko omaisuusmassaa verotetaan 0,9 prosentin suuruisella verolla vuosittain.<\/p>\n<p class=\"aw-1gybjub aw-1p7kakr kEtdKx cEmitX yle__article__paragraph\">\u2013 Se r\u00e4j\u00e4ytti pankin niin sanotusti, Katainen kuvailee Ruotsissa olevia verokannusteita.<\/p>\n<p class=\"aw-1gybjub aw-1p7kakr kEtdKx cEmitX yle__article__paragraph\">T\u00e4m\u00e4 on johtanut sijoituskulttuurin voimakkaaseen kehittymiseen Ruotsissa.<\/p>\n<p><img decoding=\"async\" alt=\"Jyrki Katainen pit\u00e4\u00e4 k\u00e4mmeni\u00e4\u00e4n yhdess\u00e4, sininen puku yll\u00e4\u00e4n.\" src=\"https:\/\/www.europesays.com\/fi\/wp-content\/uploads\/2025\/12\/39-156446869318b69c4d44.jpeg\" loading=\"lazy\" class=\"aw-1l9m598 hKVVvP\"\/><\/p>\n<p>Avaa kuvien katselu<\/p>\n<p>Katainen lis\u00e4isi kansalaisten sijoittamisen verokannusteita Suomessa. Kuva: Henrietta Hassinen \/ Yle<\/p>\n<p class=\"aw-1gybjub aw-1p7kakr kEtdKx cEmitX yle__article__paragraph\">Ruotsissa kansalaiset ovat alkaneet sijoittaa ennen n\u00e4kem\u00e4tt\u00f6m\u00e4ll\u00e4 tavalla ja samalla tietenkin vaurastua. J\u00e4rjestelm\u00e4n ansiosta yritysten on helpompi saada p\u00e4\u00e4omarahoitusta.<\/p>\n<p class=\"aw-1gybjub aw-1p7kakr kEtdKx cEmitX yle__article__paragraph\">\u2013 Sen takia yrityksi\u00e4 kannattaa kasvattaa Ruotsissa, eik\u00e4 myyd\u00e4 niit\u00e4 heti startupina jonnekin muualle, h\u00e4n selitt\u00e4\u00e4.<\/p>\n<p class=\"aw-1gybjub aw-1p7kakr kEtdKx cEmitX yle__article__paragraph\">Katainen pit\u00e4\u00e4 Ruotsin mallin kopioimista yhten\u00e4 t\u00e4rkeimmist\u00e4 toimenpiteist\u00e4, joita Suomessa voitaisiin tehd\u00e4 talouskasvun vauhdittamiseksi.<\/p>\n<p class=\"aw-1gybjub aw-1p7kakr kEtdKx cEmitX yle__article__paragraph\">\u2013 Jos minun yksi asia pit\u00e4isi Euroopassa muuttaa, niin se on t\u00e4m\u00e4 asia.<\/p>\n<p class=\"aw-1gybjub aw-1p7kakr kEtdKx cEmitX yle__article__paragraph\">Kataisen mukaan asia ei ratkea EU-tasolla, vaan se on kansallisten hallitusten k\u00e4siss\u00e4.<\/p>\n<p class=\"aw-1gybjub aw-1p7kakr kEtdKx cEmitX yle__article__paragraph\">\u2013 Eli kun verotus kuuluu kansalliseen toimivaltaan, niin hallitukset voivat tehd\u00e4 t\u00e4mm\u00f6iset verokannusteet, paukauttaa kokoomuksen entinen puheenjohtaja.<\/p>\n<p>Suomalaisyritysten kasvuhaluttomuus jarruttaa taloutta<\/p>\n<p class=\"aw-1gybjub aw-1p7kakr kEtdKx cEmitX yle__article__paragraph\">Toinen korjausta vaativa kohde koskee Kataisen mukaan ennen kaikkea Suomea. Katainen n\u00e4p\u00e4ytt\u00e4\u00e4 aika voimakkaastikin suomalaista yritysjohtoa.<\/p>\n<p class=\"aw-1gybjub aw-1p7kakr kEtdKx cEmitX yle__article__paragraph\">\u2013 Suomalaiset yritykset keskittyv\u00e4t liiaksi ydinliiketoimintaansa ja osinkojen maksamiseen kasvun kustannuksella, sanoo Katainen.<\/p>\n<p class=\"aw-1gybjub aw-1p7kakr kEtdKx cEmitX yle__article__paragraph\">Kataisen mukaan Suomessa yritysten hallitukset ovat kannustaneet siihen, ett\u00e4 toimitusjohtajan ainoa teht\u00e4v\u00e4 on toteuttaa ydinliiketoimintaa ja tehd\u00e4 se niin hyvin, ett\u00e4 p\u00e4rj\u00e4t\u00e4\u00e4n ja ett\u00e4 erityisesti pystyt\u00e4\u00e4n maksamaan osinkoja.<\/p>\n<p><img decoding=\"async\" alt=\"Jyrki Katainen sivuprofiiliss\u00e4.\" src=\"https:\/\/www.europesays.com\/fi\/wp-content\/uploads\/2025\/12\/39-156447269318b6fbb11c.jpeg\" loading=\"lazy\" class=\"aw-1l9m598 hKVVvP\"\/><\/p>\n<p>Avaa kuvien katselu<\/p>\n<p>Kataisen mukaan yhti\u00f6iden hallitusten tulisi kannustaa toimitusjohtajia hakemaan nykyist\u00e4 kovemmin kasvua. Kuva: Henrietta Hassinen \/ Yle<\/p>\n<p class=\"aw-1gybjub aw-1p7kakr kEtdKx cEmitX yle__article__paragraph\">Kataisen mukaan keskittyminen ydinbisnekseen on tuonut menestyst\u00e4 monille suomalaisyrityksille, mutta se on samalla jarruttanut kasvua.<\/p>\n<p class=\"aw-1gybjub aw-1p7kakr kEtdKx cEmitX yle__article__paragraph\">\u2013 Uudet liiketoimintamahdollisuudet j\u00e4\u00e4v\u00e4t silloin kokeilematta. Eli ollaan eritt\u00e4in hyvi\u00e4 siin\u00e4 mit\u00e4 jo tehd\u00e4\u00e4n, mutta ei haeta kasvua uusilta aloilta. Toivoisin, ett\u00e4 ainakin osa suomalaisista yrityksist\u00e4 l\u00e4htisi rohkeammin hakemaan kasvua, kuten Yhdysvalloissa ja Ruotsissa tehd\u00e4\u00e4n.<\/p>\n<p class=\"aw-1gybjub aw-1p7kakr kEtdKx cEmitX yle__article__paragraph\">\u2013 Pohjois-Amerikassa asenne on, jos ei ihan p\u00e4invastainen, niin hyvin erilainen kuitenkin. Siell\u00e4 fokus on sen yrityksen kasvattamisessa ja osakkeen arvon nousussa, ei niink\u00e4\u00e4n osinkojen maksamisessa. Siell\u00e4 hyv\u00e4ksyt\u00e4\u00e4n yrityksille omien osakkeiden ostot ja kasvu uusille aloille, Katainen jatkaa.<\/p>\n<p class=\"aw-1gybjub aw-1p7kakr kEtdKx cEmitX yle__article__paragraph\">H\u00e4n toivoo, ett\u00e4 suomalaiset yritykset, niiden hallitukset ja omistajat alkaisivat rohkaista johtoa etsim\u00e4\u00e4n aktiivisemmin uusia kasvun l\u00e4hteit\u00e4, vaikka se tarkoittaisikin riskinottoa ja mahdollisesti pienemp\u00e4\u00e4 osingonmaksua.<\/p>\n<p>Katainen toivoo, ett\u00e4 suomalaiset yritykset ajattelisivat jatkossa enemm\u00e4 kasvua, kuin osingonmaksua.<\/p>\n<p class=\"aw-1gybjub aw-1p7kakr kEtdKx cEmitX yle__article__paragraph\">\u2013 Toivoisin, ett\u00e4 t\u00e4st\u00e4 k\u00e4yt\u00e4isiin nyt keskustelua Pohjoismaissa ja my\u00f6s Suomessa, ett\u00e4 onko rohkeutta l\u00e4hte\u00e4 sit\u00e4 kasvua hakemaan uusilta aloilta tiet\u00e4en, ett\u00e4 se on aina riski: siin\u00e4 voi onnistua tai siin\u00e4 voi ep\u00e4onnistua, h\u00e4n pohtii.<\/p>\n<p class=\"aw-1gybjub aw-1p7kakr kEtdKx cEmitX yle__article__paragraph\">Kataisen mukaan suomalaisten yritysten kasvuhaluttomuus on yksi keskeinen syy Suomen talouskasvun hitauteen.<\/p>\n<p class=\"aw-1gybjub aw-1p7kakr kEtdKx cEmitX yle__article__paragraph\">\u2013 Luulen, ett\u00e4 t\u00e4m\u00e4n kasvuhakuisuuden, siis uusien aluevaltausten etsiminen ja t\u00e4ss\u00e4 mieless\u00e4 riskin ottamisen puute on syy, miksi Suomessa talous ei kasva sen enemp\u00e4\u00e4 kuin se nyt kasvaa, h\u00e4n arvioi.<\/p>\n<p>Kohti kilpailukykyisemp\u00e4\u00e4 Eurooppaa<\/p>\n<p class=\"aw-1gybjub aw-1p7kakr kEtdKx cEmitX yle__article__paragraph\">Ruotsin mallin ja suomalaisen yrityskulttuurin muutoksen lis\u00e4ksi Kataisen mielest\u00e4 Euroopassa on luonnollisesti muutakin korjattavaa. Euroopan unionin on vahvistettava kilpailukyky\u00e4\u00e4n suhteessa Kiinaan ja Yhdysvaltoihin.<\/p>\n<p class=\"aw-1gybjub aw-1p7kakr kEtdKx cEmitX yle__article__paragraph\">Kataisen mukaan EU:n on ensinn\u00e4kin kehitytt\u00e4v\u00e4 sotilaalliseksi suurvallaksi seuraavan kymmenen vuoden aikana. T\u00e4m\u00e4 kehitys on jo k\u00e4ynniss\u00e4 Ven\u00e4j\u00e4n Ukrainassa aloittaman hy\u00f6kk\u00e4yssodan seurauksena.<\/p>\n<p class=\"aw-1gybjub aw-1p7kakr kEtdKx cEmitX yle__article__paragraph\">Katainen n\u00e4kee puolustusinvestointien kasvun mahdollisuutena, joka voi tuoda mukanaan laajemman teknologisen kehityksen aallon koko Eurooppaan. H\u00e4n vertaa tilannetta Yhdysvaltoihin, jossa puolustusinvestoinnit ovat vauhdittaneet laajempaa teknologista kehityst\u00e4.<\/p>\n<p class=\"aw-1gybjub aw-1p7kakr kEtdKx cEmitX yle__article__paragraph\">Katainen uskoo, ett\u00e4 j\u00e4senmaiden p\u00e4\u00e4t\u00f6kset lis\u00e4t\u00e4 puolustusmenoja johtavat v\u00e4ist\u00e4m\u00e4tt\u00e4 teknologiseen kehitysharppaukseen Euroopassa.<\/p>\n<p class=\"aw-1gybjub aw-1p7kakr kEtdKx cEmitX yle__article__paragraph\">\u2013 Nyt kun j\u00e4senmaat ovat p\u00e4\u00e4tt\u00e4neet, ett\u00e4 ne satsaavat entist\u00e4 enemm\u00e4n puolustukseen, niin uskon, ett\u00e4 siit\u00e4 syntyy teknologinen renessanssi Eurooppaan, ennustaa Katainen.<\/p>\n<p class=\"aw-1gybjub aw-1p7kakr kEtdKx cEmitX yle__article__paragraph\">Kataisen mukaan tilanne on nyt erilainen kuin kylm\u00e4n sodan aikana, jolloin Euroopassa my\u00f6s panostettiin puolustukseen.<\/p>\n<p class=\"aw-1gybjub aw-1p7kakr kEtdKx cEmitX yle__article__paragraph\">\u2013 Kylm\u00e4n sodan aikana Euroopassa satsattiin tietysti paljon puolustukseen, mutta silloin teknologia oli v\u00e4h\u00e4n toisenlaista. Arvonlis\u00e4\u00e4 ei syntynyt samalla tavalla kuin nyt syntyy, Katainen vertaa.<\/p>\n<p class=\"aw-1gybjub aw-1p7kakr kEtdKx cEmitX yle__article__paragraph\">Kataisen lista EU:n muutostarpeista on pitk\u00e4. Sinne kuuluvat my\u00f6s ajatukset siit\u00e4, ett\u00e4 EU:n t\u00e4ytyy kasvaa puhtaan edullisen energian suurvallaksi, sen on solmittava lis\u00e4\u00e4 kauppasopimuksia ja tultava teknologisesti nykyist\u00e4 riippumattomammaksi esimerkiksi Yhdysvalloista.<\/p>\n","protected":false},"excerpt":{"rendered":"Nordean yhteiskuntasuhdejohtaja Jyrki Katainen kehottaa Suomea ja Eurooppaa kopioimaan Ruotsin talousmallin kasvun vauhdittamiseksi. Ruotsin mallissa sijoittamisesta on tehty&hellip;\n","protected":false},"author":2,"featured_media":127028,"comment_status":"","ping_status":"","sticky":false,"template":"","format":"standard","meta":{"footnotes":""},"categories":[5],"tags":[22,23,26,27,33,31,30,17,24,25,28,29,15,18,22511,21,637,110,32,78,3250,19,20,16,2186,1356],"class_list":{"0":"post-127027","1":"post","2":"type-post","3":"status-publish","4":"format-standard","5":"has-post-thumbnail","7":"category-otsikot","8":"tag-breaking-news","9":"tag-breakingnews","10":"tag-featured-news","11":"tag-featurednews","12":"tag-fi","13":"tag-finland","14":"tag-finnish","15":"tag-headlines","16":"tag-latest-news","17":"tag-latestnews","18":"tag-main-news","19":"tag-mainnews","20":"tag-news","21":"tag-otsikot","22":"tag-paaomaverotus","23":"tag-paauutiset","24":"tag-politiikka","25":"tag-ruotsi","26":"tag-suomi","27":"tag-talous","28":"tag-talouskasvu","29":"tag-top-stories","30":"tag-topstories","31":"tag-uutiset","32":"tag-verotus","33":"tag-yritykset"},"share_on_mastodon":{"url":"https:\/\/pubeurope.com\/@fi\/115791307022866476","error":""},"_links":{"self":[{"href":"https:\/\/www.europesays.com\/fi\/wp-json\/wp\/v2\/posts\/127027","targetHints":{"allow":["GET"]}}],"collection":[{"href":"https:\/\/www.europesays.com\/fi\/wp-json\/wp\/v2\/posts"}],"about":[{"href":"https:\/\/www.europesays.com\/fi\/wp-json\/wp\/v2\/types\/post"}],"author":[{"embeddable":true,"href":"https:\/\/www.europesays.com\/fi\/wp-json\/wp\/v2\/users\/2"}],"replies":[{"embeddable":true,"href":"https:\/\/www.europesays.com\/fi\/wp-json\/wp\/v2\/comments?post=127027"}],"version-history":[{"count":0,"href":"https:\/\/www.europesays.com\/fi\/wp-json\/wp\/v2\/posts\/127027\/revisions"}],"wp:featuredmedia":[{"embeddable":true,"href":"https:\/\/www.europesays.com\/fi\/wp-json\/wp\/v2\/media\/127028"}],"wp:attachment":[{"href":"https:\/\/www.europesays.com\/fi\/wp-json\/wp\/v2\/media?parent=127027"}],"wp:term":[{"taxonomy":"category","embeddable":true,"href":"https:\/\/www.europesays.com\/fi\/wp-json\/wp\/v2\/categories?post=127027"},{"taxonomy":"post_tag","embeddable":true,"href":"https:\/\/www.europesays.com\/fi\/wp-json\/wp\/v2\/tags?post=127027"}],"curies":[{"name":"wp","href":"https:\/\/api.w.org\/{rel}","templated":true}]}}