{"id":127029,"date":"2025-12-27T11:31:13","date_gmt":"2025-12-27T11:31:13","guid":{"rendered":"https:\/\/www.europesays.com\/fi\/127029\/"},"modified":"2025-12-27T11:31:13","modified_gmt":"2025-12-27T11:31:13","slug":"henkilo-ziljihan-bahana-ikuistaa-luonnon-kauneuden-kameran-takaa-suurin-saavutukseni-on-autenttisten-hetkien-tallentaminen-paikalliset","status":"publish","type":"post","link":"https:\/\/www.europesays.com\/fi\/127029\/","title":{"rendered":"Henkil\u00f6 | Ziljihan Bahana ikuistaa luonnon kauneuden kameran takaa \u2013 &#8221;Suurin saavutukseni on autenttisten hetkien tallentaminen&#8221; | Paikalliset"},"content":{"rendered":"<p>Juttu on julkaistu alun perin 7\/2025. Nurmij\u00e4rven Uutiset julkaisee uudelleen kiinnostavia juttuja kuluvan vuoden varrelta.<\/p>\n<p>Indonesiasta Klaukkalaan aikoinaan muuttanut <strong>Ziljihan Bahana<\/strong> on tottunut olemaan kamera k\u00e4dess\u00e4. H\u00e4n kiinnostui valokuvauksesta jo lapsena ja on aina ajatellut, ett\u00e4 olisi upeaa tallentaa jokainen pieni hetki muistojen s\u00e4ilytt\u00e4miseksi.<\/p>\n<p>Nyt h\u00e4n tekeekin niin ikuistaessaan muun muassa lintuja ja el\u00e4imi\u00e4 luontokuviin. Luontokuvaus ei kuitenkaan ollut se, mist\u00e4 kaikki sai alkunsa.<\/p>\n<p>\u2013\u2009Aloitin valokuvausmatkani kuvaamalla kaikenlaisia satunnaisia esineit\u00e4, pyrkien aina tuomaan niihin oman taiteellisen n\u00e4kemykseni. Minulle luonnon valokuvauksessa parasta on vapaus ilmaista itse\u00e4ni ja vaeltaa rajoituksetta luonnossa. Luonto itsess\u00e4\u00e4n on rajaton ilon l\u00e4hde, Bahana sanoo.<\/p>\n<p>\t\t<a class=\"diks-gallery__link\" href=\"https:\/\/i.media.fi\/incoming\/mb6e0k\/10931582.jpg\/alternates\/FREE_1440\/10931582.jpg\" data-thumbnail=\"\" data-sub-html=\"Ziljihan Bahanan ottama kuva merikotkasta Nurmij\u00e4rvell\u00e4. Ziljihan Bahanan albumi\" aria-label=\"Katso isompi kuva\" rel=\"nofollow noopener\" target=\"_blank\"><br \/>\n\t\t\t\t<img class=\"diks-figure__image\" src=\"https:\/\/www.europesays.com\/fi\/wp-content\/uploads\/2025\/12\/10931582.jpg\" loading=\"lazy\" decoding=\"sync\" alt=\"\"\/><\/p>\n<p>\t\t\t<\/a><br \/>\n\t\t\t\t\tZiljihan Bahanan ottama kuva merikotkasta Nurmij\u00e4rvell\u00e4. Ziljihan Bahanan albumi<\/p>\n<p><strong class=\"diks-storyline__impact\">Luontokuvauksessa on<\/strong> Bahanan mukaan monia haastavia puolia H\u00e4n kuitenkin nauttii luonnosta niin paljon, ett\u00e4 pystyy luomaan siell\u00e4 parasta ja tyydytt\u00e4vint\u00e4 ty\u00f6t\u00e4\u00e4n.<\/p>\n<p>\u2013\u2009Suurin saavutukseni valokuvauksessa on autenttisten hetkien tallentaminen, jotka koskettavat ihmisi\u00e4. Olipa kyseess\u00e4 tilannekuva, joka kertoo tarinan, tai vaikuttava maisema, joka her\u00e4tt\u00e4\u00e4 tunteita. Pyrin aina luomaan kuvia, jotka inspiroivat ja yhdist\u00e4v\u00e4t, h\u00e4n sanoo.<\/p>\n<p>Bahana kuitenkin my\u00f6nt\u00e4\u00e4, ett\u00e4 valokuvauksen n\u00e4k\u00f6kulmasta on aina hetki\u00e4, kun kaduttaa, ettei saanut ikuistettua jotain tietty\u00e4 asiaa.<\/p>\n<blockquote class=\"voice-no-read rs_skip diks-blockquote\">\n<p class=\"diks-blockquote__text\">Tarvitaan k\u00e4rsiv\u00e4llisyytt\u00e4 odottaa t\u00e4ydellist\u00e4 hetke\u00e4.<\/p>\n<\/blockquote>\n<p>\t\t<a class=\"diks-gallery__link\" href=\"https:\/\/i.media.fi\/incoming\/padmm2\/10931577.jpg\/alternates\/FREE_1440\/10931577.jpg\" data-thumbnail=\"\" data-sub-html=\"Ziljihan Bahanan ottama kuva kettuperheest\u00e4 Klaukkalassa. Ziljihan Bahanan albumi\" aria-label=\"Katso isompi kuva\" rel=\"nofollow noopener\" target=\"_blank\"><br \/>\n\t\t\t\t<img class=\"diks-figure__image\" src=\"https:\/\/www.europesays.com\/fi\/wp-content\/uploads\/2025\/12\/10931577.jpg\" loading=\"lazy\" decoding=\"sync\" alt=\"\"\/><\/p>\n<p>\t\t\t<\/a><br \/>\n\t\t\t\t\tZiljihan Bahanan ottama kuva kettuperheest\u00e4 Klaukkalassa. Ziljihan Bahanan albumi<\/p>\n<p><strong class=\"diks-storyline__impact\">Trooppisesta Aasiasta<\/strong> Suomeen muuttaneelle Bahanalle suomalainen luonto n\u00e4ytt\u00e4ytyy henke\u00e4salpaavana vastakohtana omille juurilleen<\/p>\n<p>\u2013\u2009Rauhalliset maisemat, kuten tyynet mets\u00e4t, kimmelt\u00e4v\u00e4t j\u00e4rvet ja upeat revontulet, resonoivat syv\u00e4sti unelmani kanssa tutkia koskematonta kauneutta, h\u00e4n sanoo ja jatkaa:<\/p>\n<p>\u2013\u2009Jokainen vuodenaika tarjoaa ainutlaatuisen n\u00e4k\u00f6kulman ja paljastaa el\u00e4m\u00e4n ja rauhan hienovaraisen tasapainon. Linssini kautta pyrin tallentamaan syv\u00e4n yhteyden, jonka tunnen t\u00e4h\u00e4n lumoavaan ymp\u00e4rist\u00f6\u00f6n, ja tuomaan esiin sen karun kauneuden sek\u00e4 rauhan, jonka se minulle antaa.<\/p>\n<p>\t\t<a class=\"diks-gallery__link\" href=\"https:\/\/i.media.fi\/incoming\/dazt93\/10931580.jpg\/alternates\/FREE_1440\/10931580.jpg\" data-thumbnail=\"\" data-sub-html=\"Talvinen Nurmij\u00e4rvi. Ziljihan Bahanan albumi\" aria-label=\"Katso isompi kuva\" rel=\"nofollow noopener\" target=\"_blank\"><br \/>\n\t\t\t\t<img class=\"diks-figure__image\" src=\"https:\/\/www.europesays.com\/fi\/wp-content\/uploads\/2025\/12\/10931580.jpg\" loading=\"lazy\" decoding=\"sync\" alt=\"\"\/><\/p>\n<p>\t\t\t<\/a><br \/>\n\t\t\t\t\tTalvinen Nurmij\u00e4rvi. Ziljihan Bahanan albumi<\/p>\n<p><strong class=\"diks-storyline__impact\">Kun Bahanalta <\/strong>kysyy, mitk\u00e4 ovat h\u00e4nen suosikkipaikkansa kuvata luontoa Nurmij\u00e4rvell\u00e4, vastaus tulee nopeasti.<\/p>\n<p>\u2013\u2009Myllykoski, Kuhakosken vesiputous ja Isosuo Klaukkalassa. N\u00e4m\u00e4 ovat lempipaikkojani viett\u00e4\u00e4 aikaa ja luoda taidettani.<\/p>\n<p>Upeiden kuvien ottaminen vaatii Bahanan mukaan syv\u00e4\u00e4 ymm\u00e4rryst\u00e4 sek\u00e4 valokuvauksen teknisist\u00e4 osa-alueista \u2013 kuten sommittelusta, valaistuksesta ja kameran s\u00e4\u00e4d\u00f6ist\u00e4 \u2013 ett\u00e4 luovaa n\u00e4kemyst\u00e4 n\u00e4hd\u00e4 kauneus ainutlaatuisista n\u00e4k\u00f6kulmista.<\/p>\n<p>\u2013\u2009Lis\u00e4ksi tarvitaan k\u00e4rsiv\u00e4llisyytt\u00e4 odottaa t\u00e4ydellist\u00e4 hetke\u00e4, erityisesti luonnossa, jossa olosuhteet voivat muuttua nopeasti, h\u00e4n sanoo.<\/p>\n<p>\t\t<a class=\"diks-gallery__link\" href=\"https:\/\/i.media.fi\/incoming\/i1jrpu\/10931581.jpg\/alternates\/FREE_1440\/10931581.jpg\" data-thumbnail=\"\" data-sub-html=\"Kaikki luontokuvat eiv\u00e4t sis\u00e4ll\u00e4 el\u00e4imi\u00e4 tai lintuja. Ziljihan Bahanan albumi\" aria-label=\"Katso isompi kuva\" rel=\"nofollow noopener\" target=\"_blank\"><br \/>\n\t\t\t\t<img class=\"diks-figure__image\" src=\"https:\/\/www.europesays.com\/fi\/wp-content\/uploads\/2025\/12\/10931581.jpg\" loading=\"lazy\" decoding=\"sync\" alt=\"\"\/><\/p>\n<p>\t\t\t<\/a><br \/>\n\t\t\t\t\tKaikki luontokuvat eiv\u00e4t sis\u00e4ll\u00e4 el\u00e4imi\u00e4 tai lintuja. Ziljihan Bahanan albumi<\/p>\n<p><strong class=\"diks-storyline__impact\">Ymp\u00e4rist\u00f6n aistiminen<\/strong> ja intohimo aiheeseen auttavat Bahanaa v\u00e4litt\u00e4m\u00e4\u00e4n kuvien taustalla olevia tunteita ja tarinoita.<\/p>\n<p>\u2013\u2009Lopulta kyse on maailman n\u00e4kemisest\u00e4 erilaisesta n\u00e4k\u00f6kulmasta ja t\u00e4m\u00e4n n\u00e4kemyksen jakamisesta muiden kanssa.<\/p>\n<p>Luontokuvaus on Bahanalle harrastus. P\u00e4iv\u00e4ty\u00f6n\u00e4\u00e4n h\u00e4n on l\u00e4vist\u00e4j\u00e4n\u00e4 Helsingiss\u00e4 sek\u00e4 musiikkialalla tuottajana. H\u00e4nen mukaansa kaikissa kolmessa ty\u00f6ss\u00e4 on yht\u00e4l\u00e4isyyksi\u00e4 kesken\u00e4\u00e4n.<\/p>\n<p>\t\t<a class=\"diks-gallery__link\" href=\"https:\/\/i.media.fi\/incoming\/lif5j\/10931583.jpg\/alternates\/FREE_1440\/10931583.jpg\" data-thumbnail=\"\" data-sub-html=\"Ziljihan Bahana on onnistunut ikuistamaan Nurmij\u00e4rvell\u00e4 linssiins\u00e4 my\u00f6s m\u00e4yr\u00e4n. Ziljihan Bahanan albumi\" aria-label=\"Katso isompi kuva\" rel=\"nofollow noopener\" target=\"_blank\"><br \/>\n\t\t\t\t<img class=\"diks-figure__image\" src=\"https:\/\/www.europesays.com\/fi\/wp-content\/uploads\/2025\/12\/10931583.jpg\" loading=\"lazy\" decoding=\"sync\" alt=\"\"\/><\/p>\n<p>\t\t\t<\/a><br \/>\n\t\t\t\t\tZiljihan Bahana on onnistunut ikuistamaan Nurmij\u00e4rvell\u00e4 linssiins\u00e4 my\u00f6s m\u00e4yr\u00e4n. Ziljihan Bahanan albumi<\/p>\n<p>\u2013\u2009Kaikissa kolmessa alassa \u2013 l\u00e4vistyksiss\u00e4, musiikkituotannossa ja valokuvauksessa \u2013 korostuu luovuus ja itsens\u00e4 ilmaiseminen. Jokainen ala antaa mahdollisuuden tallentaa ainutlaatuisia tarinoita ja tunteita, oli kyse sitten vaikuttavasta kuvasta, vangitsevasta s\u00e4velm\u00e4st\u00e4 tai merkityksellisest\u00e4 kehonkorusta, h\u00e4n sanoo ja jatkaa:<\/p>\n<p>\u2013\u2009Lis\u00e4ksi tarkkuus on ratkaisevaa kaikissa kolmessa; olipa kyseess\u00e4 t\u00e4ydellinen kuvakulma, oikea soundi kappaleessa tai l\u00e4vistyksen tarkka sijoittelu, jokainen yksityiskohta vaikuttaa lopputulokseen.<\/p>\n<p>\t\t<a class=\"diks-gallery__link\" href=\"https:\/\/i.media.fi\/incoming\/d6bes\/10931578.jpg\/alternates\/FREE_1440\/10931578.jpg\" data-thumbnail=\"\" data-sub-html=\"Ziljihan Bahana ty\u00f6skentelee l\u00e4vist\u00e4j\u00e4n\u00e4 ja musiikin tuottajana luontokuvauksen lis\u00e4ksi. Ziljihan Bahanan albumi\" aria-label=\"Katso isompi kuva\" rel=\"nofollow noopener\" target=\"_blank\"><br \/>\n\t\t\t\t<img class=\"diks-figure__image\" src=\"https:\/\/www.europesays.com\/fi\/wp-content\/uploads\/2025\/12\/10931578.jpg\" loading=\"lazy\" decoding=\"sync\" alt=\"\"\/><\/p>\n<p>\t\t\t<\/a><br \/>\n\t\t\t\t\tZiljihan Bahana ty\u00f6skentelee l\u00e4vist\u00e4j\u00e4n\u00e4 ja musiikin tuottajana luontokuvauksen lis\u00e4ksi. Ziljihan Bahanan albumi<\/p>\n<p class=\"diks-storyline__additional-information\">Bahanan luontokuvia n\u00e4kee enemm\u00e4n h\u00e4nen Instagramissaan @zillphotopile.<\/p>\n","protected":false},"excerpt":{"rendered":"Juttu on julkaistu alun perin 7\/2025. Nurmij\u00e4rven Uutiset julkaisee uudelleen kiinnostavia juttuja kuluvan vuoden varrelta. Indonesiasta Klaukkalaan aikoinaan&hellip;\n","protected":false},"author":2,"featured_media":127030,"comment_status":"","ping_status":"","sticky":false,"template":"","format":"standard","meta":{"footnotes":""},"categories":[117],"tags":[33,31,30,403,104,2682,72,406,476,401,118,32,484,119,2365,477],"class_list":{"0":"post-127029","1":"post","2":"type-post","3":"status-publish","4":"format-standard","5":"has-post-thumbnail","7":"category-luonto","8":"tag-fi","9":"tag-finland","10":"tag-finnish","11":"tag-helsingin-seutu","12":"tag-helsinki","13":"tag-kauneus","14":"tag-luonto","15":"tag-luontovalokuvaus","16":"tag-nature","17":"tag-nurmijarvi","18":"tag-science","19":"tag-suomi","20":"tag-taiteellinen-ilmaisu-ja-mediat","21":"tag-tiede","22":"tag-valokuvaus","23":"tag-wildlife"},"share_on_mastodon":{"url":"https:\/\/pubeurope.com\/@fi\/115791310704208579","error":""},"_links":{"self":[{"href":"https:\/\/www.europesays.com\/fi\/wp-json\/wp\/v2\/posts\/127029","targetHints":{"allow":["GET"]}}],"collection":[{"href":"https:\/\/www.europesays.com\/fi\/wp-json\/wp\/v2\/posts"}],"about":[{"href":"https:\/\/www.europesays.com\/fi\/wp-json\/wp\/v2\/types\/post"}],"author":[{"embeddable":true,"href":"https:\/\/www.europesays.com\/fi\/wp-json\/wp\/v2\/users\/2"}],"replies":[{"embeddable":true,"href":"https:\/\/www.europesays.com\/fi\/wp-json\/wp\/v2\/comments?post=127029"}],"version-history":[{"count":0,"href":"https:\/\/www.europesays.com\/fi\/wp-json\/wp\/v2\/posts\/127029\/revisions"}],"wp:featuredmedia":[{"embeddable":true,"href":"https:\/\/www.europesays.com\/fi\/wp-json\/wp\/v2\/media\/127030"}],"wp:attachment":[{"href":"https:\/\/www.europesays.com\/fi\/wp-json\/wp\/v2\/media?parent=127029"}],"wp:term":[{"taxonomy":"category","embeddable":true,"href":"https:\/\/www.europesays.com\/fi\/wp-json\/wp\/v2\/categories?post=127029"},{"taxonomy":"post_tag","embeddable":true,"href":"https:\/\/www.europesays.com\/fi\/wp-json\/wp\/v2\/tags?post=127029"}],"curies":[{"name":"wp","href":"https:\/\/api.w.org\/{rel}","templated":true}]}}