{"id":127034,"date":"2025-12-27T11:49:08","date_gmt":"2025-12-27T11:49:08","guid":{"rendered":"https:\/\/www.europesays.com\/fi\/127034\/"},"modified":"2025-12-27T11:49:08","modified_gmt":"2025-12-27T11:49:08","slug":"talla-miehistolla-kalpa-kohtaa-saipan-uusintaerassa-niiralan-montussa-savon-sanomat","status":"publish","type":"post","link":"https:\/\/www.europesays.com\/fi\/127034\/","title":{"rendered":"T\u00e4ll\u00e4 miehist\u00f6ll\u00e4 KalPa kohtaa SaiPan uusintaer\u00e4ss\u00e4 Niiralan montussa &#8211; Savon Sanomat"},"content":{"rendered":"<ol>\n<li><a href=\"https:\/\/news.google.com\/rss\/articles\/CBMiVkFVX3lxTE4tenIzc2lmeGhQS2FxRFNoRkpBdXNpQS12Y2pmTmdDRlN6SnV5bnEzNHo0ZE01T0ctbnVhbTVycjVRWGhiR053TXFaQnpMNWpVTjNpT0tR?oc=5\" target=\"_blank\" rel=\"nofollow noopener\">T\u00e4ll\u00e4 miehist\u00f6ll\u00e4 KalPa kohtaa SaiPan uusintaer\u00e4ss\u00e4 Niiralan montussa<\/a>&nbsp;&nbsp;Savon Sanomat<\/li>\n<li><a href=\"https:\/\/news.google.com\/rss\/articles\/CBMiUEFVX3lxTFBfMENYdXN1WTlKZkRmVWd6YU9IVk9ZbVFYVlZsQXpZbkFVR3Q3YXEzd1BCX1hkS0dJVzlLME1icXJnUVBKUUdvODN0aW15dU15?oc=5\" target=\"_blank\" rel=\"nofollow noopener\">Hannes-myrsky\u00e4 odotetaan my\u00f6s Keski-Suomeen \u2013 luvassa voimakasta tuulta ja lumikuuroja, s\u00e4hk\u00f6katkot mahdollisia<\/a>&nbsp;&nbsp;Keskisuomalainen<\/li>\n<li><a href=\"https:\/\/news.google.com\/rss\/articles\/CBMiT0FVX3lxTE9RVzFhZUZvdC1ISEo4Y3ZHUzFGMEZnM3B0V1ZTYzFvdzlMcDZ3ZXV0eUlpMXk3cmJTSkhiTU1yWTdkSFJWdWhDNF80cFJHeWs?oc=5\" target=\"_blank\" rel=\"nofollow noopener\">Raimo Helminen huusi SaiPan hereille liian my\u00f6h\u00e4\u00e4n: &#8221;Tuntui, ett\u00e4 lopun olimme niskan p\u00e4\u00e4ll\u00e4&#8221;<\/a>&nbsp;&nbsp;Etel\u00e4-Saimaa<\/li>\n<li><a href=\"https:\/\/news.google.com\/rss\/articles\/CBMiuwFBVV95cUxPcnQ1XzZkUFo5eXN0alJYVERLN0JRUzdIc2ViTlJLenp3TDJzMDFZVjRxT3VERm9CTmJSX29la0NqZGlsZlZZUUZsZjByZFNuWHlKRmRvdzNYRm9CNmJUMVZOcWJzdzdOSTExM3JfdVNhck9DbHRQMElmaVE0ei12WG1BZFkyTjlUY09TUmVRTzVNX0h1c3hSNzQxSXVkX3pOeU1kcEZuS0pCbzZjSFRUa0ROYWxMRWVaS2sw?oc=5\" target=\"_blank\" rel=\"nofollow noopener\">SM-finalistit kohtasivat j\u00e4nnitysn\u00e4ytelm\u00e4ss\u00e4 \u2013 Raimo Helmisen SaiPa pelotteli KalPaa<\/a>&nbsp;&nbsp;leijonat.com<\/li>\n<li><a href=\"https:\/\/news.google.com\/rss\/articles\/CBMiVkFVX3lxTE01RnJXNWJrbU42dmpjTUpLeVZkZERpMVdhZ0JVRldHZWVFRncwVmxQWThfeGRabDY2cmM1alhyY0d1Q2RabzJwOVJSekdVczhrcGI5X3Vn?oc=5\" target=\"_blank\" rel=\"nofollow noopener\">KalPa kohtaa SaiPan per\u00e4kk\u00e4isin\u00e4 p\u00e4ivin\u00e4 \u2013 T\u00e4ss\u00e4 on tapaninp\u00e4iv\u00e4n kokoonpano<\/a>&nbsp;&nbsp;Savon Sanomat<\/li>\n<\/ol>\n","protected":false},"excerpt":{"rendered":"T\u00e4ll\u00e4 miehist\u00f6ll\u00e4 KalPa kohtaa SaiPan uusintaer\u00e4ss\u00e4 Niiralan montussa&nbsp;&nbsp;Savon Sanomat Hannes-myrsky\u00e4 odotetaan my\u00f6s Keski-Suomeen \u2013 luvassa voimakasta tuulta ja&hellip;\n","protected":false},"author":2,"featured_media":127035,"comment_status":"","ping_status":"","sticky":false,"template":"","format":"standard","meta":{"footnotes":""},"categories":[158],"tags":[33,31,30,1143,2935,1446,41,1146,9492,159,32,1145,160],"class_list":{"0":"post-127034","1":"post","2":"type-post","3":"status-publish","4":"format-standard","5":"has-post-thumbnail","7":"category-urheilu","8":"tag-fi","9":"tag-finland","10":"tag-finnish","11":"tag-jaakiekko","12":"tag-kalpa","13":"tag-lappeenranta","14":"tag-liikunta-ja-urheilu","15":"tag-miesten-jaakiekko","16":"tag-saipa","17":"tag-sports","18":"tag-suomi","19":"tag-talviurheilu","20":"tag-urheilu"},"share_on_mastodon":{"url":"https:\/\/pubeurope.com\/@fi\/115791381415294259","error":""},"_links":{"self":[{"href":"https:\/\/www.europesays.com\/fi\/wp-json\/wp\/v2\/posts\/127034","targetHints":{"allow":["GET"]}}],"collection":[{"href":"https:\/\/www.europesays.com\/fi\/wp-json\/wp\/v2\/posts"}],"about":[{"href":"https:\/\/www.europesays.com\/fi\/wp-json\/wp\/v2\/types\/post"}],"author":[{"embeddable":true,"href":"https:\/\/www.europesays.com\/fi\/wp-json\/wp\/v2\/users\/2"}],"replies":[{"embeddable":true,"href":"https:\/\/www.europesays.com\/fi\/wp-json\/wp\/v2\/comments?post=127034"}],"version-history":[{"count":0,"href":"https:\/\/www.europesays.com\/fi\/wp-json\/wp\/v2\/posts\/127034\/revisions"}],"wp:featuredmedia":[{"embeddable":true,"href":"https:\/\/www.europesays.com\/fi\/wp-json\/wp\/v2\/media\/127035"}],"wp:attachment":[{"href":"https:\/\/www.europesays.com\/fi\/wp-json\/wp\/v2\/media?parent=127034"}],"wp:term":[{"taxonomy":"category","embeddable":true,"href":"https:\/\/www.europesays.com\/fi\/wp-json\/wp\/v2\/categories?post=127034"},{"taxonomy":"post_tag","embeddable":true,"href":"https:\/\/www.europesays.com\/fi\/wp-json\/wp\/v2\/tags?post=127034"}],"curies":[{"name":"wp","href":"https:\/\/api.w.org\/{rel}","templated":true}]}}