{"id":127042,"date":"2025-12-27T11:55:11","date_gmt":"2025-12-27T11:55:11","guid":{"rendered":"https:\/\/www.europesays.com\/fi\/127042\/"},"modified":"2025-12-27T11:55:11","modified_gmt":"2025-12-27T11:55:11","slug":"tuhannet-suomalaiset-ilman-sahkoa-taalla-tilanne-on-pahin","status":"publish","type":"post","link":"https:\/\/www.europesays.com\/fi\/127042\/","title":{"rendered":"Tuhannet suomalaiset ilman s\u00e4hk\u00f6\u00e4 \u2013 T\u00e4\u00e4ll\u00e4 tilanne on pahin"},"content":{"rendered":"<p>S\u00e4hk\u00f6katkoja esiintyy toistaiseksi p\u00e4\u00e4osin Satakunnassa ja Turun saaristossa.<\/p>\n<p><img decoding=\"async\" class=\"image image-show image-preview\" src=\"https:\/\/www.europesays.com\/fi\/wp-content\/uploads\/2025\/12\/a9cf30b5d921a84e30e7107d82d24bc6fd614811e493c226b8e2c4e4ac4fc45a.jpg\" alt=\"\"\/><img decoding=\"async\" class=\"image image-show\" src=\"https:\/\/www.europesays.com\/fi\/wp-content\/uploads\/2025\/12\/1766836511_100_a9cf30b5d921a84e30e7107d82d24bc6fd614811e493c226b8e2c4e4ac4fc45a.jpg\" alt=\"\"\/><\/p>\n<p>Myrsky runtelee Suomea lauantaina. Arkistokuva. Roosa Br\u00f6ijer<\/p>\n<p class=\"paragraph\">Voimakas tuuli on aiheuttanut s\u00e4hk\u00f6katkoja etel\u00e4isess\u00e4 Suomessa.<\/p>\n<p class=\"paragraph\">Jo per\u00e4ti l\u00e4hes 5 400 suomalaisten s\u00e4hk\u00f6yhti\u00f6iden asiakasta oli ilman s\u00e4hk\u00f6\u00e4 kello 13.29, <a href=\"https:\/\/sahkokatkokartta.fi\/#\/nyt\" target=\"_blank\" rel=\"noopener nofollow\">Energiateollisuuden s\u00e4hk\u00f6katkokartasta<\/a> selvi\u00e4\u00e4. 14 minuuttia aiemmin saman seurantakartan mukaan ilman s\u00e4hk\u00f6\u00e4 oli yli 2 800 asiakasta. Kartta p\u00e4ivittyy jatkuvasti.<\/p>\n<p class=\"paragraph\">Kello 13.29 yli tuhat kotitaloutta oli ilman s\u00e4hk\u00f6\u00e4 sek\u00e4 Porvoossa ett\u00e4 Kristinankaupungissa.<\/p>\n<p class=\"paragraph\">Lis\u00e4ksi esimerkiksi Paraisilla oli liki 420 kotitaloutta ja Kemi\u00f6nsaaressa yli 110 kotitaloutta ilman s\u00e4hk\u00f6\u00e4.<\/p>\n<p class=\"paragraph\">Satakunnassa yli sata kotitaloutta k\u00e4sitt\u00e4vi\u00e4 katkoksia oli my\u00f6s Merikarvialla, Honkajoella ja Kankaanp\u00e4\u00e4ss\u00e4. Aiemmin lauantaina noin 1\u00a0350 Paneliankosken Voiman asiakasta oli ilman s\u00e4hk\u00f6\u00e4. Yhti\u00f6 toimii Satakunnan Eurassa.<\/p>\n<p class=\"paragraph\">S\u00e4hk\u00f6katkoksia on esiintynyt lauantaina my\u00f6s muun muassa P\u00e4ij\u00e4t-H\u00e4meess\u00e4 ja Etel\u00e4-Savossa.<\/p>\n<p class=\"paragraph\">Tuulien on ennustettu voimistuvan lauantai-iltaa kohti.<\/p>\n","protected":false},"excerpt":{"rendered":"S\u00e4hk\u00f6katkoja esiintyy toistaiseksi p\u00e4\u00e4osin Satakunnassa ja Turun saaristossa. Myrsky runtelee Suomea lauantaina. Arkistokuva. Roosa Br\u00f6ijer Voimakas tuuli on&hellip;\n","protected":false},"author":2,"featured_media":127043,"comment_status":"","ping_status":"","sticky":false,"template":"","format":"standard","meta":{"footnotes":""},"categories":[12],"tags":[35,22,23,124,1628,26,27,33,31,30,17,2822,24,25,28,29,15,18,21,2007,3005,2821,32,19,20,16],"class_list":{"0":"post-127042","1":"post","2":"type-post","3":"status-publish","4":"format-standard","5":"has-post-thumbnail","7":"category-suomi","8":"tag-24h","9":"tag-breaking-news","10":"tag-breakingnews","11":"tag-energia-sektori","12":"tag-energia-ja-energiavarat","13":"tag-featured-news","14":"tag-featurednews","15":"tag-fi","16":"tag-finland","17":"tag-finnish","18":"tag-headlines","19":"tag-jakelu-ja-myynti","20":"tag-latest-news","21":"tag-latestnews","22":"tag-main-news","23":"tag-mainnews","24":"tag-news","25":"tag-otsikot","26":"tag-paauutiset","27":"tag-sahko","28":"tag-sahko-kaasu-ja-lampohuolto","29":"tag-sahkon-tuotanto","30":"tag-suomi","31":"tag-top-stories","32":"tag-topstories","33":"tag-uutiset"},"share_on_mastodon":{"url":"https:\/\/pubeurope.com\/@fi\/115791405125965414","error":""},"_links":{"self":[{"href":"https:\/\/www.europesays.com\/fi\/wp-json\/wp\/v2\/posts\/127042","targetHints":{"allow":["GET"]}}],"collection":[{"href":"https:\/\/www.europesays.com\/fi\/wp-json\/wp\/v2\/posts"}],"about":[{"href":"https:\/\/www.europesays.com\/fi\/wp-json\/wp\/v2\/types\/post"}],"author":[{"embeddable":true,"href":"https:\/\/www.europesays.com\/fi\/wp-json\/wp\/v2\/users\/2"}],"replies":[{"embeddable":true,"href":"https:\/\/www.europesays.com\/fi\/wp-json\/wp\/v2\/comments?post=127042"}],"version-history":[{"count":0,"href":"https:\/\/www.europesays.com\/fi\/wp-json\/wp\/v2\/posts\/127042\/revisions"}],"wp:featuredmedia":[{"embeddable":true,"href":"https:\/\/www.europesays.com\/fi\/wp-json\/wp\/v2\/media\/127043"}],"wp:attachment":[{"href":"https:\/\/www.europesays.com\/fi\/wp-json\/wp\/v2\/media?parent=127042"}],"wp:term":[{"taxonomy":"category","embeddable":true,"href":"https:\/\/www.europesays.com\/fi\/wp-json\/wp\/v2\/categories?post=127042"},{"taxonomy":"post_tag","embeddable":true,"href":"https:\/\/www.europesays.com\/fi\/wp-json\/wp\/v2\/tags?post=127042"}],"curies":[{"name":"wp","href":"https:\/\/api.w.org\/{rel}","templated":true}]}}