{"id":127055,"date":"2025-12-27T12:19:08","date_gmt":"2025-12-27T12:19:08","guid":{"rendered":"https:\/\/www.europesays.com\/fi\/127055\/"},"modified":"2025-12-27T12:19:08","modified_gmt":"2025-12-27T12:19:08","slug":"lounea-nostaa-laajakaistanopeutta-ja-samalla-hintoja-kysyimme-onko-asiakkaan-pakko-ottaa-suurempi-ja-kalliimpi-yhteys","status":"publish","type":"post","link":"https:\/\/www.europesays.com\/fi\/127055\/","title":{"rendered":"Lounea nostaa laajakaistanopeutta ja samalla hintoja \u2013 Kysyimme, onko asiakkaan pakko ottaa suurempi ja kalliimpi yhteys"},"content":{"rendered":"<p>Nopeuden nosto ja hintojen kallistuminen ovat her\u00e4tt\u00e4neet keskustelua Sastamalassa.<\/p>\n<p class=\"article-body mb-nof-24 px-nof-16\">Valokuituyhti\u00f6 Lounea ilmoittaa nostavansa laajakaistanopeutta helmikuun alusta. T\u00e4ll\u00e4 hetkell\u00e4 pienin nopeus on 100 megaa ja helmikuussa nopeus nousee 250:een megaan.<\/p>\n<p class=\"article-body mb-nof-24 px-nof-16\">Muutos tarkoittaa my\u00f6s kalliimpaa hintaa. 250 megan yhteyden normaalihinta on 40,38 euroa kuukaudessa.<\/p>\n","protected":false},"excerpt":{"rendered":"Nopeuden nosto ja hintojen kallistuminen ovat her\u00e4tt\u00e4neet keskustelua Sastamalassa. Valokuituyhti\u00f6 Lounea ilmoittaa nostavansa laajakaistanopeutta helmikuun alusta. T\u00e4ll\u00e4 hetkell\u00e4&hellip;\n","protected":false},"author":2,"featured_media":127056,"comment_status":"","ping_status":"","sticky":false,"template":"","format":"standard","meta":{"footnotes":""},"categories":[76],"tags":[79,77,33,31,30,32,78,3885],"class_list":{"0":"post-127055","1":"post","2":"type-post","3":"status-publish","4":"format-standard","5":"has-post-thumbnail","7":"category-talous","8":"tag-business","9":"tag-economy","10":"tag-fi","11":"tag-finland","12":"tag-finnish","13":"tag-suomi","14":"tag-talous","15":"tag-tyrvaan-sanomat"},"share_on_mastodon":{"url":"https:\/\/pubeurope.com\/@fi\/115791499341124418","error":""},"_links":{"self":[{"href":"https:\/\/www.europesays.com\/fi\/wp-json\/wp\/v2\/posts\/127055","targetHints":{"allow":["GET"]}}],"collection":[{"href":"https:\/\/www.europesays.com\/fi\/wp-json\/wp\/v2\/posts"}],"about":[{"href":"https:\/\/www.europesays.com\/fi\/wp-json\/wp\/v2\/types\/post"}],"author":[{"embeddable":true,"href":"https:\/\/www.europesays.com\/fi\/wp-json\/wp\/v2\/users\/2"}],"replies":[{"embeddable":true,"href":"https:\/\/www.europesays.com\/fi\/wp-json\/wp\/v2\/comments?post=127055"}],"version-history":[{"count":0,"href":"https:\/\/www.europesays.com\/fi\/wp-json\/wp\/v2\/posts\/127055\/revisions"}],"wp:featuredmedia":[{"embeddable":true,"href":"https:\/\/www.europesays.com\/fi\/wp-json\/wp\/v2\/media\/127056"}],"wp:attachment":[{"href":"https:\/\/www.europesays.com\/fi\/wp-json\/wp\/v2\/media?parent=127055"}],"wp:term":[{"taxonomy":"category","embeddable":true,"href":"https:\/\/www.europesays.com\/fi\/wp-json\/wp\/v2\/categories?post=127055"},{"taxonomy":"post_tag","embeddable":true,"href":"https:\/\/www.europesays.com\/fi\/wp-json\/wp\/v2\/tags?post=127055"}],"curies":[{"name":"wp","href":"https:\/\/api.w.org\/{rel}","templated":true}]}}