{"id":127059,"date":"2025-12-27T12:21:08","date_gmt":"2025-12-27T12:21:08","guid":{"rendered":"https:\/\/www.europesays.com\/fi\/127059\/"},"modified":"2025-12-27T12:21:08","modified_gmt":"2025-12-27T12:21:08","slug":"mies-purki-raivonsa-putkan-patjaan","status":"publish","type":"post","link":"https:\/\/www.europesays.com\/fi\/127059\/","title":{"rendered":"Mies purki raivonsa putkan patjaan"},"content":{"rendered":"<p>Kaksi ihmist\u00e4 pahoinpidellyt mies r\u00e4hisi viel\u00e4 poliisivankilassa.<\/p>\n<p><img decoding=\"async\" class=\"image image-show image-preview\" src=\"https:\/\/www.europesays.com\/fi\/wp-content\/uploads\/2025\/12\/ac2edda02c719dd04bbe02544144baa424f86c42d510ff924af9c6df612c600a.jpg\" alt=\"\"\/><img decoding=\"async\" class=\"image image-show\" src=\"https:\/\/www.europesays.com\/fi\/wp-content\/uploads\/2025\/12\/1766838068_923_ac2edda02c719dd04bbe02544144baa424f86c42d510ff924af9c6df612c600a.jpg\" alt=\"\"\/><\/p>\n<p>Poliisit ottivat r\u00e4hisij\u00e4n kiinni taloyhti\u00f6n pihalta. Kuvituskuva. Inka Soveri<\/p>\n<p class=\"paragraph\">Miehen tapaninp\u00e4iv\u00e4n vietto l\u00e4hti Kemiss\u00e4 pahemman kerran k\u00e4sist\u00e4. Mies pahoinpiteli kaksi ihmist\u00e4 ja purki raivonsa lopuksi putkan patjaan.<\/p>\n<p class=\"paragraph\">Pahoinpitelyt tapahtuivat taloyhti\u00f6n pihalla perjantai-iltana. Sivullinen mies huomasi toisen miehen retuuttavan naista hiuksista.<\/p>\n<p class=\"paragraph\">Kun sivullinen meni v\u00e4liin, k\u00e4vi mies h\u00e4nen kimppuunsa. Mies iski naisen apuun rient\u00e4nytt\u00e4 sivullista nyrkeill\u00e4.<\/p>\n<p class=\"paragraph\">H\u00e4t\u00e4keskus v\u00e4litti teht\u00e4v\u00e4n poliisille, joka otti miehen kiinni paikan p\u00e4\u00e4lt\u00e4.<\/p>\n<p class=\"paragraph\">Mies vietiin Kemin poliisivankilalle rauhoittumaan. Rauhasta ei kuitenkaan ollut tietoakaan. Mies jatkoi r\u00e4hin\u00e4\u00e4 putkassa ja repi patjan rikki.<\/p>\n<p class=\"paragraph\">H\u00e4nt\u00e4 ep\u00e4ill\u00e4\u00e4n kokonaisuuteen liittyen kahdesta pahoinpitelyst\u00e4 ja liev\u00e4st\u00e4 vahingonteosta.<\/p>\n","protected":false},"excerpt":{"rendered":"Kaksi ihmist\u00e4 pahoinpidellyt mies r\u00e4hisi viel\u00e4 poliisivankilassa. Poliisit ottivat r\u00e4hisij\u00e4n kiinni taloyhti\u00f6n pihalta. Kuvituskuva. Inka Soveri Miehen tapaninp\u00e4iv\u00e4n&hellip;\n","protected":false},"author":2,"featured_media":127060,"comment_status":"","ping_status":"","sticky":false,"template":"","format":"standard","meta":{"footnotes":""},"categories":[12],"tags":[35,36,22,23,26,27,33,31,30,17,53,24,25,28,29,15,18,21,122,54,38,32,19,20,16],"class_list":{"0":"post-127059","1":"post","2":"type-post","3":"status-publish","4":"format-standard","5":"has-post-thumbnail","7":"category-suomi","8":"tag-24h","9":"tag-asuintalot-ja-asunnot","10":"tag-breaking-news","11":"tag-breakingnews","12":"tag-featured-news","13":"tag-featurednews","14":"tag-fi","15":"tag-finland","16":"tag-finnish","17":"tag-headlines","18":"tag-laki-oikeus-ja-rikos","19":"tag-latest-news","20":"tag-latestnews","21":"tag-main-news","22":"tag-mainnews","23":"tag-news","24":"tag-otsikot","25":"tag-paauutiset","26":"tag-pelastaminen","27":"tag-pelastuspalvelut","28":"tag-rikos","29":"tag-suomi","30":"tag-top-stories","31":"tag-topstories","32":"tag-uutiset"},"share_on_mastodon":{"url":"https:\/\/pubeurope.com\/@fi\/115791507461683740","error":""},"_links":{"self":[{"href":"https:\/\/www.europesays.com\/fi\/wp-json\/wp\/v2\/posts\/127059","targetHints":{"allow":["GET"]}}],"collection":[{"href":"https:\/\/www.europesays.com\/fi\/wp-json\/wp\/v2\/posts"}],"about":[{"href":"https:\/\/www.europesays.com\/fi\/wp-json\/wp\/v2\/types\/post"}],"author":[{"embeddable":true,"href":"https:\/\/www.europesays.com\/fi\/wp-json\/wp\/v2\/users\/2"}],"replies":[{"embeddable":true,"href":"https:\/\/www.europesays.com\/fi\/wp-json\/wp\/v2\/comments?post=127059"}],"version-history":[{"count":0,"href":"https:\/\/www.europesays.com\/fi\/wp-json\/wp\/v2\/posts\/127059\/revisions"}],"wp:featuredmedia":[{"embeddable":true,"href":"https:\/\/www.europesays.com\/fi\/wp-json\/wp\/v2\/media\/127060"}],"wp:attachment":[{"href":"https:\/\/www.europesays.com\/fi\/wp-json\/wp\/v2\/media?parent=127059"}],"wp:term":[{"taxonomy":"category","embeddable":true,"href":"https:\/\/www.europesays.com\/fi\/wp-json\/wp\/v2\/categories?post=127059"},{"taxonomy":"post_tag","embeddable":true,"href":"https:\/\/www.europesays.com\/fi\/wp-json\/wp\/v2\/tags?post=127059"}],"curies":[{"name":"wp","href":"https:\/\/api.w.org\/{rel}","templated":true}]}}