{"id":127071,"date":"2025-12-27T12:42:12","date_gmt":"2025-12-27T12:42:12","guid":{"rendered":"https:\/\/www.europesays.com\/fi\/127071\/"},"modified":"2025-12-27T12:42:12","modified_gmt":"2025-12-27T12:42:12","slug":"nayttelija-kreeta-salminen-kertoo-kivuliaasta-sairaudestaan-ja-kylma-kausi-sarjasta","status":"publish","type":"post","link":"https:\/\/www.europesays.com\/fi\/127071\/","title":{"rendered":"N\u00e4yttelij\u00e4 Kreeta Salminen kertoo kivuliaasta sairaudestaan ja Kylm\u00e4 kausi -sarjasta"},"content":{"rendered":"<p class=\"article-content article-content-width !bg-background\">Kylm\u00e4 kausi on fiktiivinen draamatrilleri, johon k\u00e4sikirjoittaja   on tehnyt runsaasti taustaty\u00f6t\u00e4 ja ammentanut tarinan ainekset tosiel\u00e4m\u00e4st\u00e4. Sarja<br \/>\nalkaa Yle Areenassa torstaina 1. tammikuuta ja TV1:ll\u00e4 sunnuntaina 4. tammikuuta.\u00a0<\/p>\n<p class=\"article-content article-content-width !bg-background\">Jemina l\u00e4hestyy tarinaa asetelmalla, joka peilaa suomalaista hiihtomaailmaa. Kautta aikojen maamme maajoukkuetason kilpahiihto on ollut kahden kuningattaren taistoa:  ja ,  ja  sek\u00e4  ja  .<\/p>\n<p>        <a itemprop=\"url\" href=\"https:\/\/www.seiska.fi\/katso\/kreeta-salminen-hiillosti-toimittajaa-kansan-vihollinen-sarjaa-varten-viestittelin-hanelle-varmaan-piinaavuuteen-asti\/221496\" rel=\"nofollow noopener\" target=\"_blank\"><\/p>\n<p>\nsuoratoisto\n<\/p>\n<p class=\"section-date\">\n        <strong class=\"article-section\" data-section=\"katso\"><br \/>\n            katso<br \/>\n        <\/strong><br \/>\n        19.5.2022 14:15\n    <\/p>\n<p>Kreeta Salminen hiillosti toimittajaa Kansan vihollinen -sarjaa varten: \u201dViestittelin h\u00e4nelle varmaan piinaavuuteen asti\u201d\n    <\/p>\n<p>        <\/a><\/p>\n<p class=\"article-content article-content-width !bg-background\"> ja  ohjaama sarja sijoittuu huippu-urheilun kulisseihin.\u00a0<\/p>\n<p class=\"article-content article-content-width !bg-background\">Se kurkistaa naisten hiihtomaajoukkueen pime\u00e4\u00e4n puoleen, joka p\u00e4\u00e4see valloilleen, kun ihminen on valmis tekem\u00e4\u00e4n kaikkensa oman unelmansa ja menestyksens\u00e4 eteen.<\/p>\n<p class=\"article-content article-content-width !bg-background\">Sarjan p\u00e4\u00e4osissa n\u00e4hd\u00e4\u00e4n n\u00e4yttelij\u00e4t ,  , , , , , ,  ja  .<\/p>\n<p>                <img decoding=\"async\" src=\"https:\/\/www.europesays.com\/fi\/wp-content\/uploads\/2025\/12\/2008803.webp\" width=\"576\" height=\"269\" alt=\"Kylm\u00e4n kauden keski\u00f6ss\u00e4 ovat hiiht\u00e4j\u00e4t Maria (Sannah Nederg\u00e5rd) ja Anna (Roosa S\u00f6derholm). Anna on maajoukkueen altavastaaja, joka laittaa kaiken peliin noustakseen t\u00e4hdeksi. Maria on yleis\u00f6n suosikki mutta vaarallinen sellainen.\" loading=\"lazy\" \/>            <\/p>\n<p>\n            Kylm\u00e4n kauden keski\u00f6ss\u00e4 ovat hiiht\u00e4j\u00e4t Maria (Sannah Nederg\u00e5rd) ja Anna (Roosa S\u00f6derholm). Anna on maajoukkueen altavastaaja, joka laittaa kaiken peliin noustakseen t\u00e4hdeksi. Maria on yleis\u00f6n suosikki mutta vaarallinen sellainen.<br \/>\n            Just Republic\/Yle\n        <\/p>\n<p class=\"article-content article-content-width !bg-background\">Siin\u00e4 miss\u00e4 sarjan k\u00e4sikirjoittaja osallistui taustatutkimusty\u00f6t\u00e4 tehdess\u00e4 muun muassa maajoukkueen leirille, antautuivat my\u00f6s sarjan n\u00e4yttelij\u00e4t lajille.<\/p>\n<p class=\"article-content article-content-width !bg-background\">\u2013\tMeid\u00e4t roolitettiin sarjaan kolme vuotta sitten. Sen j\u00e4lkeen meid\u00e4n on k\u00e4yt\u00e4nn\u00f6ss\u00e4 pit\u00e4nyt opetella hiiht\u00e4m\u00e4\u00e4n. Oma hiihtotaustani oli nolla. Lapsuuden hiihtokerrat voin laskea yhden k\u00e4den sormilla.<\/p>\n<p class=\"article-content article-content-width !bg-background\">\u2013\tMinulla ei ole ollut mit\u00e4\u00e4n hiihtoa vastaan, mutta koulun liikuntatunneillakin halusin mieluummin luistella, n\u00e4yttelij\u00e4 Kreeta Salminen kertoo.<\/p>\n<p>Kaksi vuotta hiihtotreeni\u00e4<\/p>\n<p class=\"article-content article-content-width !bg-background\">Kreetan roolihahmo on maajoukkueen 42-vuotias veteraanihiiht\u00e4j\u00e4 Lena, jonka suuret menestyksen p\u00e4iv\u00e4t ovat jo takana.<\/p>\n<p class=\"article-content article-content-width !bg-background\">Lenaa olisi ollut mahdoton n\u00e4ytell\u00e4 uskottavasti nollatason hiihtotaidolla, joten muiden p\u00e4\u00e4osan\u00e4yttelij\u00f6iden tapaan Kreeta treenasi lajia kaksi vuotta kahden valmentajan opissa.<\/p>\n<p class=\"article-content article-content-width !bg-background\">\u2013\tHiihto on tekniikkalaji, todella vaikea sellainen, jos siis haluaa hiiht\u00e4\u00e4 oikein.<\/p>\n<p class=\"article-content article-content-width !bg-background\">\u2013\tMinulla ei ollut aloittaessa edes oikeaa hiihtorytmi\u00e4, vaan k\u00e4velin kuin t\u00f6nkk\u00e4, h\u00e4n kuvailee.<\/p>\n<p>                <img decoding=\"async\" src=\"https:\/\/www.europesays.com\/fi\/wp-content\/uploads\/2025\/12\/2008796.webp\" width=\"576\" height=\"322\" title=\"Kylm\u00e4 kausi oli Kreetalle unelmarooli, sill\u00e4 sen kautta h\u00e4n oppi uuden urheilulajin.\" alt=\"Kylm\u00e4 kausi, 2025, Kreeta Salminen.\" loading=\"lazy\" \/>            <\/p>\n<p>\n            Kylm\u00e4 kausi oli Kreetalle unelmarooli, sill\u00e4 sen kautta h\u00e4n oppi uuden urheilulajin.<br \/>\n            Numi Nummelin\/Sanoma\n        <\/p>\n<p class=\"article-content article-content-width !bg-background\">Kreetalla on tanssitausta, joten rytmi el\u00e4\u00e4 h\u00e4nen kehossaan. T\u00e4m\u00e4 ei kuitenkaan toteutunut ladulla.<\/p>\n<p class=\"article-content article-content-width !bg-background\">\u2013\tYll\u00e4tyin, miten haastavaa oli l\u00f6yt\u00e4\u00e4 hiihdon rytmi. Olin ehk\u00e4 v\u00e4h\u00e4n liiankin itsevarma sen suhteen, ett\u00e4 l\u00f6yt\u00e4isin rytmin nopeasti.<\/p>\n<p class=\"article-content article-content-width !bg-background\">\u2013\tEnsimm\u00e4isen talven aikana jouduin ottamaan ryhm\u00e4tuntiemme p\u00e4\u00e4lle yksityistunteja. Hiihdon rytmiss\u00e4 pit\u00e4\u00e4 samanaikaisesti olla tosi rento ja r\u00e4j\u00e4hdysvoimainen.<\/p>\n<p>Irti armottomuudesta<\/p>\n<p class=\"article-content article-content-width !bg-background\">N\u00e4yttelij\u00e4t saivat rooleihinsa valmistautuessaan huippuvalmennusta, sill\u00e4 heid\u00e4n tukenaan olleet henkil\u00f6t valmentavat ty\u00f6kseen ammattihiiht\u00e4ji\u00e4.<\/p>\n<p class=\"article-content article-content-width !bg-background\">\u2013\tT\u00e4m\u00e4 on ollut tosi pitk\u00e4 ja mielet\u00f6n matka. Niit\u00e4 herkkujuttuja, joita n\u00e4yttelij\u00e4n\u00e4 toivoo, ett\u00e4 saisi oppia uuden lajin ty\u00f6ss\u00e4\u00e4n, Kreeta iloitsee.<\/p>\n<p>        <a itemprop=\"url\" href=\"https:\/\/www.seiska.fi\/katso\/hittisarja-paattyy-katkeran-miehen-kostoon-mukana-paatahden-pikkusisko\/1673961\" rel=\"nofollow noopener\" target=\"_blank\"><\/p>\n<p>\nPohjoisen t\u00e4hti\n<\/p>\n<p class=\"section-date\">\n        <strong class=\"article-section\" data-section=\"katso\"><br \/>\n            katso<br \/>\n        <\/strong><br \/>\n        4.5. 09:15\n    <\/p>\n<p>Hittisarja p\u00e4\u00e4ttyy katkeran miehen kostoon \u2013 mukana p\u00e4\u00e4t\u00e4hden pikkusisko\n    <\/p>\n<p itemprop=\"description\" class=\"subtitle \">\n    Pohjoisen t\u00e4hden p\u00e4\u00e4t\u00f6sjakso petaa asetelmat sarjan kolmannelle kaudelle nyrkkeilyhanskat k\u00e4dess\u00e4. Varoitus! Juttu sis\u00e4lt\u00e4\u00e4 juonipaljastuksia!\n<\/p>\n<p>        <\/a><\/p>\n<p class=\"article-content article-content-width !bg-background\">Kylm\u00e4 kausi antaa synk\u00e4n kuvan maajoukkuehiihdosta. Naisten huippuvalmentaja Kim (Antti Virmavirta) on armoton mies, jolle vain tulokset merkitsev\u00e4t.<\/p>\n<p class=\"article-content article-content-width !bg-background\">Tarina piirt\u00e4\u00e4 huippu-urheilusta kuvan, jossa inhimillisyys ja ihmisyys unohtuvat, on vain menestyksen jano.<\/p>\n<p class=\"article-content article-content-width !bg-background\">\u2013\tMinusta sarjassa n\u00e4ht\u00e4v\u00e4 valmennus on moraalitonta. Varsinkin kun olen kokenut, miten meit\u00e4 on valmennettu. Ne ovat kaksi t\u00e4ysin eri maailmaa. En usko, ett\u00e4 sarjan kaltaisella valmennuksella voisi saada parasta j\u00e4lke\u00e4. Se rikkoo ihmisi\u00e4.<\/p>\n<p>                <img decoding=\"async\" src=\"https:\/\/www.europesays.com\/fi\/wp-content\/uploads\/2025\/12\/2008794.webp\" width=\"456\" height=\"255\" title=\"Kreetan esitt\u00e4m\u00e4 Lena aloittaa joukkueen sis\u00e4ll\u00e4 salasuhteen, josta kehkeytyy iso ongelma.\" alt=\"Kylm\u00e4 kausi, 2025, Kreeta Salminen, Viktor Nystr\u00f6m Sk\u00f6ld.\" loading=\"lazy\" \/>            <\/p>\n<p>\n            Kreetan esitt\u00e4m\u00e4 Lena aloittaa joukkueen sis\u00e4ll\u00e4 salasuhteen, josta kehkeytyy iso ongelma.<br \/>\n            Numi Nummelin\/Sanoma\n        <\/p>\n<p class=\"article-content article-content-width !bg-background\">Sarjan rooli ei vaatinut suurta ulkoista muodonmuutosta, mutta n\u00e4yttelij\u00e4t saivat ravintovalmennusta ja yli vuoden ajan Kreeta k\u00e4vi omasta tahdostaan kuntosalilla kasvattamassa lihaksiaan.<\/p>\n<p class=\"article-content article-content-width !bg-background\">\u2013\tHiiht\u00e4ji\u00e4 on monenlaisia. Ei ole olemassa yht\u00e4 oikeanlaista hiiht\u00e4j\u00e4n kehoa, mutta halusin kokea olevani urheilullisessa kunnossa.\u00a0<\/p>\n<p>        <a itemprop=\"url\" href=\"https:\/\/www.seiska.fi\/katso\/kristo-salminen-riisui-paitansa-muodonmuutos-hammentaa-queen-of-fucking-everything-sarjassa\/1576474\" rel=\"nofollow noopener\" target=\"_blank\"><\/p>\n<p class=\"section-date\">\n        <strong class=\"article-section\" data-section=\"katso\"><br \/>\n            katso<br \/>\n        <\/strong><br \/>\n        10.1. 13:45\n    <\/p>\n<p>Kristo Salminen riisui paitansa \u2013 muodonmuutos h\u00e4mment\u00e4\u00e4 Queen of fucking everything -sarjassa\n    <\/p>\n<p itemprop=\"description\" class=\"subtitle \">\n    Hittisarjan yhten\u00e4 roolihahmona n\u00e4hd\u00e4\u00e4n huumeparoni B\u00f6rje, jota t\u00e4hditt\u00e4\u00e4 Kristo Salminen.\n<\/p>\n<p>        <\/a><\/p>\n<p class=\"article-content article-content-width !bg-background\">H\u00e4n my\u00f6nt\u00e4\u00e4 olevansa usein armoton itse\u00e4\u00e4n kohtaan, vaativan itselt\u00e4\u00e4n paljon. Kiitos huolehtivan valmennuksen n\u00e4yttelij\u00e4 ei p\u00e4\u00e4ssyt treenaamaan itse\u00e4\u00e4n \u00e4\u00e4rirajoille.<\/p>\n<p class=\"article-content article-content-width !bg-background\">\u2013\tEhk\u00e4 koin ison oivalluksen ja pystyin p\u00e4\u00e4st\u00e4m\u00e4\u00e4n v\u00e4h\u00e4n irti armottomuudesta, vaikka totta kai olen edelleen kunnianhimoinen. Koska reagoin kehollani herk\u00e4sti, nautin hirve\u00e4sti siit\u00e4, ett\u00e4 liike ja urheilu tulivat uudella tasolla niin voimakkaasti el\u00e4m\u00e4\u00e4n, Kreeta sanoo.\u00a0<\/p>\n<p>Verkkareissa rientoihin<\/p>\n<p class=\"article-content article-content-width !bg-background\">Lenan rooli alkoi el\u00e4\u00e4 Kreetassa jo hyviss\u00e4 ajoin ennen kuvauksia. T\u00e4m\u00e4n paljasti n\u00e4yttelij\u00e4n arkihabitus.<\/p>\n<p class=\"article-content article-content-width !bg-background\">\u2013 Huomasin, ett\u00e4 aloin viikonloppuriennoissa ja oikeastaan kaikkialla liikkua hupparissa, samoissa verkkareissa ja urheilutopissa, Kreeta naurahtaa.<\/p>\n<p>                <img decoding=\"async\" src=\"https:\/\/www.europesays.com\/fi\/wp-content\/uploads\/2025\/12\/2008795.webp\" width=\"576\" height=\"322\" title=\"Pitk\u00e4n hiihtovalmennuksen aikana Kylm\u00e4 kausi -n\u00e4yttelij\u00f6ist\u00e4 tuli hyvi\u00e4 yst\u00e4vi\u00e4.\" alt=\"Kylm\u00e4 kausi, 2025, Kreeta Salminen.\" loading=\"lazy\" \/>            <\/p>\n<p>\n            Pitk\u00e4n hiihtovalmennuksen aikana Kylm\u00e4 kausi -n\u00e4yttelij\u00f6ist\u00e4 tuli hyvi\u00e4 yst\u00e4vi\u00e4.<br \/>\n            Numi Nummelin\/Sanoma\n        <\/p>\n<p class=\"article-content article-content-width !bg-background\">Rooli Kylm\u00e4 kausi -sarjassa on eitt\u00e4m\u00e4tt\u00e4 Kreetan t\u00e4h\u00e4nastisen uran fyysisin rooli kameran edess\u00e4. Teatterissa h\u00e4n on tehnyt kehollisia rooleja, mutta roolit ovat sis\u00e4lt\u00e4neet tuttua ja rakasta tanssia.<\/p>\n<p class=\"article-content article-content-width !bg-background\">Kahden vuoden hiihtotreeni ei tehnyt Kreetasta ammattihiiht\u00e4j\u00e4\u00e4 mutta lajin intohimoisen harrastajan kyll\u00e4kin.<\/p>\n<p class=\"article-content article-content-width !bg-background\">\u2013\tOlen aivan koukussa lajiin. Nyt odotan, ett\u00e4 tulisi lunta. Kun olin Ivalon kolmannen kauden kuvauksissa, otin sinne sukset mukaan ja hiihdin Inarij\u00e4rvell\u00e4. Olen tosi hurahtanut.<\/p>\n<p class=\"article-content article-content-width !bg-background\">\u2013\tSeh\u00e4n t\u00e4ss\u00e4 uudessa harrastuksessa on my\u00f6s ihanaa, ett\u00e4 minulla on monen suomalaisen tavoin taipumus kaamosmasennukseen. Vaivun omiin oloihini, v\u00e4sytt\u00e4\u00e4 enk\u00e4 jaksa mit\u00e4\u00e4n. Kahden viime talven aikana olen huomannut saaneeni laduilla energiaa, n\u00e4yttelij\u00e4 kertoo.<\/p>\n<p>Lonkkaleikkaus edess\u00e4\u00a0<\/p>\n<p class=\"article-content article-content-width !bg-background\">Himourheilijaksi Kreeta ei itse\u00e4\u00e4n tunnista, sill\u00e4 h\u00e4n nauttii my\u00f6s laiskottelusta.<\/p>\n<p class=\"article-content article-content-width !bg-background\">\u2013\tRakastan l\u00f6h\u00f6ily\u00e4. Kun seuraavan kerran minulta kysyt\u00e4\u00e4n harrastuksiani, sanon l\u00f6h\u00f6\u00e4minen. Minulle ei tuota mit\u00e4\u00e4n ongelmaa maata viikkoa, Kreeta nauraa.<\/p>\n<p>        <a itemprop=\"url\" href=\"https:\/\/www.seiska.fi\/katso\/esko-salminen-myontaa-lastensa-joutuvan-karsimaan-ylimaaraisista-paineista-pojalla-tyttaria-pahemmat\/119835\" rel=\"nofollow noopener\" target=\"_blank\"><\/p>\n<p>\nHaastattelu\n<\/p>\n<p class=\"section-date\">\n        <strong class=\"article-section\" data-section=\"katso\"><br \/>\n            katso<br \/>\n        <\/strong><br \/>\n        28.3.2023 11:12\n    <\/p>\n<p>Esko Salminen my\u00f6nt\u00e4\u00e4 lastensa joutuvan k\u00e4rsim\u00e4\u00e4n ylim\u00e4\u00e4r\u00e4isist\u00e4 paineista: \u201dPojalla tytt\u00e4ri\u00e4 pahemmat\u201d\n    <\/p>\n<p>        <\/a><\/p>\n<p class=\"article-content article-content-width !bg-background\">S\u00e4ngyn pohjalle n\u00e4yttelij\u00e4 ei kuitenkaan j\u00e4\u00e4, sill\u00e4 keho tarvitsee liikett\u00e4 pysy\u00e4kseen toimintakykyisen\u00e4.<\/p>\n<p class=\"article-content article-content-width !bg-background\">\u2013\tSamaan aikaan kun Kylm\u00e4\u00e4 kautta roolitettiin, minulla todettiin nivelrikko oikeassa lonkassani. Leikkaus on jossain vaiheesssa edess\u00e4.\u00a0Se on v\u00e4lill\u00e4 kivulias, joten kehoa pit\u00e4\u00e4 huoltaa.\u00a0<\/p>\n<p class=\"article-content article-content-width !bg-background\">\u2013\u00a0Kuntosali, laitepilates ja k\u00e4vely ovat rauhallisia lajeja. Tanssin parhaillaan teatterissa, mutta huomaan, miten se kuluttaa.<\/p>\n<p class=\"article-content article-content-width !bg-background\">Kun el\u00e4m\u00e4 ottaa koville, Kreeta hakee tukea rakkaista ihmisist\u00e4\u00e4n.<\/p>\n<p class=\"article-content article-content-width !bg-background\">\u2013\tTurvaudun ihan hirve\u00e4sti yst\u00e4viini ja l\u00e4heisiini. Minulla on my\u00f6s maailman ihanin agentti, joka auttaa ja tukee. Kun el\u00e4m\u00e4ss\u00e4 on paineita, olen i\u00e4n my\u00f6t\u00e4 alkanut pyrki\u00e4 hyv\u00e4ntuulisuuteen. Vaikka el\u00e4m\u00e4ss\u00e4 olisi paineita, en kanna niit\u00e4 mukanani t\u00f6ihin, vaan pyrin pit\u00e4m\u00e4\u00e4n mieleni virke\u00e4n\u00e4.\u00a0\u00a0<\/p>\n<p>                <img decoding=\"async\" src=\"https:\/\/www.europesays.com\/fi\/wp-content\/uploads\/2025\/12\/2008797.webp\" width=\"576\" height=\"720\" alt=\"Kreetan t\u00e4hditt\u00e4m\u00e4 n\u00e4ytelm\u00e4 Hyenans dagar pohjautuu osittain Saara Turusen kirjaan Hyeenan p\u00e4iv\u00e4t (Tammi, 2024).\" loading=\"lazy\" \/>            <\/p>\n<p>\n            Kreetan t\u00e4hditt\u00e4m\u00e4 n\u00e4ytelm\u00e4 Hyenans dagar pohjautuu osittain Saara Turusen kirjaan Hyeenan p\u00e4iv\u00e4t (Tammi, 2024).<br \/>\n            Mitro H\u00e4rk\u00f6nen\/Lilla Teatern\/Helsingin Kaupunginteatteri\n        <\/p>\n<p class=\"article-content article-content-width !bg-background\">Kreeta on julkisesti puhunut kulttuurialan ahdingosta ja omista ty\u00f6tt\u00f6mist\u00e4 kausistaan. Menneen syksyn h\u00e4n on n\u00e4ytellyt Helsingin Kaupunginteatterin ruotsinkielisell\u00e4 Lilla Teaternin n\u00e4ytt\u00e4m\u00f6ll\u00e4 n\u00e4ytelm\u00e4ss\u00e4 Hyenans dagar.<\/p>\n<p class=\"article-content article-content-width !bg-background\">Ensi vuodelle h\u00e4nell\u00e4 on alustavasti sovittu muutamia ty\u00f6p\u00e4ivi\u00e4, jotka kuitenkaan eiv\u00e4t ole viel\u00e4 varmoja.\u00a0<\/p>\n<p class=\"article-content article-content-width !bg-background\">\u2013\tT\u00e4ytyy sanoa, ett\u00e4 l\u00e4hipiiriss\u00e4ni moni aiemmin kysytty n\u00e4yttelij\u00e4 on vaihtamassa alaa. Kyll\u00e4 itsekin sit\u00e4 pohdin. Ehk\u00e4 olisi yksi juttu, mutta en halua viel\u00e4 sanoa siit\u00e4 enemp\u00e4\u00e4.<\/p>\n<p class=\"article-content article-content-width !bg-background\">\u2013 Pit\u00e4\u00e4 vain toivoa, ett\u00e4 n\u00e4it\u00e4 kammottavia aikoja seuraisivat paremmat ajat. Aiemmin on aina seurannut, joten uskon, ett\u00e4 niin tapahtuu nytkin, Kreeta toteaa.\u00a0<\/p>\n<p class=\"article-content article-content-width !bg-background\">Kylm\u00e4 kausi alkaa Yle Areenassa torstaina 1. tammikuuta ja TV1:ll\u00e4 sunnuntaina 4. tammikuuta.<\/p>\n<p>        <a itemprop=\"url\" href=\"https:\/\/www.seiska.fi\/katso\/eero-milonoffin-suku-kuhisee-nayttelijoita-namakin-televisiosta-ja-elokuvista-tutut-tahdet-ovat-sukulaisia\/1313153\" rel=\"nofollow noopener\" target=\"_blank\"><\/p>\n<p class=\"section-date\">\n        <strong class=\"article-section\" data-section=\"katso\"><br \/>\n            katso<br \/>\n        <\/strong><br \/>\n        6.4.2024 07:15\n    <\/p>\n<p>Eero Milonoffin suku kuhisee n\u00e4yttelij\u00f6it\u00e4 &#8211; n\u00e4m\u00e4kin televisiosta ja elokuvista tutut t\u00e4hdet ovat sukulaisia\n    <\/p>\n<p itemprop=\"description\" class=\"subtitle \">\n    Tiesitk\u00f6, ett\u00e4 Mikko Leppilammella on kytk\u00f6ksi\u00e4 Kummeliin tai mik\u00e4 sukulaisyhteys Esko Roineella on Kari V\u00e4\u00e4n\u00e4seen?\n<\/p>\n<p>        <\/a><\/p>\n","protected":false},"excerpt":{"rendered":"Kylm\u00e4 kausi on fiktiivinen draamatrilleri, johon k\u00e4sikirjoittaja on tehnyt runsaasti taustaty\u00f6t\u00e4 ja ammentanut tarinan ainekset tosiel\u00e4m\u00e4st\u00e4. Sarja alkaa&hellip;\n","protected":false},"author":2,"featured_media":127072,"comment_status":"","ping_status":"","sticky":false,"template":"","format":"standard","meta":{"footnotes":""},"categories":[130],"tags":[15355,22523,13235,22522,137,33,31,30,2382,8227,6086,2095,17014,22520,22519,18053,12224,22518,9932,22517,22516,22515,1342,22521,20524,22525,22526,22527,3893,22528,32,167,2212,344,160,109,22529,22524],"class_list":{"0":"post-127071","1":"post","2":"type-post","3":"status-publish","4":"format-standard","5":"has-post-thumbnail","7":"category-viihde","8":"tag-aino-kaisa-saarinen","9":"tag-akseli-tuomivaara","10":"tag-antti-virmavirta","11":"tag-edit-williams","12":"tag-entertainment","13":"tag-fi","14":"tag-finland","15":"tag-finnish","16":"tag-haastattelu","17":"tag-harrastus","18":"tag-helsingin-kaupunginteatteri","19":"tag-hiihto","20":"tag-huippu-urheilu","21":"tag-jemina-jokisalo","22":"tag-kaamosmasennus","23":"tag-karim-rapatti","24":"tag-kerttu-niskanen","25":"tag-kreeta-salminen","26":"tag-krista-parmakoski","27":"tag-kylma-kausi","28":"tag-marja-liisa-kirvesniemi","29":"tag-marjo-matikainen","30":"tag-nayttelija","31":"tag-nivelrikko","32":"tag-pelle-heikkila","33":"tag-petra-lumioksa","34":"tag-reetta-yla-rautio","35":"tag-roosa-soderholm","36":"tag-sairaus","37":"tag-sannah-nedergard","38":"tag-suomi","39":"tag-terveys","40":"tag-treeni","41":"tag-tv-sarja","42":"tag-urheilu","43":"tag-viihde","44":"tag-viktor-nystrom-skold","45":"tag-virpi-kuitunen"},"share_on_mastodon":{"url":"","error":"Validation failed: Text character limit of 500 exceeded"},"_links":{"self":[{"href":"https:\/\/www.europesays.com\/fi\/wp-json\/wp\/v2\/posts\/127071","targetHints":{"allow":["GET"]}}],"collection":[{"href":"https:\/\/www.europesays.com\/fi\/wp-json\/wp\/v2\/posts"}],"about":[{"href":"https:\/\/www.europesays.com\/fi\/wp-json\/wp\/v2\/types\/post"}],"author":[{"embeddable":true,"href":"https:\/\/www.europesays.com\/fi\/wp-json\/wp\/v2\/users\/2"}],"replies":[{"embeddable":true,"href":"https:\/\/www.europesays.com\/fi\/wp-json\/wp\/v2\/comments?post=127071"}],"version-history":[{"count":0,"href":"https:\/\/www.europesays.com\/fi\/wp-json\/wp\/v2\/posts\/127071\/revisions"}],"wp:featuredmedia":[{"embeddable":true,"href":"https:\/\/www.europesays.com\/fi\/wp-json\/wp\/v2\/media\/127072"}],"wp:attachment":[{"href":"https:\/\/www.europesays.com\/fi\/wp-json\/wp\/v2\/media?parent=127071"}],"wp:term":[{"taxonomy":"category","embeddable":true,"href":"https:\/\/www.europesays.com\/fi\/wp-json\/wp\/v2\/categories?post=127071"},{"taxonomy":"post_tag","embeddable":true,"href":"https:\/\/www.europesays.com\/fi\/wp-json\/wp\/v2\/tags?post=127071"}],"curies":[{"name":"wp","href":"https:\/\/api.w.org\/{rel}","templated":true}]}}