{"id":127077,"date":"2025-12-27T12:47:12","date_gmt":"2025-12-27T12:47:12","guid":{"rendered":"https:\/\/www.europesays.com\/fi\/127077\/"},"modified":"2025-12-27T12:47:12","modified_gmt":"2025-12-27T12:47:12","slug":"kuvat-vuokralainen-jatti-asunnon-kuvottavaan-kuntoon-helsingissa","status":"publish","type":"post","link":"https:\/\/www.europesays.com\/fi\/127077\/","title":{"rendered":"Kuvat: Vuokralainen j\u00e4tti asunnon kuvottavaan kuntoon Helsingiss\u00e4"},"content":{"rendered":"<p>Asuntoon pesiytyi tuholaisia, ja haju oli hirve\u00e4. Kauhuvuokralainen joutuu kaivamaan kuvetta l\u00e4hes 11\u202f000 euron edest\u00e4.<\/p>\n<p class=\"article-body mb-nof-24 px-nof-16\">Tapahtuma-aikaan 39-vuotias mies aiheutti vuokra-asunnossaan Helsingin Puotilassa tuhansien eurojen vahingot vuosina 2023 ja 2024.<\/p>\n<p class=\"article-body mb-nof-24 px-nof-16\">Miest\u00e4 syytettiin Helsingin k\u00e4r\u00e4j\u00e4oikeudessa vahingonteosta. Syytteen mukaan h\u00e4n rikkoi asunnon tuuletusikkunan lasin ja lieden, sotki asuntoa kauttaaltaan ja j\u00e4tti ruokaa pilaantumaan.<\/p>\n<p class=\"article-body mb-nof-24 px-nof-16\">Asuntoon pesiytyi tuholaishy\u00f6nteisi\u00e4 ja syntyi hajuhaittoja.<\/p>\n<p><img decoding=\"async\" src=\"https:\/\/www.europesays.com\/fi\/wp-content\/uploads\/2025\/12\/1766839629_233_468.jpg\" alt=\"Asunnon j\u00e4\u00e4kaappi oli karmeassa kunnossa.\" class=\"_Img_1rerz_1\" style=\"aspect-ratio:0.7390625\" loading=\"eager\"\/><\/p>\n<p class=\"article-picture-caption\">Asunnon j\u00e4\u00e4kaappi oli karmeassa kunnossa. Kuva:\u00a0Poliisi<\/p>\n<p><img decoding=\"async\" src=\"https:\/\/www.europesays.com\/fi\/wp-content\/uploads\/2025\/12\/1766839630_143_468.jpg\" alt=\"Tuhohy\u00f6nteisi\u00e4 oli my\u00f6s lattiamateriaalin alla.\" class=\"_Img_1rerz_1\" style=\"aspect-ratio:0.7390625\" loading=\"eager\"\/><\/p>\n<p class=\"article-picture-caption\">Tuhohy\u00f6nteisi\u00e4 oli my\u00f6s lattiamateriaalin alla. Kuva:\u00a0Poliisi<\/p>\n<p class=\"article-body mb-nof-24 px-nof-16\">Vuokranantaja, asunnon omistanut nainen kertoi oikeudessa, ett\u00e4 naapuri oli valittanut hajuhaitoista ja lis\u00e4ksi syytetyll\u00e4 vuokralaisella oli maksur\u00e4stej\u00e4, mutta asunnon t\u00e4ystuho tuli asukkaan h\u00e4\u00e4d\u00f6n j\u00e4lkeen silti yll\u00e4tyksen\u00e4.<\/p>\n<p class=\"article-body mb-nof-24 px-nof-16\">Asunnossa oli hy\u00f6nteisi\u00e4, j\u00e4tteit\u00e4 ja valumaj\u00e4lki\u00e4. Asunnossa t\u00e4ytyi tehd\u00e4 siivous, raivaus ja otsonointi. My\u00f6s kodinkoneet oli pakko uusia.<\/p>\n<p class=\"article-body mb-nof-24 px-nof-16\">Lattioiden alla oli hy\u00f6nteisten raatoja, ja myrkytt\u00e4j\u00e4 oli ohjeistanut, ett\u00e4 lattialistat pit\u00e4\u00e4 poistaa. Asunnossa oli tupakoitu, joten siell\u00e4 piti maalata hajusulkumaalilla.<\/p>\n<p><img decoding=\"async\" src=\"https:\/\/www.europesays.com\/fi\/wp-content\/uploads\/2025\/12\/1766839630_389_468.jpg\" alt=\"Hella ja v\u00e4litila on poltettu pilalle.\" class=\"_Img_1rerz_1\" style=\"aspect-ratio:0.828125\" loading=\"eager\"\/><\/p>\n<p class=\"article-picture-caption\">Hella ja v\u00e4litila on poltettu pilalle. Kuva:\u00a0Poliisi<\/p>\n<p><img decoding=\"async\" src=\"https:\/\/www.europesays.com\/fi\/wp-content\/uploads\/2025\/12\/1766839630_264_468.jpg\" alt=\"Keitti\u00f6ss\u00e4 oli pilaantuneita elintarvikkeita.\" class=\"_Img_1rerz_1\" style=\"aspect-ratio:0.7546875\" loading=\"eager\"\/><\/p>\n<p class=\"article-picture-caption\">Keitti\u00f6ss\u00e4 oli pilaantuneita elintarvikkeita. Kuva:\u00a0Poliisi<\/p>\n<p class=\"article-body mb-nof-24 px-nof-16\">Vuokranantaja kertoi, ett\u00e4 oli joutunut k\u00e4ytt\u00e4m\u00e4\u00e4n asunnon kunnostamiseen my\u00f6s omaa aikaansa ainakin 30 tuntia, koska oli joutunut hankkimaan remonttifirman, hankkimaan tarvikkeita, p\u00e4\u00e4st\u00e4m\u00e4\u00e4n ty\u00f6ntekij\u00f6it\u00e4 sis\u00e4\u00e4n ja myrkytt\u00e4m\u00e4\u00e4n asuntoa ennen siivoojien tuloa.<\/p>\n<p class=\"article-body mb-nof-24 px-nof-16\">H\u00e4n oli joutunut olemaan poissa t\u00f6ist\u00e4 saadakseen asiat hoidettua.<\/p>\n<p><img decoding=\"async\" src=\"https:\/\/www.europesays.com\/fi\/wp-content\/uploads\/2025\/12\/1766839631_415_468.jpg\" alt=\"My\u00f6s vessa oli sotkuinen.\" class=\"_Img_1rerz_1\" style=\"aspect-ratio:0.7104166666666667\" loading=\"eager\"\/><\/p>\n<p class=\"article-picture-caption\">My\u00f6s vessa oli sotkuinen. Kuva:\u00a0Poliisi<\/p>\n<p><img decoding=\"async\" src=\"https:\/\/www.europesays.com\/fi\/wp-content\/uploads\/2025\/12\/1766839631_897_468.jpg\" alt=\"T\u00e4lt\u00e4 n\u00e4ytti asunnon keitti\u00f6ss\u00e4.\" class=\"_Img_1rerz_1\" style=\"aspect-ratio:1.4468726450640543\" loading=\"eager\"\/><\/p>\n<p class=\"article-picture-caption\">T\u00e4lt\u00e4 n\u00e4ytti asunnon keitti\u00f6ss\u00e4. Kuva:\u00a0Poliisi<\/p>\n<p class=\"article-body mb-nof-24 px-nof-16\">Syytetty my\u00f6nsi poliisin esitutkinnassa, ett\u00e4 oli j\u00e4tt\u00e4nyt asunnon sellaiseen kuntoon kuin esitutkintap\u00f6yt\u00e4kirjan valokuvista ilmeni. H\u00e4n my\u00f6nsi syyllistyneens\u00e4 vahingontekoon ja aiheuttaneensa asunnolle merkitt\u00e4v\u00e4\u00e4 vahinkoa.<\/p>\n<p class=\"article-body mb-nof-24 px-nof-16\">K\u00e4r\u00e4j\u00e4oikeus katsoi syytteen n\u00e4ytetyksi toteen. Oikeus katsoi, ett\u00e4 teko ei ollut sovitettavissa sakolla, kun otettiin huomioon pitk\u00e4 tekoaika ja vahinkojen m\u00e4\u00e4r\u00e4.<\/p>\n<p><img decoding=\"async\" src=\"https:\/\/www.europesays.com\/fi\/wp-content\/uploads\/2025\/12\/1766839631_285_468.jpg\" alt=\"Asunto oli hyvin sotkuisessa kunnossa.\" class=\"_Img_1rerz_1\" style=\"aspect-ratio:0.8526041666666667\" loading=\"eager\"\/><\/p>\n<p class=\"article-picture-caption\">Asunto oli hyvin sotkuisessa kunnossa. Kuva:\u00a0Poliisi<\/p>\n<p class=\"article-body mb-nof-24 px-nof-16\">Helsingin k\u00e4r\u00e4j\u00e4oikeus tuomitsi nykyisin 41-vuotiaan miehen vahingonteosta 30 p\u00e4iv\u00e4ksi ehdolliseen vankeuteen.<\/p>\n<p class=\"article-body mb-nof-24 px-nof-16\">Oikeus m\u00e4\u00e4r\u00e4si miehen my\u00f6s korvaamaan vuokranantajalle aiheutuneet kustannukset kokonaisuudessaan.<\/p>\n<p class=\"article-body mb-nof-24 px-nof-16\">H\u00e4net m\u00e4\u00e4r\u00e4ttiin maksamaan vuokranantajalleen esinevahingoista ja muusta taloudellisesta vahingosta yhteens\u00e4 noin 10\u202f960 euroa korvauksia viiv\u00e4styskorkoineen.<\/p>\n<p class=\"article-body mb-nof-24 px-nof-16\">Joulukuun alussa annettu tuomio on lainvoimainen.<\/p>\n<p><img decoding=\"async\" src=\"https:\/\/www.europesays.com\/fi\/wp-content\/uploads\/2025\/12\/1766839632_417_468.jpg\" alt=\"Tuuletusikkuna oli rikottu.\" class=\"_Img_1rerz_1\" style=\"aspect-ratio:0.7833333333333333\" loading=\"eager\"\/><\/p>\n<p class=\"article-picture-caption\">Tuuletusikkuna oli rikottu. Kuva:\u00a0Poliisi<\/p>\n","protected":false},"excerpt":{"rendered":"Asuntoon pesiytyi tuholaisia, ja haju oli hirve\u00e4. Kauhuvuokralainen joutuu kaivamaan kuvetta l\u00e4hes 11\u202f000 euron edest\u00e4. Tapahtuma-aikaan 39-vuotias mies&hellip;\n","protected":false},"author":2,"featured_media":127078,"comment_status":"","ping_status":"","sticky":false,"template":"","format":"standard","meta":{"footnotes":""},"categories":[12],"tags":[22,23,26,27,33,31,30,17,34,24,25,28,29,15,18,21,32,19,20,16],"class_list":{"0":"post-127077","1":"post","2":"type-post","3":"status-publish","4":"format-standard","5":"has-post-thumbnail","7":"category-suomi","8":"tag-breaking-news","9":"tag-breakingnews","10":"tag-featured-news","11":"tag-featurednews","12":"tag-fi","13":"tag-finland","14":"tag-finnish","15":"tag-headlines","16":"tag-ilta-sanomat","17":"tag-latest-news","18":"tag-latestnews","19":"tag-main-news","20":"tag-mainnews","21":"tag-news","22":"tag-otsikot","23":"tag-paauutiset","24":"tag-suomi","25":"tag-top-stories","26":"tag-topstories","27":"tag-uutiset"},"share_on_mastodon":{"url":"https:\/\/pubeurope.com\/@fi\/115791609869227933","error":""},"_links":{"self":[{"href":"https:\/\/www.europesays.com\/fi\/wp-json\/wp\/v2\/posts\/127077","targetHints":{"allow":["GET"]}}],"collection":[{"href":"https:\/\/www.europesays.com\/fi\/wp-json\/wp\/v2\/posts"}],"about":[{"href":"https:\/\/www.europesays.com\/fi\/wp-json\/wp\/v2\/types\/post"}],"author":[{"embeddable":true,"href":"https:\/\/www.europesays.com\/fi\/wp-json\/wp\/v2\/users\/2"}],"replies":[{"embeddable":true,"href":"https:\/\/www.europesays.com\/fi\/wp-json\/wp\/v2\/comments?post=127077"}],"version-history":[{"count":0,"href":"https:\/\/www.europesays.com\/fi\/wp-json\/wp\/v2\/posts\/127077\/revisions"}],"wp:featuredmedia":[{"embeddable":true,"href":"https:\/\/www.europesays.com\/fi\/wp-json\/wp\/v2\/media\/127078"}],"wp:attachment":[{"href":"https:\/\/www.europesays.com\/fi\/wp-json\/wp\/v2\/media?parent=127077"}],"wp:term":[{"taxonomy":"category","embeddable":true,"href":"https:\/\/www.europesays.com\/fi\/wp-json\/wp\/v2\/categories?post=127077"},{"taxonomy":"post_tag","embeddable":true,"href":"https:\/\/www.europesays.com\/fi\/wp-json\/wp\/v2\/tags?post=127077"}],"curies":[{"name":"wp","href":"https:\/\/api.w.org\/{rel}","templated":true}]}}