{"id":127081,"date":"2025-12-27T13:00:11","date_gmt":"2025-12-27T13:00:11","guid":{"rendered":"https:\/\/www.europesays.com\/fi\/127081\/"},"modified":"2025-12-27T13:00:11","modified_gmt":"2025-12-27T13:00:11","slug":"olga-temonen-ehdolla-palkintogaalassa-tuukka-temoselta-toive","status":"publish","type":"post","link":"https:\/\/www.europesays.com\/fi\/127081\/","title":{"rendered":"Olga Temonen ehdolla palkintogaalassa \u2013 Tuukka Temoselta toive"},"content":{"rendered":"<p>Olga Temonen on ehdolla Kultainen Venla -gaalan yleis\u00f6\u00e4\u00e4nestyksess\u00e4.<\/p>\n<p><img decoding=\"async\" class=\"image image-show image-preview\" src=\"https:\/\/www.europesays.com\/fi\/wp-content\/uploads\/2025\/12\/483719ccd0ae3c6292bb152e3de961741a2c5581bc7edd67bcb3e3e98e61225f.jpg\" alt=\"\"\/><img decoding=\"async\" class=\"image image-show\" src=\"https:\/\/www.europesays.com\/fi\/wp-content\/uploads\/2025\/12\/1766840411_184_483719ccd0ae3c6292bb152e3de961741a2c5581bc7edd67bcb3e3e98e61225f.jpg\" alt=\"\"\/><\/p>\n<p>Olga Temonen kuoli marraskuussa.  Pete Anikari<\/p>\n<p class=\"paragraph\">Marraskuussa kuollut n\u00e4yttelij\u00e4 <a href=\"https:\/\/www.iltalehti.fi\/henkilot\/Olga Temonen\" class=\"article-link-person-page\" rel=\"nofollow noopener\" target=\"_blank\">Olga Temonen<\/a> on ehdolla <a href=\"https:\/\/www.kultainenvenla.fi\/kultainen-venla\/kultainen-venla-esiintyjaehdokkaat\/\" rel=\"noopener nofollow\" target=\"_blank\">Kultainen Venla<\/a> -palkinnon saajaksi.<\/p>\n<p class=\"paragraph\">Olga on ehdolla vuoden esiintyj\u00e4ksi yleis\u00f6\u00e4\u00e4nestyksess\u00e4. Ehdokkuus koskee Harjunp\u00e4\u00e4-sarjaa, jossa Olga n\u00e4ytteli murharyhm\u00e4n tutkijaa Onerva Nyk\u00e4st\u00e4.<\/p>\n<p class=\"paragraph\">Olga Temosen leski <a href=\"https:\/\/www.iltalehti.fi\/henkilot\/Tuukka Temonen\" class=\"article-link-person-page\" rel=\"nofollow noopener\" target=\"_blank\">Tuukka Temonen<\/a> jakoi Instagramin tarinaosiossa tiedon Olgan ehdokkuudesta. Tarinat ovat katsottavissa 24 tuntia julkaisustaan.<\/p>\n<p class=\"paragraph\">\u2013 Meid\u00e4n Olga viel\u00e4 viimeisen kerran ehdolla Kultaisen Venlan saajaksi, Tuukka kirjoittaa.<\/p>\n<p class=\"paragraph\">\u2013 Ois kiva, jos voittaisi, h\u00e4n jatkaa.<\/p>\n<p class=\"paragraph\">Kultaisen Venlan yleis\u00f6\u00e4\u00e4nestys on auki 13. tammikuuta asti. Itse gaala j\u00e4rjestet\u00e4\u00e4n 23. tammikuuta.<\/p>\n<p class=\"paragraph\">Olga Temonen kuoli 17. marraskuuta kotonaan Iitiss\u00e4. Olga sairasti aivosy\u00f6p\u00e4\u00e4. Kuollessaan h\u00e4n oli 47-vuotias.<\/p>\n","protected":false},"excerpt":{"rendered":"Olga Temonen on ehdolla Kultainen Venla -gaalan yleis\u00f6\u00e4\u00e4nestyksess\u00e4. Olga Temonen kuoli marraskuussa. Pete Anikari Marraskuussa kuollut n\u00e4yttelij\u00e4 Olga&hellip;\n","protected":false},"author":2,"featured_media":127082,"comment_status":"","ping_status":"","sticky":false,"template":"","format":"standard","meta":{"footnotes":""},"categories":[136],"tags":[35,153,407,137,33,31,30,408,718,32,485,484,140,109],"class_list":{"0":"post-127081","1":"post","2":"type-post","3":"status-publish","4":"format-standard","5":"has-post-thumbnail","7":"category-julkkikset","8":"tag-24h","9":"tag-audiovisuaalinen-media","10":"tag-celebrities","11":"tag-entertainment","12":"tag-fi","13":"tag-finland","14":"tag-finnish","15":"tag-julkkikset","16":"tag-nayttamotaide","17":"tag-suomi","18":"tag-taide-yleista","19":"tag-taiteellinen-ilmaisu-ja-mediat","20":"tag-tv-ja-elokuvat","21":"tag-viihde"},"share_on_mastodon":{"url":"https:\/\/pubeurope.com\/@fi\/115791661020821212","error":""},"_links":{"self":[{"href":"https:\/\/www.europesays.com\/fi\/wp-json\/wp\/v2\/posts\/127081","targetHints":{"allow":["GET"]}}],"collection":[{"href":"https:\/\/www.europesays.com\/fi\/wp-json\/wp\/v2\/posts"}],"about":[{"href":"https:\/\/www.europesays.com\/fi\/wp-json\/wp\/v2\/types\/post"}],"author":[{"embeddable":true,"href":"https:\/\/www.europesays.com\/fi\/wp-json\/wp\/v2\/users\/2"}],"replies":[{"embeddable":true,"href":"https:\/\/www.europesays.com\/fi\/wp-json\/wp\/v2\/comments?post=127081"}],"version-history":[{"count":0,"href":"https:\/\/www.europesays.com\/fi\/wp-json\/wp\/v2\/posts\/127081\/revisions"}],"wp:featuredmedia":[{"embeddable":true,"href":"https:\/\/www.europesays.com\/fi\/wp-json\/wp\/v2\/media\/127082"}],"wp:attachment":[{"href":"https:\/\/www.europesays.com\/fi\/wp-json\/wp\/v2\/media?parent=127081"}],"wp:term":[{"taxonomy":"category","embeddable":true,"href":"https:\/\/www.europesays.com\/fi\/wp-json\/wp\/v2\/categories?post=127081"},{"taxonomy":"post_tag","embeddable":true,"href":"https:\/\/www.europesays.com\/fi\/wp-json\/wp\/v2\/tags?post=127081"}],"curies":[{"name":"wp","href":"https:\/\/api.w.org\/{rel}","templated":true}]}}