{"id":127087,"date":"2025-12-27T13:08:10","date_gmt":"2025-12-27T13:08:10","guid":{"rendered":"https:\/\/www.europesays.com\/fi\/127087\/"},"modified":"2025-12-27T13:08:10","modified_gmt":"2025-12-27T13:08:10","slug":"prinssi-daniel-joutui-jattamaan-entisen-elamansa","status":"publish","type":"post","link":"https:\/\/www.europesays.com\/fi\/127087\/","title":{"rendered":"Prinssi Daniel joutui j\u00e4tt\u00e4m\u00e4\u00e4n entisen el\u00e4m\u00e4ns\u00e4"},"content":{"rendered":"<p>            Sara Friberg\/The Royal Court of Sweden\n        <\/p>\n<p class=\"subtitle \">Kun Daniel liittyi Ruotsin kuninkaalliseen perheeseen, h\u00e4n joutui j\u00e4tt\u00e4m\u00e4\u00e4n entisen el\u00e4m\u00e4ns\u00e4 taakseen.<\/p>\n<p class=\"article-content article-content-width !bg-background\">Ruotsin prinssi , 52, oli aivan tavallinen el\u00e4m\u00e4 ennen kuin h\u00e4n astui kuninkaalliseen maailmaan.\u00a0<\/p>\n<p class=\"font-weight-bold m-font-weight-bold article-content article-content-width !bg-background\">Katso arkistovideo: Kruununprinsessa Victorian yll\u00e4tt\u00e4v\u00e4 hellyydenpuuska<\/p>\n<p class=\"article-content article-content-width !bg-background\">Daniel kasvoi Ockelbossa ja rakasti liikkua ja olla ulkona.\u00a0Se, mit\u00e4 h\u00e4nen lapsuudessaan rakentui, tuli my\u00f6hemmin olemaan t\u00e4rke\u00e4 osa h\u00e4nen ty\u00f6el\u00e4m\u00e4\u00e4ns\u00e4.\u00a0<\/p>\n<p class=\"article-content article-content-width !bg-background\">Ennen kuin Daniel tapasi kruununprinsessa , 48, h\u00e4n py\u00f6ritti Master Training -nimist\u00e4 kuntosaliketjua \u00d6stermalmilla ja toimi useiden julkkisten henkil\u00f6kohtaisena valmentajana.<\/p>\n<p>        <a itemprop=\"url\" href=\"https:\/\/www.seiska.fi\/kuninkaalliset\/oho-prinssi-daniel-pisti-haisemaan-pelaa-kymppitonneilla-salatulla-kerholla\/2001973\" rel=\"nofollow noopener\" target=\"_blank\"><\/p>\n<p>\nPelaa kymppitonneilla mystisell\u00e4 klubilla\n<\/p>\n<p class=\"section-date\">\n        <strong class=\"article-section\" data-section=\"kuninkaalliset\"><br \/>\n            kuninkaalliset<br \/>\n        <\/strong><br \/>\n        25.11. 19:30\n    <\/p>\n<p>Oho, prinssi Daniel pisti haisemaan \u2013 pelaa kymppitonneilla salatulla kerholla\n    <\/p>\n<p itemprop=\"description\" class=\"subtitle \">\n    Daniel treenaa kuin ammattilainen ja n\u00e4ytt\u00e4\u00e4 taitojaan j\u00e4seni\u00e4\u00e4n suojaavalla klubilla.\n<\/p>\n<p>        <\/a><\/p>\n<p class=\"article-content article-content-width !bg-background\">Mutta kun h\u00e4n l\u00f6ysi rakkauden Victoriasta, h\u00e4nen t\u00e4ytyi tehd\u00e4 tiettyj\u00e4 uhrauksia. Ennen h\u00e4it\u00e4 kruununprinsessan kanssa vuonna 2010 h\u00e4n j\u00e4tti el\u00e4m\u00e4ns\u00e4 kuntosalinomistajana ja menestyv\u00e4n\u00e4 yritt\u00e4j\u00e4n\u00e4, sill\u00e4 kuningas  kielsi h\u00e4nt\u00e4 olemasta osallisena mahdollisissa eturistiriidoissa.<\/p>\n<p>Tapasi Victorian kuntosalilla<\/p>\n<p class=\"article-content article-content-width !bg-background\">Daniel on sopeutunut ja onnistunut yhdist\u00e4m\u00e4\u00e4n suuren kiinnostuksensa liikuntaan, terveyteen ja yritt\u00e4jyyteen kuninkaallisen arkensa kanssa. Vuonna 2014 h\u00e4n lanseerasi Prins Daniels Fellowship -yritt\u00e4jyysohjelman yhteisty\u00f6ss\u00e4 Kuninkaallisen tekniikan akatemian kanssa.<\/p>\n<p class=\"article-content article-content-width !bg-background\">Vuosien varrella h\u00e4n on kertonut omista kokemuksistaan yritt\u00e4j\u00e4n\u00e4, ja kertonut erityisesti Master Training -kuntosaliketjusta \u00d6stermalmilla. Kyseess\u00e4 on paikka, jossa h\u00e4n my\u00f6s treenasi ja rakastui kruununprinsessa Victoriaan.<\/p>\n<p>        <a itemprop=\"url\" href=\"https:\/\/www.seiska.fi\/kuninkaalliset\/prinssi-danielille-kritiikkia\/1972638\" rel=\"nofollow noopener\" target=\"_blank\"><\/p>\n<p>\nTaas reissussa\n<\/p>\n<p class=\"section-date\">\n        <strong class=\"article-section\" data-section=\"kuninkaalliset\"><br \/>\n            kuninkaalliset<br \/>\n        <\/strong><br \/>\n        27.10. 08:29\n    <\/p>\n<p>Prinssi Danielille kritiikki\u00e4\n    <\/p>\n<p itemprop=\"description\" class=\"subtitle \">\n    Prinssin matkustustahti nosti esiin kysymyksen.\n<\/p>\n<p>        <\/a><\/p>\n<p>Daniel entisest\u00e4 el\u00e4m\u00e4st\u00e4\u00e4n<\/p>\n<p class=\"article-content article-content-width !bg-background\">SVT:n ohjelmassa \u00c5ret med kungfamiljen seurataan Danielia, kun h\u00e4n luennoi Fellowship-ohjelmansa puitteissa. Luennoilla h\u00e4n kertoo omasta matkastaan yritysmaailmassa, joka h\u00e4nelt\u00e4 kiellettiin, kun h\u00e4nest\u00e4 tuli prinssi.<\/p>\n<p class=\"article-content article-content-width !bg-background\">\u2013 Olin kuntosalialalla. Rakastin sit\u00e4. Oli todella innostavaa ty\u00f6skennell\u00e4 ihmisten terveyden parissa ja yhdess\u00e4 kahden parhaimman yst\u00e4v\u00e4ni kanssa, Daniel tunnelmoi.<\/p>\n<p class=\"article-content article-content-width !bg-background\">\u2013 Neuvoni, kun kyse on siit\u00e4, kenen kanssa kannattaa perustaa yritys, on yleens\u00e4, ett\u00e4 ihmisten, joiden kanssa on jo ty\u00f6skennellyt, jotta tiet\u00e4\u00e4, millaisia he ovat ty\u00f6el\u00e4m\u00e4ss\u00e4. Pelkk\u00e4 yst\u00e4vyys ei ehk\u00e4 ole paras idea, mutta meid\u00e4n tapauksessamme se toimi todella hyvin, h\u00e4n sanoi.<\/p>\n<p class=\"article-content article-content-width !bg-background\">\u2013 Minun motivaationi oli ty\u00f6skennell\u00e4 ihmisten ja terveyden parissa.<\/p>\n<p>        <a itemprop=\"url\" href=\"https:\/\/www.seiska.fi\/kuninkaalliset\/victoria-ja-daniel-saivat-maailmantahdet-sekaisin\/1964899\" rel=\"nofollow noopener\" target=\"_blank\"><\/p>\n<p>\nL\u00e4sn\u00e4olo loksautti leuat!\n<\/p>\n<p class=\"section-date\">\n        <strong class=\"article-section\" data-section=\"kuninkaalliset\"><br \/>\n            kuninkaalliset<br \/>\n        <\/strong><br \/>\n        16.10. 20:30\n    <\/p>\n<p>Victoria ja Daniel saivat maailmant\u00e4hdet sekaisin\n    <\/p>\n<p itemprop=\"description\" class=\"subtitle \">\n    Victoria ja Daniel ovat parhaillaan vierailulla Etel\u00e4-Koreassa.\n<\/p>\n<p>        <\/a><\/p>\n","protected":false},"excerpt":{"rendered":"Sara Friberg\/The Royal Court of Sweden Kun Daniel liittyi Ruotsin kuninkaalliseen perheeseen, h\u00e4n joutui j\u00e4tt\u00e4m\u00e4\u00e4n entisen el\u00e4m\u00e4ns\u00e4 taakseen.&hellip;\n","protected":false},"author":2,"featured_media":127088,"comment_status":"","ping_status":"","sticky":false,"template":"","format":"standard","meta":{"footnotes":""},"categories":[130],"tags":[137,33,31,30,2273,2272,8803,212,3533,10040,32,2212,109,4461],"class_list":{"0":"post-127087","1":"post","2":"type-post","3":"status-publish","4":"format-standard","5":"has-post-thumbnail","7":"category-viihde","8":"tag-entertainment","9":"tag-fi","10":"tag-finland","11":"tag-finnish","12":"tag-kruununprinsessa-victoria","13":"tag-kuningas-kaarle-kustaa","14":"tag-kuntosali","15":"tag-lifestyle","16":"tag-prinssi-daniel","17":"tag-ruotsin-kuninkaallinen-perhe","18":"tag-suomi","19":"tag-treeni","20":"tag-viihde","21":"tag-yrittaja"},"share_on_mastodon":{"url":"https:\/\/pubeurope.com\/@fi\/115791692009840139","error":""},"_links":{"self":[{"href":"https:\/\/www.europesays.com\/fi\/wp-json\/wp\/v2\/posts\/127087","targetHints":{"allow":["GET"]}}],"collection":[{"href":"https:\/\/www.europesays.com\/fi\/wp-json\/wp\/v2\/posts"}],"about":[{"href":"https:\/\/www.europesays.com\/fi\/wp-json\/wp\/v2\/types\/post"}],"author":[{"embeddable":true,"href":"https:\/\/www.europesays.com\/fi\/wp-json\/wp\/v2\/users\/2"}],"replies":[{"embeddable":true,"href":"https:\/\/www.europesays.com\/fi\/wp-json\/wp\/v2\/comments?post=127087"}],"version-history":[{"count":0,"href":"https:\/\/www.europesays.com\/fi\/wp-json\/wp\/v2\/posts\/127087\/revisions"}],"wp:featuredmedia":[{"embeddable":true,"href":"https:\/\/www.europesays.com\/fi\/wp-json\/wp\/v2\/media\/127088"}],"wp:attachment":[{"href":"https:\/\/www.europesays.com\/fi\/wp-json\/wp\/v2\/media?parent=127087"}],"wp:term":[{"taxonomy":"category","embeddable":true,"href":"https:\/\/www.europesays.com\/fi\/wp-json\/wp\/v2\/categories?post=127087"},{"taxonomy":"post_tag","embeddable":true,"href":"https:\/\/www.europesays.com\/fi\/wp-json\/wp\/v2\/tags?post=127087"}],"curies":[{"name":"wp","href":"https:\/\/api.w.org\/{rel}","templated":true}]}}