{"id":127093,"date":"2025-12-27T13:13:08","date_gmt":"2025-12-27T13:13:08","guid":{"rendered":"https:\/\/www.europesays.com\/fi\/127093\/"},"modified":"2025-12-27T13:13:08","modified_gmt":"2025-12-27T13:13:08","slug":"lapin-poliisilla-vilkas-tapaninpaiva-nyrkkitappeluita-ja-rattijuoppoja","status":"publish","type":"post","link":"https:\/\/www.europesays.com\/fi\/127093\/","title":{"rendered":"Lapin poliisilla vilkas tapaninp\u00e4iv\u00e4 \u2013\u202fnyrkkitappeluita ja rattijuoppoja"},"content":{"rendered":"<p class=\"article__paragraph\">\n      Lapin poliisin n\u00e4k\u00f6kulmasta tapaninp\u00e4iv\u00e4 oli vilkas.\n    <\/p>\n<p class=\"article__paragraph\">\n      Perjantaina p\u00e4iv\u00e4ll\u00e4 Kajaanintien ja Ounasrinteentien risteyksess\u00e4 sattui liikenneonnettomuus, miss\u00e4 oli osallisena kolme ajoneuvoa. Onnettomuuden syyksi ep\u00e4ill\u00e4\u00e4n yhden auton kuljettajan saamaa sairaskohtausta.\n    <\/p>\n<p class=\"article__paragraph\">\n      Perjantai-iltana poliisipartio sai h\u00e4t\u00e4keskukselta teht\u00e4v\u00e4n Kemiin, jossa ilmoituksen mukaan mukaan mies oli pahoinpidellyt kahta henkil\u00f6\u00e4.\n    <\/p>\n<p class=\"article__paragraph\">\n      Tapahtumapaikalla selvisi, ett\u00e4 mies oli repinyt naista hiuksista taloyhti\u00f6n pihalla. Toinen mies oli mennyt tilanteeseen v\u00e4liin, jolloin mies oli alkanut ly\u00f6m\u00e4\u00e4n nyrkein v\u00e4liin mennytt\u00e4 miest\u00e4. Poliisi otti pahoinpitelij\u00e4n kiinni rikoksesta ep\u00e4iltyn\u00e4 kahteen pahoinpitelyyn.\n    <\/p>\n<p class=\"article__paragraph\">\n      Mies jatkoi riehumistaan Kemin poliisivankilassa, miss\u00e4 h\u00e4n repi patjan rikki. Asiaa tutkitaan t\u00e4lt\u00e4 osin liev\u00e4n\u00e4 vahingontekona.\n    <\/p>\n<p>      Rattijuopumuksia Kemiss\u00e4 ja Kolarissa<\/p>\n<p class=\"article__paragraph\">\n      Lauantaiy\u00f6n\u00e4 poliisipartio pys\u00e4ytti Kemiss\u00e4 henkil\u00f6auton kuljettajan ajokunnon tarkastamiseksi. Auton kuljettajana toiminut nainen puhalsi seulonta-alkometriin nollatuloksen, mutta huumausainepikatesti osoitti positiivisen tuloksen amfetamiinille.\n    <\/p>\n<p class=\"article__paragraph\">\n      Nainen m\u00e4\u00e4r\u00e4ttiin v\u00e4liaikaiseen ajokieltoon ja h\u00e4nen ep\u00e4ill\u00e4\u00e4n syyllistyneen rattijuopumukseen ja huumausaineen k\u00e4ytt\u00f6rikokseen.\n    <\/p>\n<p class=\"article__paragraph\">\n      Lauantaina aamuy\u00f6ll\u00e4 Kemin keskustassa sijaitsevassa ravintolassa kaksi nuorta miest\u00e4 pahoinpiteliv\u00e4t toisiaan. Toinen miehist\u00e4 otettiin kiinni.\n    <\/p>\n<p class=\"article__paragraph\">\n      Aamuy\u00f6st\u00e4 Kolarin \u00c4k\u00e4slompolossa poliisipartio pys\u00e4ytti henkil\u00f6auton, jonka kuljettajan ep\u00e4ill\u00e4\u00e4n syyllistyneen t\u00f6rke\u00e4\u00e4n rattijuopumukseen.\n    <\/p>\n","protected":false},"excerpt":{"rendered":"Lapin poliisin n\u00e4k\u00f6kulmasta tapaninp\u00e4iv\u00e4 oli vilkas. Perjantaina p\u00e4iv\u00e4ll\u00e4 Kajaanintien ja Ounasrinteentien risteyksess\u00e4 sattui liikenneonnettomuus, miss\u00e4 oli osallisena kolme&hellip;\n","protected":false},"author":2,"featured_media":127094,"comment_status":"","ping_status":"","sticky":false,"template":"","format":"standard","meta":{"footnotes":""},"categories":[12],"tags":[22,23,26,27,33,31,30,17,24,25,28,29,15,18,21,32,19,20,16],"class_list":{"0":"post-127093","1":"post","2":"type-post","3":"status-publish","4":"format-standard","5":"has-post-thumbnail","7":"category-suomi","8":"tag-breaking-news","9":"tag-breakingnews","10":"tag-featured-news","11":"tag-featurednews","12":"tag-fi","13":"tag-finland","14":"tag-finnish","15":"tag-headlines","16":"tag-latest-news","17":"tag-latestnews","18":"tag-main-news","19":"tag-mainnews","20":"tag-news","21":"tag-otsikot","22":"tag-paauutiset","23":"tag-suomi","24":"tag-top-stories","25":"tag-topstories","26":"tag-uutiset"},"share_on_mastodon":{"url":"https:\/\/pubeurope.com\/@fi\/115791711748584906","error":""},"_links":{"self":[{"href":"https:\/\/www.europesays.com\/fi\/wp-json\/wp\/v2\/posts\/127093","targetHints":{"allow":["GET"]}}],"collection":[{"href":"https:\/\/www.europesays.com\/fi\/wp-json\/wp\/v2\/posts"}],"about":[{"href":"https:\/\/www.europesays.com\/fi\/wp-json\/wp\/v2\/types\/post"}],"author":[{"embeddable":true,"href":"https:\/\/www.europesays.com\/fi\/wp-json\/wp\/v2\/users\/2"}],"replies":[{"embeddable":true,"href":"https:\/\/www.europesays.com\/fi\/wp-json\/wp\/v2\/comments?post=127093"}],"version-history":[{"count":0,"href":"https:\/\/www.europesays.com\/fi\/wp-json\/wp\/v2\/posts\/127093\/revisions"}],"wp:featuredmedia":[{"embeddable":true,"href":"https:\/\/www.europesays.com\/fi\/wp-json\/wp\/v2\/media\/127094"}],"wp:attachment":[{"href":"https:\/\/www.europesays.com\/fi\/wp-json\/wp\/v2\/media?parent=127093"}],"wp:term":[{"taxonomy":"category","embeddable":true,"href":"https:\/\/www.europesays.com\/fi\/wp-json\/wp\/v2\/categories?post=127093"},{"taxonomy":"post_tag","embeddable":true,"href":"https:\/\/www.europesays.com\/fi\/wp-json\/wp\/v2\/tags?post=127093"}],"curies":[{"name":"wp","href":"https:\/\/api.w.org\/{rel}","templated":true}]}}