{"id":127098,"date":"2025-12-27T13:30:09","date_gmt":"2025-12-27T13:30:09","guid":{"rendered":"https:\/\/www.europesays.com\/fi\/127098\/"},"modified":"2025-12-27T13:30:09","modified_gmt":"2025-12-27T13:30:09","slug":"alice-in-chains-kitaristi-muistelee-millainen-yllatys-hanta-odotti-autotallissa-van-halenin-kiertueelta-kotiutuessaan","status":"publish","type":"post","link":"https:\/\/www.europesays.com\/fi\/127098\/","title":{"rendered":"Alice in Chains -kitaristi muistelee, millainen yll\u00e4tys h\u00e4nt\u00e4 odotti autotallissa Van Halenin kiertueelta kotiutuessaan"},"content":{"rendered":"<p>Alice in Chainsin laulaja-kitaristi Jerry Cantrell ja edesmennyt Eddie Van Halen olivat vuosia hyv\u00e4\u00e4 pataa kesken\u00e4\u00e4n. Cantrell muisteli yst\u00e4vyytt\u00e4\u00e4n kitarajumalan kanssa hiljattaisessa Gibson TV:n haastattelussa.<\/p>\n<p>Kaksikko tapasi kun Alice in Chains oli pestattu Van Halenin l\u00e4mmitelij\u00e4ksi vuoden 1991 For Unlawful Carnal Knowledge -kiertueelle.<\/p>\n<p>\u201dTapasin Ed Van Halenin ensimm\u00e4isen kerran kun valmistauduin nousemaan lavalle l\u00e4mmittelem\u00e4\u00e4n h\u00e4nen b\u00e4ndi\u00e4\u00e4n\u201d, Cantrell tarinoi. \u201dH\u00e4n seisoi pitiss\u00e4 vaimonsa ja Wolfieta [Wolfgang Van Halen] syliss\u00e4\u00e4n pit\u00e4neen Valerien [Bertinelli] kanssa. Eddiell\u00e4 oli kitara kaulassa ja h\u00e4n sahaili skaalojen l\u00e4pi tyyliin \u2019hei kaveri, miten menee?\u2019 \u2019Et voi olla tosissasi\u2019, tuumin.\u201d<\/p>\n<p>\u201dSe oli luultavasti omalta kohdaltani huonoin keikka jonka olen kuunaan soittanut, sill\u00e4 en voinut olla ajattelematta ett\u00e4 h\u00e4n oli paikalla. En pystynyt keskittym\u00e4\u00e4n.\u201d<\/p>\n<p>Cantrellin hermostuneisuus v\u00e4heni ja kaksikko yst\u00e4vystyi kiertueen mittaan. Lopulta parivaljakko jammaili backstagella ja jutteli soittokamoista tuon tuostakin. Cantrell oli erityisen viehtynyt Van Halenin tuolloin uutuuttaan hohtaviin Peavey 5150 -vahvistimiin sek\u00e4 t\u00e4m\u00e4n Ernie Ball Music Man EVH-kitaramalliin. Yhdess\u00e4 vaiheessa Cantrell rohkaistui kysym\u00e4\u00e4n, voisiko h\u00e4n saada vempeleist\u00e4 alennusta.<\/p>\n<p>\u201d\u2019Vitut siit\u00e4\u2019, h\u00e4n vastasi, \u2019annan sinulle kitaran. Minulle annetaan kaikkea ilmaiseksi nyt kun minulla olisi varaa maksaa. Kun olin persaukinen niin kukaan ei antanut minulle mit\u00e4\u00e4n. Annas kun teen sinulle palveluksen.&#8217;\u201d<\/p>\n<p>Kiertueen p\u00e4\u00e4tytty\u00e4 Cantrell palasi managerinsa k\u00e4mp\u00e4lle miss\u00e4 tuolloin punkkasi.<\/p>\n<p>\u201d\u2019Tervetuloa kotiin, menik\u00f6 rundi hyvin? Nyt voit rentoutua\u2019, h\u00e4n tervehti ja jatkoi: \u201dVoisitko kuitenkin siivota rojusi autotallistani? Minun pit\u00e4isi saada autoni mahtumaan sinne.&#8217;\u201d<\/p>\n<p>Cantrell kummasteli mist\u00e4 ihmeest\u00e4 mies oikein puhui.<\/p>\n<p>\u201d\u2019Eddie Van Halen t\u00e4ytti tallin kamoilla. En ole pystynyt parkkeeraamaan autoani sinne kuukausiin\u2019, h\u00e4n selvitti.\u201d<\/p>\n<p><img loading=\"lazy\" decoding=\"async\" alt=\"YouTube video\" width=\"480\" height=\"360\" data-pin-nopin=\"true\" nopin=\"nopin\" class=\"perfmatters-lazy\" src=\"https:\/\/www.europesays.com\/fi\/wp-content\/uploads\/2025\/12\/1766842209_958_hqdefault.jpg\"\/><\/p>\n<p>Lue my\u00f6s: <a href=\"https:\/\/www.soundi.fi\/uutiskirje\/\" title=\"Tilaa Soundin uutiskirje\" class=\"underline-custom !font-montserrat !font-bold !underline-offset-4 !decoration-4 !decoration-red-600 !text-md\" rel=\"nofollow noopener\" target=\"_blank\">Tilaa Soundin uutiskirje ja tied\u00e4t mist\u00e4 kahvitauolla puhutaan! Nappaa ajankohtaiset musiikin uutiset ja puheenaiheet suoraan s\u00e4hk\u00f6postiin t\u00e4st\u00e4.<\/a><\/p>\n","protected":false},"excerpt":{"rendered":"Alice in Chainsin laulaja-kitaristi Jerry Cantrell ja edesmennyt Eddie Van Halen olivat vuosia hyv\u00e4\u00e4 pataa kesken\u00e4\u00e4n. Cantrell muisteli&hellip;\n","protected":false},"author":2,"featured_media":127099,"comment_status":"","ping_status":"","sticky":false,"template":"","format":"standard","meta":{"footnotes":""},"categories":[132],"tags":[137,33,31,30,195,47,32,109],"class_list":{"0":"post-127098","1":"post","2":"type-post","3":"status-publish","4":"format-standard","5":"has-post-thumbnail","7":"category-musiikki","8":"tag-entertainment","9":"tag-fi","10":"tag-finland","11":"tag-finnish","12":"tag-music","13":"tag-musiikki","14":"tag-suomi","15":"tag-viihde"},"share_on_mastodon":{"url":"https:\/\/pubeurope.com\/@fi\/115791778744833911","error":""},"_links":{"self":[{"href":"https:\/\/www.europesays.com\/fi\/wp-json\/wp\/v2\/posts\/127098","targetHints":{"allow":["GET"]}}],"collection":[{"href":"https:\/\/www.europesays.com\/fi\/wp-json\/wp\/v2\/posts"}],"about":[{"href":"https:\/\/www.europesays.com\/fi\/wp-json\/wp\/v2\/types\/post"}],"author":[{"embeddable":true,"href":"https:\/\/www.europesays.com\/fi\/wp-json\/wp\/v2\/users\/2"}],"replies":[{"embeddable":true,"href":"https:\/\/www.europesays.com\/fi\/wp-json\/wp\/v2\/comments?post=127098"}],"version-history":[{"count":0,"href":"https:\/\/www.europesays.com\/fi\/wp-json\/wp\/v2\/posts\/127098\/revisions"}],"wp:featuredmedia":[{"embeddable":true,"href":"https:\/\/www.europesays.com\/fi\/wp-json\/wp\/v2\/media\/127099"}],"wp:attachment":[{"href":"https:\/\/www.europesays.com\/fi\/wp-json\/wp\/v2\/media?parent=127098"}],"wp:term":[{"taxonomy":"category","embeddable":true,"href":"https:\/\/www.europesays.com\/fi\/wp-json\/wp\/v2\/categories?post=127098"},{"taxonomy":"post_tag","embeddable":true,"href":"https:\/\/www.europesays.com\/fi\/wp-json\/wp\/v2\/tags?post=127098"}],"curies":[{"name":"wp","href":"https:\/\/api.w.org\/{rel}","templated":true}]}}