{"id":127106,"date":"2025-12-27T13:38:09","date_gmt":"2025-12-27T13:38:09","guid":{"rendered":"https:\/\/www.europesays.com\/fi\/127106\/"},"modified":"2025-12-27T13:38:09","modified_gmt":"2025-12-27T13:38:09","slug":"lahes-puolet-ruotsalaisista-haluaa-kieltaa-burkan-kayton","status":"publish","type":"post","link":"https:\/\/www.europesays.com\/fi\/127106\/","title":{"rendered":"L\u00e4hes puolet ruotsalaisista haluaa kielt\u00e4\u00e4 burkan k\u00e4yt\u00f6n"},"content":{"rendered":"<p class=\"ai-optimize-6 ai-optimize-introduction\">L\u00e4hes puolet ruotsalaisista haluaisi kielt\u00e4\u00e4 burkan k\u00e4yt\u00f6n, selvi\u00e4\u00e4 maan yleisradioyhti\u00f6n <a href=\"https:\/\/www.svt.se\/nyheter\/inrikes\/svtverian-nara-halften-av-svenskarna-vill-se-forbud-mot-burka\" target=\"_blank\" rel=\"noopener nofollow\">SVT<\/a>:n teett\u00e4m\u00e4st\u00e4 kyselytutkimuksesta.<\/p>\n<p class=\"ai-optimize-7\">Tutkimuksen mukaan 47 prosenttia ruotsalaisista haluaisi kielt\u00e4\u00e4 kasvot peitt\u00e4v\u00e4t vaatekappaleet kuten burkan ja niqabin julkisilla paikoilla. Kieltoa vastustaa 36 prosenttia vastaajista. 17 prosenttia vastaajista ei taas osannut sanoa kantaansa.<\/p>\n<p class=\"ai-optimize-8\">N\u00e4kemykset kiellosta jakautuvat melko selv\u00e4sti hallitus- ja oppositiopuolueiden v\u00e4lill\u00e4.<\/p>\n<p class=\"ai-optimize-9\">Niin kutsuttujen Tid\u00f6-puolueiden kannattajien eli moderaattien, ruotsidemokraattien, kristillisdemokraattien ja liberaalien parissa kiellolla on 77 prosentin kannatus, vastustajien j\u00e4\u00e4dess\u00e4 10 prosenttiin.<\/p>\n<p class=\"ai-optimize-10\">Aiemmin syksyll\u00e4 kristillisdemokraattien puheenjohtaja ja Ruotsin varap\u00e4\u00e4ministeri <strong>Ebba Busch<\/strong> vaati kiellon s\u00e4\u00e4t\u00e4mist\u00e4 puoluekokouksessa pit\u00e4m\u00e4ss\u00e4\u00e4n puheessa.<\/p>\n<p class=\"ai-optimize-11\">\u2013 Islamin on sopeuduttava Ruotsiin, Busch linjasi.<\/p>\n<p class=\"ai-optimize-12\">T\u00e4t\u00e4 n\u00e4k\u00f6kantaa edustaa my\u00f6s moni kiellon kannattaja.<\/p>\n<p class=\"ai-optimize-13\">\u2013 On t\u00e4rke\u00e4\u00e4 tiet\u00e4\u00e4 kenelle puhut, ett\u00e4 n\u00e4et silm\u00e4t ja kasvot, er\u00e4s vastaaja kommentoi.<\/p>\n<p class=\"ai-optimize-9\">Oppositiopuolueiden eli sosiaalidemokraattien, vasemmiston, vihreiden ja keskustapuolueiden kannattajien parissa kiellon kannatus j\u00e4\u00e4 kuitenkin matalaksi. N\u00e4iden puolueiden kannattajista 60 prosenttia vastustaa ja 22 prosenttia kannattaa kieltoa.<\/p>\n<p class=\"ai-optimize-15\">Oppositiopuolueista muun muassa vihreiden puheenjohtaja <strong>Daniel Helld\u00e9n<\/strong> on aiemmin tyrm\u00e4nnyt kiellon.<\/p>\n<p class=\"ai-optimize-14\">\u2013 Mik\u00e4 puolue puolustaa uskontoja, jos ei kristillisdemokraatit? er\u00e4s vastaaja kysyykin.<\/p>\n<p class=\"ai-optimize-16\">Toisaalta sek\u00e4 moderaatteja edustava p\u00e4\u00e4ministeri <strong>Ulf Kristersson<\/strong> ett\u00e4 sosiaalidemokraattien puheenjohtaja <strong>Magdalena Andersson<\/strong> eiv\u00e4t ole tyrm\u00e4nneet mahdollista kieltoa.<\/p>\n<p class=\"ai-optimize-17\">Ruotsi ei olisi ensimm\u00e4inen pohjoismaa, joka kielt\u00e4isi burkan ja niqabin k\u00e4yt\u00f6n julkisilla paikoilla. Tanskassa vastaava kielto tuli voimaan vuonna 2018.<\/p>\n<p>Poimintoja videosis\u00e4ll\u00f6ist\u00e4mme<\/p>\n","protected":false},"excerpt":{"rendered":"L\u00e4hes puolet ruotsalaisista haluaisi kielt\u00e4\u00e4 burkan k\u00e4yt\u00f6n, selvi\u00e4\u00e4 maan yleisradioyhti\u00f6n SVT:n teett\u00e4m\u00e4st\u00e4 kyselytutkimuksesta. Tutkimuksen mukaan 47 prosenttia ruotsalaisista&hellip;\n","protected":false},"author":2,"featured_media":127107,"comment_status":"","ping_status":"","sticky":false,"template":"","format":"standard","meta":{"footnotes":""},"categories":[14],"tags":[22,23,26,27,33,31,30,17,24,25,28,29,15,18,21,110,32,19,20,56,16,59,60,61],"class_list":{"0":"post-127106","1":"post","2":"type-post","3":"status-publish","4":"format-standard","5":"has-post-thumbnail","7":"category-ulkomaat","8":"tag-breaking-news","9":"tag-breakingnews","10":"tag-featured-news","11":"tag-featurednews","12":"tag-fi","13":"tag-finland","14":"tag-finnish","15":"tag-headlines","16":"tag-latest-news","17":"tag-latestnews","18":"tag-main-news","19":"tag-mainnews","20":"tag-news","21":"tag-otsikot","22":"tag-paauutiset","23":"tag-ruotsi","24":"tag-suomi","25":"tag-top-stories","26":"tag-topstories","27":"tag-ulkomaat","28":"tag-uutiset","29":"tag-world","30":"tag-world-news","31":"tag-worldnews"},"share_on_mastodon":{"url":"https:\/\/pubeurope.com\/@fi\/115791810033862816","error":""},"_links":{"self":[{"href":"https:\/\/www.europesays.com\/fi\/wp-json\/wp\/v2\/posts\/127106","targetHints":{"allow":["GET"]}}],"collection":[{"href":"https:\/\/www.europesays.com\/fi\/wp-json\/wp\/v2\/posts"}],"about":[{"href":"https:\/\/www.europesays.com\/fi\/wp-json\/wp\/v2\/types\/post"}],"author":[{"embeddable":true,"href":"https:\/\/www.europesays.com\/fi\/wp-json\/wp\/v2\/users\/2"}],"replies":[{"embeddable":true,"href":"https:\/\/www.europesays.com\/fi\/wp-json\/wp\/v2\/comments?post=127106"}],"version-history":[{"count":0,"href":"https:\/\/www.europesays.com\/fi\/wp-json\/wp\/v2\/posts\/127106\/revisions"}],"wp:featuredmedia":[{"embeddable":true,"href":"https:\/\/www.europesays.com\/fi\/wp-json\/wp\/v2\/media\/127107"}],"wp:attachment":[{"href":"https:\/\/www.europesays.com\/fi\/wp-json\/wp\/v2\/media?parent=127106"}],"wp:term":[{"taxonomy":"category","embeddable":true,"href":"https:\/\/www.europesays.com\/fi\/wp-json\/wp\/v2\/categories?post=127106"},{"taxonomy":"post_tag","embeddable":true,"href":"https:\/\/www.europesays.com\/fi\/wp-json\/wp\/v2\/tags?post=127106"}],"curies":[{"name":"wp","href":"https:\/\/api.w.org\/{rel}","templated":true}]}}