{"id":127108,"date":"2025-12-27T13:39:08","date_gmt":"2025-12-27T13:39:08","guid":{"rendered":"https:\/\/www.europesays.com\/fi\/127108\/"},"modified":"2025-12-27T13:39:08","modified_gmt":"2025-12-27T13:39:08","slug":"myrskytuulet-iskivat-lentoihin-koneita-kiertaa-ilmassa-ilta-sanomat","status":"publish","type":"post","link":"https:\/\/www.europesays.com\/fi\/127108\/","title":{"rendered":"Myrskytuulet iskiv\u00e4t lentoihin \u2013 koneita kiert\u00e4\u00e4 ilmassa &#8211; Ilta-Sanomat"},"content":{"rendered":"<ol>\n<li><a href=\"https:\/\/news.google.com\/rss\/articles\/CBMiZEFVX3lxTE8xS2wzelpSel9yNGpOWTVJSVp1cnlON3JRTExKd0V6TWVTNWJuVzJrdThNMExoV2tlVEM5SVU0bkhtLVFlOFBfN3FfRnM1T19QUFZlVnM0Tll5cEdkVHptQjBpOGU?oc=5\" target=\"_blank\" rel=\"nofollow noopener\">Myrskytuulet iskiv\u00e4t lentoihin \u2013 koneita kiert\u00e4\u00e4 ilmassa<\/a>&nbsp;&nbsp;Ilta-Sanomat<\/li>\n<li><a href=\"https:\/\/news.google.com\/rss\/articles\/CBMie0FVX3lxTE1kVTJHWUZSYUFfSVByd0N5UnNvNzNfeDdneHVfQmVKUk45dEhrUlIzYUY1b1lmREZZZkhZQTUxdjdPN05DQXJFRDNvOXVaTUtQMVRYMzlJRS1neDBnRVkzckp4ekVhTmNIZ0hEbUZGSXFXd0VPSjQxenFSTQ?oc=5\" target=\"_blank\" rel=\"nofollow noopener\">Tuhannet suomalaiset ilman s\u00e4hk\u00f6\u00e4 \u2013 T\u00e4\u00e4ll\u00e4 tilanne on pahin<\/a>&nbsp;&nbsp;Iltalehti<\/li>\n<li><a href=\"https:\/\/news.google.com\/rss\/articles\/CBMiQkFVX3lxTE00S0JtdXhHdTcyUEhESm5lb1RSdEZ2cDcwUXl6ZDMzLVpFV1Q5MlF1Y2lKSzNHMG5GYlo2NTFGN2N6UQ?oc=5\" target=\"_blank\" rel=\"nofollow noopener\">Voimakas Hannes-myrsky saapuu Suomeen \u2013 rajuimmat tuulet osuvat iltaan<\/a>&nbsp;&nbsp;Yle<\/li>\n<li><a href=\"https:\/\/news.google.com\/rss\/articles\/CBMicEFVX3lxTE0wUkJhQjY2ZVlGcHlzTjNCMUZaV0VkYVF0a1g2ZVMweDg0NVNjZlFUOGcwUDRnRFJQYVZDdXFDUVpIMllENi01NllKQ0kyaHJlU1NpTERLTUZHd1ZaQWhZekh1c3hBMUctZk41V3hBTmk?oc=5\" target=\"_blank\" rel=\"nofollow noopener\">S\u00e4\u00e4 | Vaarallisen voimakas tuuli piiskaa Satakuntaa \u2013 pelastuslaitokselle tullut jo noin 30 h\u00e4lytyst\u00e4<\/a>&nbsp;&nbsp;Satakunnan Kansa<\/li>\n<li><a href=\"https:\/\/news.google.com\/rss\/articles\/CBMihwFBVV95cUxOVm45SldWSW1QRlJKMkN2MFFCeUI5RUhzOG5KT2JqMkt0WC1xd0ZURWs1ZTBWcF9PSFoyeEFRYTRnbnNOdmxxZHU0TVFtdC0wX3VQbEFpNC1CMW5pRDJpd2NrT1phaDZra3VqMnRnem5aMGhTOXdzZnVJRTBGQldwNmo1QkRiT2s?oc=5\" target=\"_blank\" rel=\"nofollow noopener\">S\u00e4hk\u00f6tt\u00f6mi\u00e4 talouksia jo yli 11 600<\/a>&nbsp;&nbsp;Maaseudun Tulevaisuus<\/li>\n<\/ol>\n","protected":false},"excerpt":{"rendered":"Myrskytuulet iskiv\u00e4t lentoihin \u2013 koneita kiert\u00e4\u00e4 ilmassa&nbsp;&nbsp;Ilta-Sanomat Tuhannet suomalaiset ilman s\u00e4hk\u00f6\u00e4 \u2013 T\u00e4\u00e4ll\u00e4 tilanne on pahin&nbsp;&nbsp;Iltalehti Voimakas Hannes-myrsky&hellip;\n","protected":false},"author":2,"featured_media":127109,"comment_status":"","ping_status":"","sticky":false,"template":"","format":"standard","meta":{"footnotes":""},"categories":[12],"tags":[22,23,26,27,33,31,30,17,34,24,25,28,29,15,18,21,32,19,20,16],"class_list":{"0":"post-127108","1":"post","2":"type-post","3":"status-publish","4":"format-standard","5":"has-post-thumbnail","7":"category-suomi","8":"tag-breaking-news","9":"tag-breakingnews","10":"tag-featured-news","11":"tag-featurednews","12":"tag-fi","13":"tag-finland","14":"tag-finnish","15":"tag-headlines","16":"tag-ilta-sanomat","17":"tag-latest-news","18":"tag-latestnews","19":"tag-main-news","20":"tag-mainnews","21":"tag-news","22":"tag-otsikot","23":"tag-paauutiset","24":"tag-suomi","25":"tag-top-stories","26":"tag-topstories","27":"tag-uutiset"},"share_on_mastodon":{"url":"https:\/\/pubeurope.com\/@fi\/115791813939992496","error":""},"_links":{"self":[{"href":"https:\/\/www.europesays.com\/fi\/wp-json\/wp\/v2\/posts\/127108","targetHints":{"allow":["GET"]}}],"collection":[{"href":"https:\/\/www.europesays.com\/fi\/wp-json\/wp\/v2\/posts"}],"about":[{"href":"https:\/\/www.europesays.com\/fi\/wp-json\/wp\/v2\/types\/post"}],"author":[{"embeddable":true,"href":"https:\/\/www.europesays.com\/fi\/wp-json\/wp\/v2\/users\/2"}],"replies":[{"embeddable":true,"href":"https:\/\/www.europesays.com\/fi\/wp-json\/wp\/v2\/comments?post=127108"}],"version-history":[{"count":0,"href":"https:\/\/www.europesays.com\/fi\/wp-json\/wp\/v2\/posts\/127108\/revisions"}],"wp:featuredmedia":[{"embeddable":true,"href":"https:\/\/www.europesays.com\/fi\/wp-json\/wp\/v2\/media\/127109"}],"wp:attachment":[{"href":"https:\/\/www.europesays.com\/fi\/wp-json\/wp\/v2\/media?parent=127108"}],"wp:term":[{"taxonomy":"category","embeddable":true,"href":"https:\/\/www.europesays.com\/fi\/wp-json\/wp\/v2\/categories?post=127108"},{"taxonomy":"post_tag","embeddable":true,"href":"https:\/\/www.europesays.com\/fi\/wp-json\/wp\/v2\/tags?post=127108"}],"curies":[{"name":"wp","href":"https:\/\/api.w.org\/{rel}","templated":true}]}}