{"id":127110,"date":"2025-12-27T13:40:09","date_gmt":"2025-12-27T13:40:09","guid":{"rendered":"https:\/\/www.europesays.com\/fi\/127110\/"},"modified":"2025-12-27T13:40:09","modified_gmt":"2025-12-27T13:40:09","slug":"elian-lehto-laski-maailmancupin-pisteille-livignossa-urheilua-lyhyesti","status":"publish","type":"post","link":"https:\/\/www.europesays.com\/fi\/127110\/","title":{"rendered":"Elian Lehto laski maailmancupin pisteille Livignossa | Urheilua lyhyesti"},"content":{"rendered":"<p class=\"aw-1gybjub aw-5vja16 kEtdKx kmuxyA yle__article__paragraph\">Elian Lehto sijoittui Livignossa supersuurpujottelun maailmancup-kilpailussa 25:nneksi.<\/p>\n<p><img decoding=\"async\" alt=\"Elian Lehto k\u00f6r st\u00f6rtlopp.\" src=\"https:\/\/www.europesays.com\/fi\/wp-content\/uploads\/2025\/12\/39-157208169440e16d2069.jpeg\" class=\"aw-1l9m598 hKVVvP\"\/><\/p>\n<p>Avaa kuvien katselu<\/p>\n<p>Elian Lehto on t\u00e4ll\u00e4 kaudella sijoittunut kahdesti kymppisakkiin sy\u00f6ksylaskussa. Lauantaina h\u00e4n nappasi kauden ensimm\u00e4iset pisteens\u00e4 supersuurpujottelussa. Kuva: Simon Hausberger \/ AOP<\/p>\n<p class=\"aw-1gybjub aw-1p7kakr kEtdKx cEmitX yle__article__paragraph\">Alppihiiht\u00e4j\u00e4 <strong class=\"aw-ak79eh KyCXm yle__article__strong\">Elian Lehto<\/strong> sijoittui lauantaina ensimm\u00e4ist\u00e4 kertaa t\u00e4ll\u00e4 kaudella maailmancupin pisteille supersuurpujottelussa. Lehto sijoittui 25:nneksi Italian Livignossa lasketussa kilpailussa.<\/p>\n<p class=\"aw-1gybjub aw-1p7kakr kEtdKx cEmitX yle__article__paragraph\">Kilpailun voitti It\u00e4vallan <strong class=\"aw-ak79eh KyCXm yle__article__strong\">Marco Schwarz<\/strong>, joka oli kaksi sekunnin kymmenyst\u00e4 nopeampi Sveitsin <strong class=\"aw-ak79eh KyCXm yle__article__strong\">Alexis Monneyta<\/strong>. Sveisin <strong class=\"aw-ak79eh KyCXm yle__article__strong\">Franjo Von Allmen<\/strong> oli kolmas, h\u00e4n j\u00e4i voittajasta 0,25 sekuntia. Supersuurpujottelucupia johtava Sveitsin <strong class=\"aw-ak79eh KyCXm yle__article__strong\">Marco Odermatt<\/strong> j\u00e4i nelj\u00e4nneksi.<\/p>\n<p class=\"aw-1gybjub aw-1p7kakr kEtdKx cEmitX yle__article__paragraph\">Suomalaisista mukana oli my\u00f6s <strong class=\"aw-ak79eh KyCXm yle__article__strong\">Jaakko Tapanainen,<\/strong> joka sijoittui 45:nneksi. Per\u00e4ti 15 urheilijaa keskeytti kilpailun.<\/p>\n<p class=\"aw-1gybjub aw-1p7kakr kEtdKx cEmitX yle__article__paragraph\">Elian Lehto on t\u00e4ll\u00e4 kaudella sijoittunut kaksi kertaa 10:nneksi sy\u00f6ksylaskun maailmancupissa.<\/p>\n","protected":false},"excerpt":{"rendered":"Elian Lehto sijoittui Livignossa supersuurpujottelun maailmancup-kilpailussa 25:nneksi. Avaa kuvien katselu Elian Lehto on t\u00e4ll\u00e4 kaudella sijoittunut kahdesti kymppisakkiin&hellip;\n","protected":false},"author":2,"featured_media":127111,"comment_status":"","ping_status":"","sticky":false,"template":"","format":"standard","meta":{"footnotes":""},"categories":[5],"tags":[10129,22,23,12457,26,27,33,31,30,17,22531,24,25,28,29,15,18,21,32,19,20,16],"class_list":{"0":"post-127110","1":"post","2":"type-post","3":"status-publish","4":"format-standard","5":"has-post-thumbnail","7":"category-otsikot","8":"tag-alppihiihto","9":"tag-breaking-news","10":"tag-breakingnews","11":"tag-elian-lehto","12":"tag-featured-news","13":"tag-featurednews","14":"tag-fi","15":"tag-finland","16":"tag-finnish","17":"tag-headlines","18":"tag-jaakko-tapanainen","19":"tag-latest-news","20":"tag-latestnews","21":"tag-main-news","22":"tag-mainnews","23":"tag-news","24":"tag-otsikot","25":"tag-paauutiset","26":"tag-suomi","27":"tag-top-stories","28":"tag-topstories","29":"tag-uutiset"},"share_on_mastodon":{"url":"https:\/\/pubeurope.com\/@fi\/115791818002394413","error":""},"_links":{"self":[{"href":"https:\/\/www.europesays.com\/fi\/wp-json\/wp\/v2\/posts\/127110","targetHints":{"allow":["GET"]}}],"collection":[{"href":"https:\/\/www.europesays.com\/fi\/wp-json\/wp\/v2\/posts"}],"about":[{"href":"https:\/\/www.europesays.com\/fi\/wp-json\/wp\/v2\/types\/post"}],"author":[{"embeddable":true,"href":"https:\/\/www.europesays.com\/fi\/wp-json\/wp\/v2\/users\/2"}],"replies":[{"embeddable":true,"href":"https:\/\/www.europesays.com\/fi\/wp-json\/wp\/v2\/comments?post=127110"}],"version-history":[{"count":0,"href":"https:\/\/www.europesays.com\/fi\/wp-json\/wp\/v2\/posts\/127110\/revisions"}],"wp:featuredmedia":[{"embeddable":true,"href":"https:\/\/www.europesays.com\/fi\/wp-json\/wp\/v2\/media\/127111"}],"wp:attachment":[{"href":"https:\/\/www.europesays.com\/fi\/wp-json\/wp\/v2\/media?parent=127110"}],"wp:term":[{"taxonomy":"category","embeddable":true,"href":"https:\/\/www.europesays.com\/fi\/wp-json\/wp\/v2\/categories?post=127110"},{"taxonomy":"post_tag","embeddable":true,"href":"https:\/\/www.europesays.com\/fi\/wp-json\/wp\/v2\/tags?post=127110"}],"curies":[{"name":"wp","href":"https:\/\/api.w.org\/{rel}","templated":true}]}}