{"id":127116,"date":"2025-12-27T13:59:09","date_gmt":"2025-12-27T13:59:09","guid":{"rendered":"https:\/\/www.europesays.com\/fi\/127116\/"},"modified":"2025-12-27T13:59:09","modified_gmt":"2025-12-27T13:59:09","slug":"elian-lehto-25-livignon-super-gssa","status":"publish","type":"post","link":"https:\/\/www.europesays.com\/fi\/127116\/","title":{"rendered":"Elian Lehto 25. Livignon super-g:ss\u00e4"},"content":{"rendered":"<p>Italian Livignossa kisattiin supersuurpujottelun (super-g) maailmancupin osakilpailu. Fearless Finns -joukkueesta kisaan starttasivat Elian Lehto ja Jaakko Tapanainen.<\/p>\n<p>P\u00e4iv\u00e4n kilpailu saatiin viety\u00e4 l\u00e4pi aurinkoisissa ja tasapuolisissa olosuhteissa. Elian Lehto starttasi radalle numerolla 44. H\u00e4n laski kauden parhaan super-G-laskunsa ja saavutti samalla kauden ensimm\u00e4iset maailmancupin pisteens\u00e4 t\u00e4ss\u00e4 lajissa (6). Lehdon sijoitus oli 25:s, j\u00e4\u00e4den voittajasta 1,01 sekuntia. Kilpailun j\u00e4lkeen <strong>Elian Lehto<\/strong> oli positiivisin mielin.<\/p>\n<p>\u2013 Oli paikoittain ihan hyv\u00e4\u00e4 laskemista. T\u00e4st\u00e4 on hyv\u00e4 jatkaa uuteen vuoteen. Alkukausi on l\u00e4htenyt hyvin k\u00e4yntiin, paremmin kuin mik\u00e4\u00e4n edellinen. Siihen voi olla tyytyv\u00e4inen, ja t\u00e4st\u00e4 on hyv\u00e4 jatkaa kohti olympialaisia, Lehto totesi.<\/p>\n<p>Uransa kolmannessa maailmancupin osakilpailussa <strong>Jaakko Tapanainen<\/strong> (nro 56) ei saanut aivan parastaan irti. H\u00e4n j\u00e4i voittajasta 2,43 sekuntia, mik\u00e4 oikeutti sijaan 45.<\/p>\n<p>\u2013 Yl\u00e4osassa oli hyvi\u00e4 k\u00e4\u00e4nn\u00f6ksi\u00e4. Keskip\u00e4tk\u00e4n alkuun tuli virhe inhottavaan kohtaan, irrotti lumikontaktin ja siin\u00e4 l\u00e4hti v\u00e4h\u00e4n vauhtia pois. Samantyyppinen virhe k\u00e4vi my\u00f6s radan loppuosassa, kun suksi nappasi hieman kiinni. Jouduin korjaamaan linjaa, ja siihen kaatui hyv\u00e4 kisa. P\u00e4iv\u00e4n laskussa oli hyvi\u00e4 osia, mutta nuo pari virhett\u00e4 kasvattivat aikaeron turhan suureksi, Tapanainen kertoi.<\/p>\n<p>Lyhyehk\u00f6ll\u00e4, noin minuutin ja kymmenen sekunnin mittaisella radalla erot j\u00e4iv\u00e4t minimaalisiksi. Maailmancupin pisteille p\u00e4\u00e4st\u00e4kseen sai j\u00e4\u00e4d\u00e4 vain 1,17 sekuntia hitaammaksi kuin kilpailun voittaja Marco Schwarz.<\/p>\n<p>Schwarz voittoon<\/p>\n<p>1. <strong>Marco Schwarz<\/strong> (AUT), 2. <strong>Alexis Monney<\/strong> (SUI) +0,20 sek, 3. <strong>Franjo Von Allmen<\/strong> (+0,25 sek)<\/p>\n<p>Livignon tulokset: <a class=\"cursor-init\" href=\"https:\/\/www.fis-ski.com\/DB\/general\/event-details.html?sectorcode=AL&amp;eventid=58010&amp;seasoncode=2026\" rel=\"nofollow noopener\" target=\"_blank\">fis-ski.com <\/a><\/p>\n","protected":false},"excerpt":{"rendered":"Italian Livignossa kisattiin supersuurpujottelun (super-g) maailmancupin osakilpailu. Fearless Finns -joukkueesta kisaan starttasivat Elian Lehto ja Jaakko Tapanainen. P\u00e4iv\u00e4n&hellip;\n","protected":false},"author":2,"featured_media":127117,"comment_status":"","ping_status":"","sticky":false,"template":"","format":"standard","meta":{"footnotes":""},"categories":[158],"tags":[33,31,30,159,32,160],"class_list":{"0":"post-127116","1":"post","2":"type-post","3":"status-publish","4":"format-standard","5":"has-post-thumbnail","7":"category-urheilu","8":"tag-fi","9":"tag-finland","10":"tag-finnish","11":"tag-sports","12":"tag-suomi","13":"tag-urheilu"},"share_on_mastodon":{"url":"https:\/\/pubeurope.com\/@fi\/115791892703565531","error":""},"_links":{"self":[{"href":"https:\/\/www.europesays.com\/fi\/wp-json\/wp\/v2\/posts\/127116","targetHints":{"allow":["GET"]}}],"collection":[{"href":"https:\/\/www.europesays.com\/fi\/wp-json\/wp\/v2\/posts"}],"about":[{"href":"https:\/\/www.europesays.com\/fi\/wp-json\/wp\/v2\/types\/post"}],"author":[{"embeddable":true,"href":"https:\/\/www.europesays.com\/fi\/wp-json\/wp\/v2\/users\/2"}],"replies":[{"embeddable":true,"href":"https:\/\/www.europesays.com\/fi\/wp-json\/wp\/v2\/comments?post=127116"}],"version-history":[{"count":0,"href":"https:\/\/www.europesays.com\/fi\/wp-json\/wp\/v2\/posts\/127116\/revisions"}],"wp:featuredmedia":[{"embeddable":true,"href":"https:\/\/www.europesays.com\/fi\/wp-json\/wp\/v2\/media\/127117"}],"wp:attachment":[{"href":"https:\/\/www.europesays.com\/fi\/wp-json\/wp\/v2\/media?parent=127116"}],"wp:term":[{"taxonomy":"category","embeddable":true,"href":"https:\/\/www.europesays.com\/fi\/wp-json\/wp\/v2\/categories?post=127116"},{"taxonomy":"post_tag","embeddable":true,"href":"https:\/\/www.europesays.com\/fi\/wp-json\/wp\/v2\/tags?post=127116"}],"curies":[{"name":"wp","href":"https:\/\/api.w.org\/{rel}","templated":true}]}}