{"id":127118,"date":"2025-12-27T14:00:13","date_gmt":"2025-12-27T14:00:13","guid":{"rendered":"https:\/\/www.europesays.com\/fi\/127118\/"},"modified":"2025-12-27T14:00:13","modified_gmt":"2025-12-27T14:00:13","slug":"pate-mustajarven-viimeiseksi-jaaneen-kappaleen-sanoitus-herattaa-nyt-huomiota-vaistoaako-ihminen-kun-lahdon-aika-on-lahella","status":"publish","type":"post","link":"https:\/\/www.europesays.com\/fi\/127118\/","title":{"rendered":"Pate Mustaj\u00e4rven viimeiseksi j\u00e4\u00e4neen kappaleen sanoitus her\u00e4tt\u00e4\u00e4 nyt huomiota \u2013 \u201dVaistoaako ihminen, kun l\u00e4hd\u00f6n aika on l\u00e4hell\u00e4?\u201d"},"content":{"rendered":"<p>Pate Mustaj\u00e4rvi julkaisi viimeiseksi j\u00e4\u00e4neen kappaleensa syyskuun alussa. <\/p>\n<p><img decoding=\"async\" class=\"image image-show image-preview\" src=\"https:\/\/www.europesays.com\/fi\/wp-content\/uploads\/2025\/12\/c6c5d319e06e65e0e8de2fce2189f418f4332b511bf9ab7b820b4f57734a393c.jpg\" alt=\"\"\/><img decoding=\"async\" class=\"image image-show\" src=\"https:\/\/www.europesays.com\/fi\/wp-content\/uploads\/2025\/12\/1766844013_779_c6c5d319e06e65e0e8de2fce2189f418f4332b511bf9ab7b820b4f57734a393c.jpg\" alt=\"\"\/><\/p>\n<p>Pate Mustaj\u00e4rvi julkaisi viimeiseksi j\u00e4\u00e4neen kappaleensa syyskuun alussa. MIKKO HUISKO<\/p>\n<p class=\"paragraph\">Muusikko <a href=\"https:\/\/www.iltalehti.fi\/henkilot\/Pate Mustaj\u00e4rvi\" class=\"article-link-person-page\" rel=\"nofollow noopener\" target=\"_blank\">Pate Mustaj\u00e4rvi<\/a> kuoli 26. joulukuuta. Mustaj\u00e4rvi oli kuollessaan 69-vuotias.<\/p>\n<p class=\"paragraph\">Pitk\u00e4n uran Popedan riveiss\u00e4 tehnyt Mustaj\u00e4rvi loi my\u00f6s soolouraa 1980-luvulta l\u00e4htien. Mustaj\u00e4rven viimeinen julkaistu kappale on syyskuun alussa ilmestynyt Ei viel\u00e4.<\/p>\n<p class=\"paragraph\">Kappaleen kertos\u00e4keess\u00e4 on sanat, jotka voivat tuntua enteellisilt\u00e4.<\/p>\n<p class=\"paragraph\">Mul on teht\u00e4v\u00e4\u00e4 viel t\u00e4\u00e4ll\u00e4, monta hommaa p\u00e4\u00e4ll\u00e4<\/p>\n<p class=\"paragraph\">L\u00e4he menee siit\u00e4, s\u00e4 oot vaan mun tiell\u00e4<\/p>\n<p class=\"paragraph\">Aion luistella viel t\u00e4\u00e4ll\u00e4 raivoisalla j\u00e4\u00e4ll\u00e4<\/p>\n<p class=\"paragraph\">\u00c4l\u00e4 kutsu mua, m\u00e4 en oo valmis viel\u00e4<\/p>\n<p class=\"paragraph\">\u00c4l\u00e4 kutsu mua, ei viel\u00e4<\/p>\n<p class=\"paragraph\">Kappaleen musiikkivideo Youtubessa on ker\u00e4nnyt Mustaj\u00e4rven kuoleman j\u00e4lkeen useita kommentteja, joissa muun muassa lyriikoita kommentoidaan.<\/p>\n<p class=\"paragraph\">\u2013 Enteellisi\u00e4 lauluja teki viime aikoina. Kevyet mulla suurelle legendalle.<\/p>\n<p class=\"paragraph\">\u2013 Vaistoaako ihminen, kun l\u00e4hd\u00f6n aika on l\u00e4hell\u00e4? Niin moni artisti on laulanut siit\u00e4, kun l\u00e4hd\u00f6n aika on l\u00e4hell\u00e4.<\/p>\n<p class=\"paragraph\">\u2013 Hyv\u00e4\u00e4 taivasmatkaa Pate.<\/p>\n<p class=\"paragraph\">Kappaleen s\u00e4velt\u00e4nyt ja sanoittanut muusikko <strong>Esa Eloranta<\/strong> kertoi <a href=\"https:\/\/www.is.fi\/viihde\/art-2000011715899.html\" rel=\"noopener nofollow\" target=\"_blank\">Ilta-Sanomille<\/a> kappaleen taustoista. Kappale sai alkunsa Mustaj\u00e4rven Savoy-teatterissa pidetyss\u00e4 konsertissa noin vuosi sitten.<\/p>\n<p class=\"paragraph\">\u2013 H\u00e4n puhui kavereistaan, jotka olivat l\u00e4hteneet tuonne yl\u00e4kertaan. H\u00e4n sitten katsoi yl\u00f6sp\u00e4in ja sanoi hirtehisesti, ett\u00e4 \u201dei viel\u00e4\u201d ja tarkoitti itse\u00e4\u00e4n. Se vaikutti sellaiselta enteelt\u00e4. Se j\u00e4i mieleeni ja inspiroiduin tekem\u00e4\u00e4n siit\u00e4 laulun, Eloranta kertoi Ilta-Sanomille.<\/p>\n<p class=\"paragraph\">\u2013 Ei ollut todellakaan tarkoitus tehd\u00e4 h\u00e4nen el\u00e4m\u00e4ntilanteestaan laulua. Ajattelin vain, ett\u00e4 jos joku tuollaisen kappaleen osaa tulkita, niin se on Pate, h\u00e4n jatkoi.<\/p>\n<p class=\"paragraph\">Mustaj\u00e4rven viimeiseksi j\u00e4\u00e4nyt albumi ilmestyi vuonna 2024.<\/p>\n<p class=\"paragraph\">Ei viel\u00e4 -kappaleen voit kuunnella alapuolelta.<\/p>\n","protected":false},"excerpt":{"rendered":"Pate Mustaj\u00e4rvi julkaisi viimeiseksi j\u00e4\u00e4neen kappaleensa syyskuun alussa. Pate Mustaj\u00e4rvi julkaisi viimeiseksi j\u00e4\u00e4neen kappaleensa syyskuun alussa. MIKKO HUISKO&hellip;\n","protected":false},"author":2,"featured_media":127119,"comment_status":"","ping_status":"","sticky":false,"template":"","format":"standard","meta":{"footnotes":""},"categories":[130],"tags":[35,138,137,33,31,30,763,47,141,32,397,484,109],"class_list":{"0":"post-127118","1":"post","2":"type-post","3":"status-publish","4":"format-standard","5":"has-post-thumbnail","7":"category-viihde","8":"tag-24h","9":"tag-audio","10":"tag-entertainment","11":"tag-fi","12":"tag-finland","13":"tag-finnish","14":"tag-kulttuuri-ja-viihde","15":"tag-musiikki","16":"tag-muusikot-bandit","17":"tag-suomi","18":"tag-taide","19":"tag-taiteellinen-ilmaisu-ja-mediat","20":"tag-viihde"},"share_on_mastodon":{"url":"https:\/\/pubeurope.com\/@fi\/115791896813147622","error":""},"_links":{"self":[{"href":"https:\/\/www.europesays.com\/fi\/wp-json\/wp\/v2\/posts\/127118","targetHints":{"allow":["GET"]}}],"collection":[{"href":"https:\/\/www.europesays.com\/fi\/wp-json\/wp\/v2\/posts"}],"about":[{"href":"https:\/\/www.europesays.com\/fi\/wp-json\/wp\/v2\/types\/post"}],"author":[{"embeddable":true,"href":"https:\/\/www.europesays.com\/fi\/wp-json\/wp\/v2\/users\/2"}],"replies":[{"embeddable":true,"href":"https:\/\/www.europesays.com\/fi\/wp-json\/wp\/v2\/comments?post=127118"}],"version-history":[{"count":0,"href":"https:\/\/www.europesays.com\/fi\/wp-json\/wp\/v2\/posts\/127118\/revisions"}],"wp:featuredmedia":[{"embeddable":true,"href":"https:\/\/www.europesays.com\/fi\/wp-json\/wp\/v2\/media\/127119"}],"wp:attachment":[{"href":"https:\/\/www.europesays.com\/fi\/wp-json\/wp\/v2\/media?parent=127118"}],"wp:term":[{"taxonomy":"category","embeddable":true,"href":"https:\/\/www.europesays.com\/fi\/wp-json\/wp\/v2\/categories?post=127118"},{"taxonomy":"post_tag","embeddable":true,"href":"https:\/\/www.europesays.com\/fi\/wp-json\/wp\/v2\/tags?post=127118"}],"curies":[{"name":"wp","href":"https:\/\/api.w.org\/{rel}","templated":true}]}}