{"id":127120,"date":"2025-12-27T14:03:16","date_gmt":"2025-12-27T14:03:16","guid":{"rendered":"https:\/\/www.europesays.com\/fi\/127120\/"},"modified":"2025-12-27T14:03:16","modified_gmt":"2025-12-27T14:03:16","slug":"rikkinainen-puhelin-ilmio-sekoitti-sodankylan-k-supemarket-pohjantahden-pysakointialueen-ekopisteen-toimintaa","status":"publish","type":"post","link":"https:\/\/www.europesays.com\/fi\/127120\/","title":{"rendered":"Rikkin\u00e4inen puhelin-ilmi\u00f6 sekoitti Sodankyl\u00e4n K-Supemarket Pohjant\u00e4hden pys\u00e4k\u00f6intialueen ekopisteen toimintaa"},"content":{"rendered":"<p>                                  Paikallisuutiset<\/p>\n<p>                <img loading=\"lazy\" decoding=\"async\" itemprop=\"contentUrl\" class=\"figure-img img-fluid\"  src=\"https:\/\/www.europesays.com\/fi\/wp-content\/uploads\/2025\/12\/1766844195_246_imengine.public.prod.hil.infomaker.io\" width=\"4000\" height=\"3000\"  alt=\"\"\/><\/p>\n<p>                                    Pohjant\u00e4hden pys\u00e4k\u00f6intialueella on kaupan remontin aikana ekopisteen lis\u00e4ksi rakentajan ty\u00f6maa-alue. Kauppias Mikko Laine toivoo kaikilta osapuolilta ymm\u00e4rryst\u00e4 tilanteeseen.<br \/>\n                                                    Kuva:<br \/>\n                    Tarja Karjalainen<\/p>\n<p class=\"ew-preamble\" itemprop=\"description\">Julkaisemme Sompio luetuimmat 2025 jutut uusintana vuoden vaihteen aikana verkkolehdess\u00e4. T\u00e4m\u00e4 juttu ei ylt\u00e4nyt aivan Top 10 -sarjaan, vaan l\u00f6ytyy sijalta 11. Uutinen julkaistiin Sompion verkkolehdess\u00e4 16. tammikuuta 2025.<\/p>\n<p>      MAINOS &#8211; juttu jatkuu mainoksen j\u00e4lkeen<\/p>\n<p>      MAINOS &#8211; mainos p\u00e4\u00e4ttyy<\/p>\n<p class=\"ew-body\">Pohjant\u00e4hdess\u00e4 alkaneen remontin my\u00f6t\u00e4 samalle alueelle kierr\u00e4tyskontin kanssa on ilmestynyt rakennusliikkeen kontteja. Osan aikaa muovinker\u00e4yss\u00e4ili\u00f6st\u00e4 on ollut s\u00e4hk\u00f6virta pois ja alueelle on kertynyt kierr\u00e4tysmuoveja konttien ulkopuolelle.<\/p>\n<p class=\"ew-body\">Ringin sopimusasiamies Taneli Lumiaron mukaan Kesko on toiv<\/p>\n<p>  <a class=\"btn btn-secondary btn-icon-left\" href=\"#coral_thread\"><br \/>\n    <img decoding=\"async\" src=\"https:\/\/www.sompio.fi\/wp-content\/themes\/hilla-theme\/assets\/img\/icon_comments.svg\" alt=\"\"\/><br \/>\n    Kommentoi<br \/>\n    \u00a0(0)<br \/>\n  <\/a><\/p>\n<p>  <a class=\"btn btn-secondary btn-icon-left mailto_web\" href=\"mailto:toimitus@sompio.fi?subject=Ilmoita%20asiavirheest%C3%A4&amp;body=Otsikko%3A%20Rikkin%C3%A4inen%20puhelin-ilmi%C3%B6%20sekoitti%20Sodankyl%C3%A4n%20K-Supemarket%20Pohjant%C3%A4hden%20pys%C3%A4k%C3%B6intialueen%20ekopisteen%20toimintaa%0AUuid%3A%20acae3a18-086a-4902-a477-12f4b985694e%0AUrl%3A%20https%3A%2F%2Fwww.sompio.fi%2Fartikkeli%2Frikkinainen-puhelin-ilmio-sekoitti-sodankylan-k-supemarket-pohjantahden-pysakointialueen-ekopisteen\"><br \/>\n    <img decoding=\"async\" src=\"https:\/\/www.sompio.fi\/wp-content\/themes\/hilla-theme\/assets\/img\/icon_feedback.svg\" alt=\"\"\/><br \/>\n    Ilmoita asiavirheest\u00e4<br \/>\n  <\/a><\/p>\n","protected":false},"excerpt":{"rendered":"Paikallisuutiset Pohjant\u00e4hden pys\u00e4k\u00f6intialueella on kaupan remontin aikana ekopisteen lis\u00e4ksi rakentajan ty\u00f6maa-alue. Kauppias Mikko Laine toivoo kaikilta osapuolilta ymm\u00e4rryst\u00e4&hellip;\n","protected":false},"author":2,"featured_media":127121,"comment_status":"","ping_status":"","sticky":false,"template":"","format":"standard","meta":{"footnotes":""},"categories":[76],"tags":[79,77,33,31,30,32,78],"class_list":{"0":"post-127120","1":"post","2":"type-post","3":"status-publish","4":"format-standard","5":"has-post-thumbnail","7":"category-talous","8":"tag-business","9":"tag-economy","10":"tag-fi","11":"tag-finland","12":"tag-finnish","13":"tag-suomi","14":"tag-talous"},"share_on_mastodon":{"url":"https:\/\/pubeurope.com\/@fi\/115791908651978243","error":""},"_links":{"self":[{"href":"https:\/\/www.europesays.com\/fi\/wp-json\/wp\/v2\/posts\/127120","targetHints":{"allow":["GET"]}}],"collection":[{"href":"https:\/\/www.europesays.com\/fi\/wp-json\/wp\/v2\/posts"}],"about":[{"href":"https:\/\/www.europesays.com\/fi\/wp-json\/wp\/v2\/types\/post"}],"author":[{"embeddable":true,"href":"https:\/\/www.europesays.com\/fi\/wp-json\/wp\/v2\/users\/2"}],"replies":[{"embeddable":true,"href":"https:\/\/www.europesays.com\/fi\/wp-json\/wp\/v2\/comments?post=127120"}],"version-history":[{"count":0,"href":"https:\/\/www.europesays.com\/fi\/wp-json\/wp\/v2\/posts\/127120\/revisions"}],"wp:featuredmedia":[{"embeddable":true,"href":"https:\/\/www.europesays.com\/fi\/wp-json\/wp\/v2\/media\/127121"}],"wp:attachment":[{"href":"https:\/\/www.europesays.com\/fi\/wp-json\/wp\/v2\/media?parent=127120"}],"wp:term":[{"taxonomy":"category","embeddable":true,"href":"https:\/\/www.europesays.com\/fi\/wp-json\/wp\/v2\/categories?post=127120"},{"taxonomy":"post_tag","embeddable":true,"href":"https:\/\/www.europesays.com\/fi\/wp-json\/wp\/v2\/tags?post=127120"}],"curies":[{"name":"wp","href":"https:\/\/api.w.org\/{rel}","templated":true}]}}