{"id":127128,"date":"2025-12-27T14:18:11","date_gmt":"2025-12-27T14:18:11","guid":{"rendered":"https:\/\/www.europesays.com\/fi\/127128\/"},"modified":"2025-12-27T14:18:11","modified_gmt":"2025-12-27T14:18:11","slug":"maria-jarvenhelmi-palasi-parrasvaloihin-talta-han-nayttaa-nyt","status":"publish","type":"post","link":"https:\/\/www.europesays.com\/fi\/127128\/","title":{"rendered":"Maria J\u00e4rvenhelmi palasi parrasvaloihin \u2013 t\u00e4lt\u00e4 h\u00e4n n\u00e4ytt\u00e4\u00e4 nyt!"},"content":{"rendered":"<p>            Nelonen\n        <\/p>\n<p class=\"subtitle \">Maria J\u00e4rvenhelmi oli 20 vuoden ajan yksi k\u00e4ytetyimpi\u00e4 n\u00e4yttelij\u00f6it\u00e4 eri elokuvissa ja tv-sarjoissa. Viime vuodet ovat kuitenkin olleet hiljaisempia.<\/p>\n<p class=\"article-content article-content-width !bg-background\">Seiska kertoi taannoin, kuinka 2000-luvulla lukemattomissa eri elokuvissa n\u00e4ytellyt  on kadonnut tyystin.<\/p>\n<p class=\"article-content article-content-width !bg-background\">Asiaan vaikuttaa muun muassa se, ettei Maria ole miss\u00e4\u00e4n somessa, jonka kautta ihmiset saisivat tiet\u00e4\u00e4 nyky\u00e4\u00e4n 50-vuotiaan naisen kuulumisista tai t\u00f6ist\u00e4.<\/p>\n<p class=\"article-content article-content-width !bg-background\">Aiemmin syksyll\u00e4 Maria esiintyi kuitenkin muusikko  omassa ohjelmassa Radio Deiss\u00e4.<\/p>\n<p>        <a itemprop=\"url\" href=\"https:\/\/www.seiska.fi\/katso\/minne-katosi-vares-tahti-loytyi-yllattavasta-paikasta\/1992133\" rel=\"nofollow noopener\" target=\"_blank\"><\/p>\n<p>\nL\u00f6ytyi lopulta yll\u00e4tt\u00e4v\u00e4st\u00e4 paikasta!\n<\/p>\n<p class=\"section-date\">\n        <strong class=\"article-section\" data-section=\"katso\"><br \/>\n            katso<br \/>\n        <\/strong><br \/>\n        23.11. 15:15\n    <\/p>\n<p>Minne katosi Vares-t\u00e4hti? L\u00f6ytyi yll\u00e4tt\u00e4v\u00e4st\u00e4 paikasta\n    <\/p>\n<p itemprop=\"description\" class=\"subtitle \">\n    Maria J\u00e4rvenhelmi oli tuttu n\u00e4ky 2000-luvun alusta alkaen useissa eri elokuva- ja tv-tuotannoissa.\n<\/p>\n<p>        <\/a><\/p>\n<p class=\"article-content article-content-width !bg-background\">Tuolloin Maria mainosti muun muassa tulevaa levyjulkkarikeikkaansa Wendela-b\u00e4ndins\u00e4 tiimoilta.<\/p>\n<p>                <img decoding=\"async\" src=\"https:\/\/www.europesays.com\/fi\/wp-content\/uploads\/2025\/12\/2030407.webp\" width=\"576\" height=\"399\" alt=\"Maria J\u00e4rvenhelmen tunnetuimpia rooleja lienee Aki Kaurism\u00e4en laitakaupungin valot -elokuvan femme fatale \u2013 kohtalokas nainen. Marian vieress\u00e4 kyseisen elokuvan p\u00e4\u00e4roolin tekev\u00e4 Janne Hyyti\u00e4inen.\" loading=\"lazy\" \/>            <\/p>\n<p>\n            Maria J\u00e4rvenhelmen tunnetuimpia rooleja lienee Aki Kaurism\u00e4en laitakaupungin valot -elokuvan femme fatale \u2013 kohtalokas nainen. Marian vieress\u00e4 kyseisen elokuvan p\u00e4\u00e4roolin tekev\u00e4 Janne Hyyti\u00e4inen.<br \/>\n            Sputnik Oy\n        <\/p>\n<p> Pink Sun <\/p>\n<p class=\"article-content article-content-width !bg-background\">Nelj\u00e4n hengen pumpussa Maria soittaa pianoa sek\u00e4 laulaa.<\/p>\n<p class=\"article-content article-content-width !bg-background\">Muut j\u00e4senet ovat ,  sek\u00e4 .<\/p>\n<p>\n            Katosin musiikin maailmaan.\n            <\/p>\n<p class=\"article-content article-content-width !bg-background\">My\u00f6s Seiska oli paikalla lauantaina 20. joulukuuta, kun yhtyeen Pink Sun -esikoisalbumia juhlistettiin Tavastian vieress\u00e4 sijaitsevassa intiimiss\u00e4 Semifinaalissa-keikkapaikassa.<\/p>\n<p class=\"article-content article-content-width !bg-background\">Yleis\u00f6\u00e4kin oli paikalla melkoisesti, vaikka yhtyeen somepreesens on toistaiseksi viel\u00e4 melko v\u00e4h\u00e4inen \u2013 jopa vaatimaton.<\/p>\n<p>                <img decoding=\"async\" src=\"https:\/\/www.europesays.com\/fi\/wp-content\/uploads\/2025\/12\/2030373.webp\" width=\"576\" height=\"360\" alt=\"Wendelan levyjulkkarit j\u00e4rjestettiin Semifinaalissa 20. joulukuuta.\" loading=\"lazy\" \/>            <\/p>\n<p>\n            Wendelan levyjulkkarit j\u00e4rjestettiin Semifinaalissa 20. joulukuuta.<br \/>\n            Miikka Kaskinen\n        <\/p>\n<p>Nyt puhuu Maria<\/p>\n<p class=\"article-content article-content-width !bg-background\">Keikan j\u00e4lkeen Seiska sai Marialta tuoreet mietteet el\u00e4m\u00e4st\u00e4\u00e4n.<\/p>\n<p class=\"article-content article-content-width !bg-background\">\u2013 Katosin musiikin maailmaan, Maria vastaa kysymykseen, minne h\u00e4n katosi.<\/p>\n<p>        <a itemprop=\"url\" href=\"https:\/\/www.seiska.fi\/katso\/muistatko-nayttelija-saija-lentosen-talta-han-nayttaa-nyt\/2021424\" rel=\"nofollow noopener\" target=\"_blank\"><\/p>\n<p>\nT\u00e4lt\u00e4 h\u00e4n n\u00e4ytt\u00e4\u00e4 nyt!\n<\/p>\n<p class=\"section-date\">\n        <strong class=\"article-section\" data-section=\"katso\"><br \/>\n            katso<br \/>\n        <\/strong><br \/>\n        14.12. 19:30\n    <\/p>\n<p>Muistatko n\u00e4yttelij\u00e4 Saija Lentosen? T\u00e4lt\u00e4 h\u00e4n n\u00e4ytt\u00e4\u00e4 nyt!\n    <\/p>\n<p itemprop=\"description\" class=\"subtitle \">\n    Saijan el\u00e4m\u00e4ss\u00e4 ovat puhaltaneet viime vuosina uudet tuulet.\n<\/p>\n<p>        <\/a><\/p>\n<p class=\"article-content article-content-width !bg-background\">Oma levy on ollut Marian kertoman mukaan haaveissa jo 1990-luvulta l\u00e4htien.<\/p>\n<p class=\"article-content article-content-width !bg-background\">\u2013 Kuuluisa tarina: pandemia putsasi ty\u00f6t, kuten kaikilta muiltakin, mutta minulla ty\u00f6t eiv\u00e4t ruvenneet t\u00e4yttym\u00e4\u00e4n pandemian j\u00e4lkeen, Maria kertoo viitaten koronavirukseen ja sen aiheuttamiin j\u00e4reisiin toimiin.<\/p>\n<p>                <img decoding=\"async\" src=\"https:\/\/www.europesays.com\/fi\/wp-content\/uploads\/2025\/12\/2030412.webp\" width=\"576\" height=\"269\" alt=\"Maria n\u00e4ytteli Antti Reinin Vares-elokuvissa t\u00e4m\u00e4n naapuria.\" loading=\"lazy\" \/>            <\/p>\n<p>\n            Maria n\u00e4ytteli Antti Reinin Vares-elokuvissa t\u00e4m\u00e4n naapuria.<br \/>\n            Solar Films\n        <\/p>\n<p>&#8221;Ihmisten ilmoilla!&#8221;<\/p>\n<p class=\"article-content article-content-width !bg-background\">Helmikuussa alkavat my\u00f6s jooga- ja pilatesohjaukset.<\/p>\n<p class=\"article-content article-content-width !bg-background\">Tuore juttu joogahommat eiv\u00e4t ole, sill\u00e4 Maria kertoo tehneens\u00e4 sit\u00e4 jo parinkymmenen vuoden ajan.<\/p>\n<p class=\"article-content article-content-width !bg-background\">\u2013 Lis\u00e4ksi olen my\u00f6s urheiluhieroja.<\/p>\n<p>\n            P\u00e4\u00e4rooli t\u00e4nne, kiitos!\n            <\/p>\n<p class=\"article-content article-content-width !bg-background\">Vuonna 2025 some t\u00e4ytt\u00e4\u00e4 kaikkien el\u00e4m\u00e4n: jos et ole somessa, oletko edes olemassa, voi joku vallan ajatella.<\/p>\n<p class=\"article-content article-content-width !bg-background\">Maria kertoo, ettei h\u00e4nell\u00e4 ole t\u00e4n\u00e4k\u00e4\u00e4n p\u00e4iv\u00e4n\u00e4 \u00e4lypuhelinta tai tietokonetta.<\/p>\n<p class=\"article-content article-content-width !bg-background\">\u2013 Mutta nyt meid\u00e4n b\u00e4ndi on somessa, joten min\u00e4kin olen sit\u00e4 kautta ihmisten ilmoilla!<\/p>\n<p>                <img decoding=\"async\" src=\"https:\/\/www.europesays.com\/fi\/wp-content\/uploads\/2025\/12\/2030375.webp\" width=\"576\" height=\"639\" alt=\"50-vuotias Maria voi hyvin siit\u00e4kin huolimatta, ettei h\u00e4n ole somessa \u2013 tai ehk\u00e4 juurikin siit\u00e4 syyst\u00e4.\" loading=\"lazy\" \/>            <\/p>\n<p>\n            50-vuotias Maria voi hyvin siit\u00e4kin huolimatta, ettei h\u00e4n ole somessa \u2013 tai ehk\u00e4 juurikin siit\u00e4 syyst\u00e4.<br \/>\n            Miikka Kaskinen\n        <\/p>\n<p>Esikuvina Pink Floyd<\/p>\n<p class=\"article-content article-content-width !bg-background\">Tavoitteitakin englanniksi laulavalla kvartetilla on.<\/p>\n<p class=\"article-content article-content-width !bg-background\">\u2013 P\u00e4\u00e4st\u00e4 soittamaan Wembleylle!<\/p>\n<p>        <a itemprop=\"url\" href=\"https:\/\/www.seiska.fi\/katso\/muistatko-irina-bjorklundin-talta-han-nayttaa-nyt\/1844738\" rel=\"nofollow noopener\" target=\"_blank\"><\/p>\n<p>\nMuistatko monitaiturin\n<\/p>\n<p class=\"section-date\">\n        <strong class=\"article-section\" data-section=\"katso\"><br \/>\n            katso<br \/>\n        <\/strong><br \/>\n        23.6. 09:15\n    <\/p>\n<p>Muistatko Irina Bj\u00f6rklundin? T\u00e4lt\u00e4 h\u00e4n n\u00e4ytt\u00e4\u00e4 nyt!\n    <\/p>\n<p itemprop=\"description\" class=\"subtitle \">\n    Irina on monilahjakkuus, joka hallitsee muun muassa sahan soittamisen salaisuudet.\n<\/p>\n<p>        <\/a><\/p>\n<p class=\"article-content article-content-width !bg-background\">Kyseess\u00e4 on Englannin jalkapallomaajoukkueen kotistadion, jonne mahtuu konsertteja katsomaan 90 000 ihmist\u00e4.<\/p>\n<p class=\"article-content article-content-width !bg-background\">Musiikillisiksi vaikutteikseen Maria mainitsee muun muassa Pink Floydin sek\u00e4 Black Sabbathin.<\/p>\n<p>                <img decoding=\"async\" src=\"https:\/\/www.europesays.com\/fi\/wp-content\/uploads\/2025\/12\/2030374.webp\" width=\"576\" height=\"639\" alt=\"Maria J\u00e4rvenhelmi kertoo h\u00e4nell\u00e4 olevan yhteys Aki Kaurism\u00e4keen.\" loading=\"lazy\" \/>            <\/p>\n<p>\n            Maria J\u00e4rvenhelmi kertoo h\u00e4nell\u00e4 olevan yhteys Aki Kaurism\u00e4keen.<br \/>\n            Miikka Kaskinen\n        <\/p>\n<p>Rakkautta el\u00e4m\u00e4 tulvillaan<\/p>\n<p class=\"article-content article-content-width !bg-background\">Maria haluaa p\u00e4\u00e4st\u00e4 b\u00e4ndin kanssa soittamaan festareille, mutta tehd\u00e4 my\u00f6s edelleen n\u00e4yttelij\u00e4nt\u00f6it\u00e4.<\/p>\n<p class=\"article-content article-content-width !bg-background\">\u2013 Ei ole tarjottu sopivia rooleja.<\/p>\n<p>\n            Odotan joka p\u00e4iv\u00e4 Aki Kaurism\u00e4en soittoa.\n            <\/p>\n<p class=\"article-content article-content-width !bg-background\">\u2013 P\u00e4\u00e4rooli t\u00e4nne, kiitos, hyv\u00e4ntuulinen Maria hym\u00e4ht\u00e4\u00e4.<\/p>\n<p class=\"article-content article-content-width !bg-background\">Eik\u00e4 haastattelu ole haastattelu ilman kysymyst\u00e4 liittyen siihen kaikkein suurimpaan: rakkauteen.<\/p>\n<p class=\"article-content article-content-width !bg-background\">\u2013 Rakkauttahan on el\u00e4m\u00e4 tulvillaan.<\/p>\n<p class=\"article-content article-content-width !bg-background\">\u2013 Olen edelleen v\u00e4h\u00e4n tiukka n\u00e4iss\u00e4 asioissa, ett\u00e4 kun avaan taiteessa itseni kokonaan, niin on edelleen joitakin sellaisia asioita, joissa haluan pit\u00e4\u00e4 rajan, Maria hiiskuu.<\/p>\n<p class=\"article-content article-content-width !bg-background\">Rakkaudesta p\u00e4\u00e4st\u00e4\u00e4n unelmiin ja unelmarooliin.<\/p>\n<p class=\"article-content article-content-width !bg-background\">\u2013 Odotan joka p\u00e4iv\u00e4  soittoa, Maria p\u00e4\u00e4tt\u00e4\u00e4.<\/p>\n","protected":false},"excerpt":{"rendered":"Nelonen Maria J\u00e4rvenhelmi oli 20 vuoden ajan yksi k\u00e4ytetyimpi\u00e4 n\u00e4yttelij\u00f6it\u00e4 eri elokuvissa ja tv-sarjoissa. Viime vuodet ovat kuitenkin&hellip;\n","protected":false},"author":2,"featured_media":127129,"comment_status":"","ping_status":"","sticky":false,"template":"","format":"standard","meta":{"footnotes":""},"categories":[136],"tags":[9926,407,155,137,33,31,30,408,19005,22534,22532,32,109,22533],"class_list":{"0":"post-127128","1":"post","2":"type-post","3":"status-publish","4":"format-standard","5":"has-post-thumbnail","7":"category-julkkikset","8":"tag-aki-kaurismaki","9":"tag-celebrities","10":"tag-elokuvat","11":"tag-entertainment","12":"tag-fi","13":"tag-finland","14":"tag-finnish","15":"tag-julkkikset","16":"tag-maria-jarvenhelmi","17":"tag-pink-floyd","18":"tag-pink-sun","19":"tag-suomi","20":"tag-viihde","21":"tag-wendela"},"share_on_mastodon":{"url":"https:\/\/pubeurope.com\/@fi\/115791967857904859","error":""},"_links":{"self":[{"href":"https:\/\/www.europesays.com\/fi\/wp-json\/wp\/v2\/posts\/127128","targetHints":{"allow":["GET"]}}],"collection":[{"href":"https:\/\/www.europesays.com\/fi\/wp-json\/wp\/v2\/posts"}],"about":[{"href":"https:\/\/www.europesays.com\/fi\/wp-json\/wp\/v2\/types\/post"}],"author":[{"embeddable":true,"href":"https:\/\/www.europesays.com\/fi\/wp-json\/wp\/v2\/users\/2"}],"replies":[{"embeddable":true,"href":"https:\/\/www.europesays.com\/fi\/wp-json\/wp\/v2\/comments?post=127128"}],"version-history":[{"count":0,"href":"https:\/\/www.europesays.com\/fi\/wp-json\/wp\/v2\/posts\/127128\/revisions"}],"wp:featuredmedia":[{"embeddable":true,"href":"https:\/\/www.europesays.com\/fi\/wp-json\/wp\/v2\/media\/127129"}],"wp:attachment":[{"href":"https:\/\/www.europesays.com\/fi\/wp-json\/wp\/v2\/media?parent=127128"}],"wp:term":[{"taxonomy":"category","embeddable":true,"href":"https:\/\/www.europesays.com\/fi\/wp-json\/wp\/v2\/categories?post=127128"},{"taxonomy":"post_tag","embeddable":true,"href":"https:\/\/www.europesays.com\/fi\/wp-json\/wp\/v2\/tags?post=127128"}],"curies":[{"name":"wp","href":"https:\/\/api.w.org\/{rel}","templated":true}]}}