{"id":127132,"date":"2025-12-27T14:25:13","date_gmt":"2025-12-27T14:25:13","guid":{"rendered":"https:\/\/www.europesays.com\/fi\/127132\/"},"modified":"2025-12-27T14:25:13","modified_gmt":"2025-12-27T14:25:13","slug":"seuraamme-jyp-ja-karpat-kohtaavat-oulussa-kuuntele-radiosta-seuraa-tilannetta-tulospalvelusta-keskisuomalainen","status":"publish","type":"post","link":"https:\/\/www.europesays.com\/fi\/127132\/","title":{"rendered":"Seuraamme | JYP ja K\u00e4rp\u00e4t kohtaavat Oulussa \u2013 kuuntele radiosta, seuraa tilannetta tulospalvelusta &#8211; Keskisuomalainen"},"content":{"rendered":"<ol>\n<li><a href=\"https:\/\/news.google.com\/rss\/articles\/CBMiS0FVX3lxTFBRZTJ0MjFSMVVXek9vOHg2WkMySFFMMDhDQ3VPY1p4Yl9qUlhEWXcxZjNsclNjaTBCbHA2Q0RwZ2VSeFkyU01yMlc5VQ?oc=5\" target=\"_blank\" rel=\"nofollow noopener\">Seuraamme | JYP ja K\u00e4rp\u00e4t kohtaavat Oulussa \u2013 kuuntele radiosta, seuraa tilannetta tulospalvelusta<\/a>&nbsp;&nbsp;Keskisuomalainen<\/li>\n<li><a href=\"https:\/\/news.google.com\/rss\/articles\/CBMiUEFVX3lxTFA1bjNmZ0t4ZUlSTm8teG5FY0RlTTdQYjZ5VHJ0UmVaMUJIY0w4Y1gxMDZQcWYzYUZaUXNteHBKOUg0NHBjeWxNdF94S3FRUWta?oc=5\" target=\"_blank\" rel=\"nofollow noopener\">JYP karkasi ja suli, mutta ei panikoinut \u2013 &#8221;K\u00e4vimme asioita l\u00e4pi. Hillitysti ja m\u00e4\u00e4r\u00e4tietoisesti&#8221; | Keski-Suomi<\/a>&nbsp;&nbsp;Keskisuomalainen<\/li>\n<li><a href=\"https:\/\/news.google.com\/rss\/articles\/CBMiS0FVX3lxTFA5QktEY0kxRlhkOWNTZlM1Nk1MRzlDT0RyMUMxRmNIXzdTakhORkNDR1k3OGw4VDFqRUFXWFFOQ3U4REhRaVF3Si0xcw?oc=5\" target=\"_blank\" rel=\"nofollow noopener\">Otteluennakko: K\u00e4rp\u00e4t-JYP | Sel\u00e4kk\u00e4in-pelien kakkososassa outoja muutoksia &#8211; K\u00e4rp\u00e4t saa ykk\u00f6svahtinsa takaisin<\/a>&nbsp;&nbsp;Keskisuomalainen<\/li>\n<li><a href=\"https:\/\/news.google.com\/rss\/articles\/CBMiiAFBVV95cUxObjRJaVRTTHBBS2NaQjhFSnkwbVhhX3dOTHF5SmQ2TXJvZjF3WTVLTTVUbU5pY3NoNnFvTWFrbnZXajE5LWxxUlQ0REtvSk9KeV8tNC1JZUFUbHlqZm5jY1FmRHowMEtvVG5vRzZibnVKWUtVaDh4LUxKWE1Xamx1aW9URWl1eDB2?oc=5\" target=\"_blank\" rel=\"nofollow noopener\">Toisen er\u00e4n ihmeelliset tapahtumat ja kiri eiv\u00e4t kantaneet K\u00e4rppi\u00e4 voittoon \u2013 \u201cEn usko, ett\u00e4 h\u00e4n tuollaista tahallaan teki\u201d<\/a>&nbsp;&nbsp;Kaleva<\/li>\n<li><a href=\"https:\/\/news.google.com\/rss\/articles\/CBMiSkFVX3lxTE5aNExMQTFteEgyQ1BfTlRldFI0SGZyOVYxQjA5OFBvcS1LV2dmeS1WeXJ5NkhPNjQxaEVaSVJnM0UwQmZNUE1femp3?oc=5\" target=\"_blank\" rel=\"nofollow noopener\">Viljami Nieminen onnistui heti \u2013 sinet\u00f6i JYPin voiton<\/a>&nbsp;&nbsp;Etel\u00e4-Suomen Sanomat<\/li>\n<\/ol>\n","protected":false},"excerpt":{"rendered":"Seuraamme | JYP ja K\u00e4rp\u00e4t kohtaavat Oulussa \u2013 kuuntele radiosta, seuraa tilannetta tulospalvelusta&nbsp;&nbsp;Keskisuomalainen JYP karkasi ja suli, mutta&hellip;\n","protected":false},"author":2,"featured_media":127133,"comment_status":"","ping_status":"","sticky":false,"template":"","format":"standard","meta":{"footnotes":""},"categories":[158],"tags":[33,31,30,4820,3822,763,41,1616,979,159,32,397,1145,160],"class_list":{"0":"post-127132","1":"post","2":"type-post","3":"status-publish","4":"format-standard","5":"has-post-thumbnail","7":"category-urheilu","8":"tag-fi","9":"tag-finland","10":"tag-finnish","11":"tag-jaakiekon-sm-liiga","12":"tag-jyp","13":"tag-kulttuuri-ja-viihde","14":"tag-liikunta-ja-urheilu","15":"tag-media-viestinta","16":"tag-sahkoinen-media","17":"tag-sports","18":"tag-suomi","19":"tag-taide","20":"tag-talviurheilu","21":"tag-urheilu"},"share_on_mastodon":{"url":"https:\/\/pubeurope.com\/@fi\/115791994847109192","error":""},"_links":{"self":[{"href":"https:\/\/www.europesays.com\/fi\/wp-json\/wp\/v2\/posts\/127132","targetHints":{"allow":["GET"]}}],"collection":[{"href":"https:\/\/www.europesays.com\/fi\/wp-json\/wp\/v2\/posts"}],"about":[{"href":"https:\/\/www.europesays.com\/fi\/wp-json\/wp\/v2\/types\/post"}],"author":[{"embeddable":true,"href":"https:\/\/www.europesays.com\/fi\/wp-json\/wp\/v2\/users\/2"}],"replies":[{"embeddable":true,"href":"https:\/\/www.europesays.com\/fi\/wp-json\/wp\/v2\/comments?post=127132"}],"version-history":[{"count":0,"href":"https:\/\/www.europesays.com\/fi\/wp-json\/wp\/v2\/posts\/127132\/revisions"}],"wp:featuredmedia":[{"embeddable":true,"href":"https:\/\/www.europesays.com\/fi\/wp-json\/wp\/v2\/media\/127133"}],"wp:attachment":[{"href":"https:\/\/www.europesays.com\/fi\/wp-json\/wp\/v2\/media?parent=127132"}],"wp:term":[{"taxonomy":"category","embeddable":true,"href":"https:\/\/www.europesays.com\/fi\/wp-json\/wp\/v2\/categories?post=127132"},{"taxonomy":"post_tag","embeddable":true,"href":"https:\/\/www.europesays.com\/fi\/wp-json\/wp\/v2\/tags?post=127132"}],"curies":[{"name":"wp","href":"https:\/\/api.w.org\/{rel}","templated":true}]}}