{"id":127134,"date":"2025-12-27T14:26:09","date_gmt":"2025-12-27T14:26:09","guid":{"rendered":"https:\/\/www.europesays.com\/fi\/127134\/"},"modified":"2025-12-27T14:26:09","modified_gmt":"2025-12-27T14:26:09","slug":"tyler-perrylle-jalleen-syyte-seksuaalisesta-ahdistelusta-jo-toinen-nayttelija-tullut-esiin","status":"publish","type":"post","link":"https:\/\/www.europesays.com\/fi\/127134\/","title":{"rendered":"Tyler Perrylle j\u00e4lleen syyte seksuaalisesta ahdistelusta \u2013\u00a0Jo toinen n\u00e4yttelij\u00e4 tullut esiin"},"content":{"rendered":"<p>Ohjaaja, n\u00e4yttelij\u00e4 ja tuottaja <strong>Tyler Perry <\/strong>on saanut j\u00e4lleen syyt\u00f6ksen seksuaalisesta ahdistelusta, <a href=\"https:\/\/www.hollywoodreporter.com\/news\/general-news\/tyler-perry-sued-sexual-assault-new-lawsuit-boo-a-madea-halloween-actor-1236459634\/\" rel=\"nofollow noopener\" target=\"_blank\">Hollywood Reporter<\/a> uutisoi.<\/p>\n<p>Aiemmin Perryn Ruthless ja The Oval -elokuvissa n\u00e4hty <strong>Derek Dixon<\/strong> syytti h\u00e4nt\u00e4, nyt Boo! A Madea Halloweenissa n\u00e4hty <strong>Mario Rodriguez<\/strong> v\u00e4itt\u00e4\u00e4, ett\u00e4 viihdemoguli on ahdistellut h\u00e4nt\u00e4 usean kerran monen vuoden aikana Los Angelesin kodissaan.<\/p>\n<p>Rodriguez nosti syytteen oikeudessa. H\u00e4n v\u00e4itt\u00e4\u00e4 muun muassa, ett\u00e4 Perry on tarttunut h\u00e4nen peniksest\u00e4\u00e4n kiinni.<\/p>\n<p>Perry on kiist\u00e4nyt syyt\u00f6kset.<\/p>\n<p><a href=\"https:\/\/www.episodi.fi\/uutiset\/satojen-miljoonien-kanne-ohjaaja-nayttelija-tyler-perrya-syytetaan-seksuaalisesta-hairinnasta\/\" rel=\"nofollow noopener\" target=\"_blank\">Lue my\u00f6s: Satojen miljoonien kanne: ohjaaja-n\u00e4yttelij\u00e4 Tyler Perry\u00e4 syytet\u00e4\u00e4n seksuaalisesta h\u00e4irinn\u00e4st\u00e4<\/a><\/p>\n<p>Lue my\u00f6s: <a href=\"https:\/\/www.episodi.fi\/uutiskirje\/?uutiskirjemainos=tekstilinkkimainos\" title=\"Tilaa Episodin uutiskirje ja voit voittaa leffalippuja! Nappaa tv-vinkit suoraan s\u00e4hk\u00f6postiin t\u00e4st\u00e4.\" class=\"underline-custom !font-montserrat !font-bold !underline-offset-4 !decoration-4 !decoration-episodi-blue !text-md\" rel=\"nofollow noopener\" target=\"_blank\">Tilaa Episodin uutiskirje ja voit voittaa leffalippuja! Nappaa katseluvinkit suoraan s\u00e4hk\u00f6postiin t\u00e4st\u00e4.<\/a><\/p>\n","protected":false},"excerpt":{"rendered":"Ohjaaja, n\u00e4yttelij\u00e4 ja tuottaja Tyler Perry on saanut j\u00e4lleen syyt\u00f6ksen seksuaalisesta ahdistelusta, Hollywood Reporter uutisoi. Aiemmin Perryn Ruthless&hellip;\n","protected":false},"author":2,"featured_media":127135,"comment_status":"","ping_status":"","sticky":false,"template":"","format":"standard","meta":{"footnotes":""},"categories":[130],"tags":[137,33,31,30,6302,4796,32,22535,109],"class_list":{"0":"post-127134","1":"post","2":"type-post","3":"status-publish","4":"format-standard","5":"has-post-thumbnail","7":"category-viihde","8":"tag-entertainment","9":"tag-fi","10":"tag-finland","11":"tag-finnish","12":"tag-ignostot","13":"tag-seksuaalinen-ahdistelu","14":"tag-suomi","15":"tag-tyler-perry","16":"tag-viihde"},"share_on_mastodon":{"url":"https:\/\/pubeurope.com\/@fi\/115791998676344131","error":""},"_links":{"self":[{"href":"https:\/\/www.europesays.com\/fi\/wp-json\/wp\/v2\/posts\/127134","targetHints":{"allow":["GET"]}}],"collection":[{"href":"https:\/\/www.europesays.com\/fi\/wp-json\/wp\/v2\/posts"}],"about":[{"href":"https:\/\/www.europesays.com\/fi\/wp-json\/wp\/v2\/types\/post"}],"author":[{"embeddable":true,"href":"https:\/\/www.europesays.com\/fi\/wp-json\/wp\/v2\/users\/2"}],"replies":[{"embeddable":true,"href":"https:\/\/www.europesays.com\/fi\/wp-json\/wp\/v2\/comments?post=127134"}],"version-history":[{"count":0,"href":"https:\/\/www.europesays.com\/fi\/wp-json\/wp\/v2\/posts\/127134\/revisions"}],"wp:featuredmedia":[{"embeddable":true,"href":"https:\/\/www.europesays.com\/fi\/wp-json\/wp\/v2\/media\/127135"}],"wp:attachment":[{"href":"https:\/\/www.europesays.com\/fi\/wp-json\/wp\/v2\/media?parent=127134"}],"wp:term":[{"taxonomy":"category","embeddable":true,"href":"https:\/\/www.europesays.com\/fi\/wp-json\/wp\/v2\/categories?post=127134"},{"taxonomy":"post_tag","embeddable":true,"href":"https:\/\/www.europesays.com\/fi\/wp-json\/wp\/v2\/tags?post=127134"}],"curies":[{"name":"wp","href":"https:\/\/api.w.org\/{rel}","templated":true}]}}