{"id":127138,"date":"2025-12-27T14:30:15","date_gmt":"2025-12-27T14:30:15","guid":{"rendered":"https:\/\/www.europesays.com\/fi\/127138\/"},"modified":"2025-12-27T14:30:15","modified_gmt":"2025-12-27T14:30:15","slug":"yhdysvaltojen-hyokkays-gronlantiin-olisi-naton-loppu","status":"publish","type":"post","link":"https:\/\/www.europesays.com\/fi\/127138\/","title":{"rendered":"Yhdysvaltojen hy\u00f6kk\u00e4ys Gr\u00f6nlantiin olisi Naton loppu"},"content":{"rendered":"<p>HS-analyysi|Jos Yhdysvallat hy\u00f6kk\u00e4isi Gr\u00f6nlantiin, Suomi ajautuisi keskelle painajaismaista soppaa, kirjoittaa HS:n ulkomaantoimittaja Pekka Mykk\u00e4nen.<\/p>\n<p class=\"article-body mb-nof-24 px-nof-16\">\u201dMeid\u00e4n on saatava se.\u201d<\/p>\n<p class=\"article-body mb-nof-24 px-nof-16\">N\u00e4in <a class=\"underline underline-offset-[0.12em] [text-decoration-thickness:var(--generic-link-underline-thickness)] [text-decoration-color:var(--generic-link-underline-color)] [text-decoration-skip-ink:var(--generic-link-underline-skip-ink)] break-words\" href=\"https:\/\/www.bbc.com\/news\/articles\/ckgmd132ge4o\" rel=\"nofollow noopener\" target=\"_blank\">sanoi<\/a> Yhdysvaltain presidentti <a class=\"article-personlink\" href=\"https:\/\/www.hs.fi\/haku\/?query=Donald%20Trump\" rel=\"nofollow noopener\" target=\"_blank\">Donald Trump<\/a> joulun alla viime maanantaina. H\u00e4n viittasi Gr\u00f6nlannin saareen, joka kuuluu Tanskalle ja jota Trump on aiemminkin ilmaissut himoitsevansa.<\/p>\n<p class=\"article-body mb-nof-24 px-nof-16\">P\u00e4iv\u00e4\u00e4 aiemmin Trump nimitti Louisianan kuvern\u00f6\u00f6rin <a class=\"article-personlink\" href=\"https:\/\/www.hs.fi\/haku\/?query=Jeff%20Landryn\" rel=\"nofollow noopener\" target=\"_blank\">Jeff Landryn<\/a> Gr\u00f6nlannin erityisl\u00e4hettil\u00e4\u00e4ksi. Landry <a class=\"underline underline-offset-[0.12em] [text-decoration-thickness:var(--generic-link-underline-thickness)] [text-decoration-color:var(--generic-link-underline-color)] [text-decoration-skip-ink:var(--generic-link-underline-skip-ink)] break-words\" href=\"https:\/\/x.com\/LAGovJeffLandry\/status\/2002950029494124986?s=20\" rel=\"nofollow\">ilmoitti<\/a>, ett\u00e4 h\u00e4nen ty\u00f6nkuvaansa kuuluu Gr\u00f6nlannin liitt\u00e4minen Yhdysvaltoihin.<\/p>\n","protected":false},"excerpt":{"rendered":"HS-analyysi|Jos Yhdysvallat hy\u00f6kk\u00e4isi Gr\u00f6nlantiin, Suomi ajautuisi keskelle painajaismaista soppaa, kirjoittaa HS:n ulkomaantoimittaja Pekka Mykk\u00e4nen. \u201dMeid\u00e4n on saatava se.\u201d&hellip;\n","protected":false},"author":2,"featured_media":127139,"comment_status":"","ping_status":"","sticky":false,"template":"","format":"standard","meta":{"footnotes":""},"categories":[14],"tags":[22,23,26,27,33,31,30,17,46,24,25,28,29,15,18,21,32,19,20,56,16,59,60,61],"class_list":{"0":"post-127138","1":"post","2":"type-post","3":"status-publish","4":"format-standard","5":"has-post-thumbnail","7":"category-ulkomaat","8":"tag-breaking-news","9":"tag-breakingnews","10":"tag-featured-news","11":"tag-featurednews","12":"tag-fi","13":"tag-finland","14":"tag-finnish","15":"tag-headlines","16":"tag-helsingin-sanomat","17":"tag-latest-news","18":"tag-latestnews","19":"tag-main-news","20":"tag-mainnews","21":"tag-news","22":"tag-otsikot","23":"tag-paauutiset","24":"tag-suomi","25":"tag-top-stories","26":"tag-topstories","27":"tag-ulkomaat","28":"tag-uutiset","29":"tag-world","30":"tag-world-news","31":"tag-worldnews"},"share_on_mastodon":{"url":"https:\/\/pubeurope.com\/@fi\/115792014510145421","error":""},"_links":{"self":[{"href":"https:\/\/www.europesays.com\/fi\/wp-json\/wp\/v2\/posts\/127138","targetHints":{"allow":["GET"]}}],"collection":[{"href":"https:\/\/www.europesays.com\/fi\/wp-json\/wp\/v2\/posts"}],"about":[{"href":"https:\/\/www.europesays.com\/fi\/wp-json\/wp\/v2\/types\/post"}],"author":[{"embeddable":true,"href":"https:\/\/www.europesays.com\/fi\/wp-json\/wp\/v2\/users\/2"}],"replies":[{"embeddable":true,"href":"https:\/\/www.europesays.com\/fi\/wp-json\/wp\/v2\/comments?post=127138"}],"version-history":[{"count":0,"href":"https:\/\/www.europesays.com\/fi\/wp-json\/wp\/v2\/posts\/127138\/revisions"}],"wp:featuredmedia":[{"embeddable":true,"href":"https:\/\/www.europesays.com\/fi\/wp-json\/wp\/v2\/media\/127139"}],"wp:attachment":[{"href":"https:\/\/www.europesays.com\/fi\/wp-json\/wp\/v2\/media?parent=127138"}],"wp:term":[{"taxonomy":"category","embeddable":true,"href":"https:\/\/www.europesays.com\/fi\/wp-json\/wp\/v2\/categories?post=127138"},{"taxonomy":"post_tag","embeddable":true,"href":"https:\/\/www.europesays.com\/fi\/wp-json\/wp\/v2\/tags?post=127138"}],"curies":[{"name":"wp","href":"https:\/\/api.w.org\/{rel}","templated":true}]}}