{"id":127158,"date":"2025-12-27T14:57:09","date_gmt":"2025-12-27T14:57:09","guid":{"rendered":"https:\/\/www.europesays.com\/fi\/127158\/"},"modified":"2025-12-27T14:57:09","modified_gmt":"2025-12-27T14:57:09","slug":"kittilassa-matkustajakone-ja-pienkone-ajautuivat-lumipenkkaan-kovan-tuulen-takia-uutisia-lyhyesti","status":"publish","type":"post","link":"https:\/\/www.europesays.com\/fi\/127158\/","title":{"rendered":"Kittil\u00e4ss\u00e4 matkustajakone ja pienkone ajautuivat lumipenkkaan kovan tuulen takia | Uutisia lyhyesti"},"content":{"rendered":"<p class=\"aw-1gybjub aw-5vja16 kEtdKx kmuxyA yle__article__paragraph\">Paikalle on h\u00e4lytetty kymmenen pelastusajoneuvoa.<\/p>\n<p><img decoding=\"async\" alt=\"Kittil\u00e4n lentoaseman sis\u00e4\u00e4nk\u00e4ynti.\" src=\"https:\/\/www.europesays.com\/fi\/wp-content\/uploads\/2025\/12\/39-1574756694feeef21844.jpeg\" class=\"aw-1l9m598 hKVVvP\"\/><\/p>\n<p>Avaa kuvien katselu<\/p>\n<p>Kittil\u00e4n lentoaseman sis\u00e4\u00e4nk\u00e4ynti. Arkistokuva vuodelta 2023. Kuva: Aku H\u00e4yrynen \/ Lehtikuva<\/p>\n<p>16:26\u2022P\u00e4ivitetty 16:55<\/p>\n<p class=\"aw-1gybjub aw-1p7kakr kEtdKx cEmitX yle__article__paragraph\">Kittil\u00e4\u00e4n on annettu h\u00e4lytys suuresta ilmaliikenneonnettomuudesta. Paikalle on h\u00e4lytetty kymmenen pelastusajoneuvoa.<\/p>\n<p class=\"aw-1gybjub aw-1p7kakr kEtdKx cEmitX yle__article__paragraph\">Matkustajakone ja pienkone ovat pelastuslaitoksen mukaan ajautuneet kovan tuulen takia rullaustiell\u00e4 lumipenkkaan, kertoo Lapin pelastuslaitos.<\/p>\n<p class=\"aw-1gybjub aw-1p7kakr kEtdKx cEmitX yle__article__paragraph\">Koneet eiv\u00e4t miss\u00e4\u00e4n vaiheessa t\u00f6rm\u00e4nneet toisiinsa.<\/p>\n<p class=\"aw-1gybjub aw-1p7kakr kEtdKx cEmitX yle__article__paragraph\">Matkustajakoneessa on noin 150 matkustajaa ja pienkoneessa alle 10 matkustajaa. Kukaan ei ole pelastuslaitoksen tietojen mukaan loukkaantunut.<\/p>\n<p class=\"aw-1gybjub aw-1p7kakr kEtdKx cEmitX yle__article__paragraph\">H\u00e4lytys onnettomuudesta tuli kello 16.06.<\/p>\n<p class=\"aw-1gybjub aw-1p7kakr kEtdKx cEmitX yle__article__paragraph\">S\u00e4\u00e4olosuhteet ovat Lapissa t\u00e4ll\u00e4 hetkell\u00e4 huonot, kertoo Ylen meteorologi <strong class=\"aw-ak79eh KyCXm yle__article__strong\">Elias<\/strong> <strong class=\"aw-ak79eh KyCXm yle__article__strong\">Paakkanen<\/strong>.<\/p>\n<p class=\"aw-1gybjub aw-1p7kakr kEtdKx cEmitX yle__article__paragraph\">Uutinen p\u00e4ivittyy<\/p>\n","protected":false},"excerpt":{"rendered":"Paikalle on h\u00e4lytetty kymmenen pelastusajoneuvoa. Avaa kuvien katselu Kittil\u00e4n lentoaseman sis\u00e4\u00e4nk\u00e4ynti. Arkistokuva vuodelta 2023. Kuva: Aku H\u00e4yrynen \/&hellip;\n","protected":false},"author":2,"featured_media":127159,"comment_status":"","ping_status":"","sticky":false,"template":"","format":"standard","meta":{"footnotes":""},"categories":[12],"tags":[22,23,26,27,33,31,30,17,24,25,28,29,15,18,21,32,19,20,16],"class_list":{"0":"post-127158","1":"post","2":"type-post","3":"status-publish","4":"format-standard","5":"has-post-thumbnail","7":"category-suomi","8":"tag-breaking-news","9":"tag-breakingnews","10":"tag-featured-news","11":"tag-featurednews","12":"tag-fi","13":"tag-finland","14":"tag-finnish","15":"tag-headlines","16":"tag-latest-news","17":"tag-latestnews","18":"tag-main-news","19":"tag-mainnews","20":"tag-news","21":"tag-otsikot","22":"tag-paauutiset","23":"tag-suomi","24":"tag-top-stories","25":"tag-topstories","26":"tag-uutiset"},"share_on_mastodon":{"url":"https:\/\/pubeurope.com\/@fi\/115792120982040533","error":""},"_links":{"self":[{"href":"https:\/\/www.europesays.com\/fi\/wp-json\/wp\/v2\/posts\/127158","targetHints":{"allow":["GET"]}}],"collection":[{"href":"https:\/\/www.europesays.com\/fi\/wp-json\/wp\/v2\/posts"}],"about":[{"href":"https:\/\/www.europesays.com\/fi\/wp-json\/wp\/v2\/types\/post"}],"author":[{"embeddable":true,"href":"https:\/\/www.europesays.com\/fi\/wp-json\/wp\/v2\/users\/2"}],"replies":[{"embeddable":true,"href":"https:\/\/www.europesays.com\/fi\/wp-json\/wp\/v2\/comments?post=127158"}],"version-history":[{"count":0,"href":"https:\/\/www.europesays.com\/fi\/wp-json\/wp\/v2\/posts\/127158\/revisions"}],"wp:featuredmedia":[{"embeddable":true,"href":"https:\/\/www.europesays.com\/fi\/wp-json\/wp\/v2\/media\/127159"}],"wp:attachment":[{"href":"https:\/\/www.europesays.com\/fi\/wp-json\/wp\/v2\/media?parent=127158"}],"wp:term":[{"taxonomy":"category","embeddable":true,"href":"https:\/\/www.europesays.com\/fi\/wp-json\/wp\/v2\/categories?post=127158"},{"taxonomy":"post_tag","embeddable":true,"href":"https:\/\/www.europesays.com\/fi\/wp-json\/wp\/v2\/tags?post=127158"}],"curies":[{"name":"wp","href":"https:\/\/api.w.org\/{rel}","templated":true}]}}